{"id":120172,"date":"2025-12-19T01:45:10","date_gmt":"2025-12-19T01:45:10","guid":{"rendered":"https:\/\/www.europesays.com\/fi\/120172\/"},"modified":"2025-12-19T01:45:10","modified_gmt":"2025-12-19T01:45:10","slug":"paakirjoitus-suomeen-alkoi-tulla-isoja-asekauppoja-hs-fi","status":"publish","type":"post","link":"https:\/\/www.europesays.com\/fi\/120172\/","title":{"rendered":"P\u00e4\u00e4kirjoitus | Suomeen alkoi tulla isoja asekauppoja &#8211; HS.fi"},"content":{"rendered":"<ol>\n<li><a href=\"https:\/\/news.google.com\/rss\/articles\/CBMiZ0FVX3lxTE9ad2FmZnZhQzZPM2U0ZmpJMGRhOWNDcHFESUplaE1uYTlaOWxLaWFkaXRwLWE5ZEp0d1Rqa25nbjJJSlo5QmdnbG43OGVYV1JrSjlCN1FsUmFqSWJPMy14djhqWVN5ZDg?oc=5\" target=\"_blank\" rel=\"nofollow noopener\">P\u00e4\u00e4kirjoitus | Suomeen alkoi tulla isoja asekauppoja<\/a>&nbsp;&nbsp;HS.fi<\/li>\n<li><a href=\"https:\/\/news.google.com\/rss\/articles\/CBMiW0FVX3lxTE84TU4wb0Yta3VPUmVQMWZReGpvdnpuSWNQQ2VqcWlNNWNkSV9EMHl6d0pKd1FUd2NMeGdDdjQ1Y2hfcDQyQ05oZlU3b1c1eVo3WWRBcHBFZS1VS00?oc=5\" target=\"_blank\" rel=\"nofollow noopener\">Puolustusteollisuus | Patria otti riskin vuosia sitten, kun muut nukkuivat \u2013 nyt Saksa maksaa siit\u00e4 miljardeja<\/a>&nbsp;&nbsp;HS.fi<\/li>\n<li><a href=\"https:\/\/news.google.com\/rss\/articles\/CBMiQkFVX3lxTE96X1ZiMGhxU0tjZ05mTTJ3UF9WZWpoMEEwMHNTTllxVVpta1hjLS14TnJOMGZGMm5adW5lSlZob3ljdw?oc=5\" target=\"_blank\" rel=\"nofollow noopener\">Patrian historian suurin vaunukauppa allekirjoitettu: arvo optioineen yli 2 miljardia euroa<\/a>&nbsp;&nbsp;Yle<\/li>\n<li><a href=\"https:\/\/news.google.com\/rss\/articles\/CBMiZEFVX3lxTE9oVWlyNE51b1QzRXYtVTF1S1hRR0NDUVpEdEJ5STlrTnA5Q08wby1ZdTA0VWdwZ2owcm5hSXk3OVRRTlNUYU91NUd4YWFIN0V5Ylg2T19kd2xhZmU0ZDRNeUlJT3M?oc=5\" target=\"_blank\" rel=\"nofollow noopener\">Nyt se on varmaa: Saksa tilasi Patrian panssariajoneuvoja miljardikaupalla<\/a>&nbsp;&nbsp;Ilta-Sanomat<\/li>\n<li><a href=\"https:\/\/news.google.com\/rss\/articles\/CBMie0FVX3lxTE1ZWGdKVEJhazZZZVJrb0dtUFlsMjZtYXJzUTZ4Mk8yUDBKbFNQa01TLUhOMjQtYWJpMEIxYVhibDlRQVliMnBjcHhFa245T0xRQWdNTU1kQlVNMU55U1hWUzdLQ19OcTZuajByTnZfRV9Fc252RXViMlMwTQ?oc=5\" target=\"_blank\" rel=\"nofollow noopener\">Nyt jys\u00e4hti isosti, niittaus tuli: \u201dN\u00e4yt\u00e4mme tiet\u00e4 Natolle\u201d, sanoo Saksa \u2013 Aseisiin kymmeni\u00e4 miljardeja<\/a>&nbsp;&nbsp;Uusi Suomi<\/li>\n<\/ol>\n","protected":false},"excerpt":{"rendered":"P\u00e4\u00e4kirjoitus | Suomeen alkoi tulla isoja asekauppoja&nbsp;&nbsp;HS.fi Puolustusteollisuus | Patria otti riskin vuosia sitten, kun muut nukkuivat \u2013&hellip;\n","protected":false},"author":2,"featured_media":16822,"comment_status":"","ping_status":"","sticky":false,"template":"","format":"standard","meta":{"footnotes":""},"categories":[5],"tags":[22,23,26,27,33,31,30,17,46,24,25,28,29,15,18,21,32,19,20,16],"class_list":{"0":"post-120172","1":"post","2":"type-post","3":"status-publish","4":"format-standard","5":"has-post-thumbnail","7":"category-otsikot","8":"tag-breaking-news","9":"tag-breakingnews","10":"tag-featured-news","11":"tag-featurednews","12":"tag-fi","13":"tag-finland","14":"tag-finnish","15":"tag-headlines","16":"tag-helsingin-sanomat","17":"tag-latest-news","18":"tag-latestnews","19":"tag-main-news","20":"tag-mainnews","21":"tag-news","22":"tag-otsikot","23":"tag-paauutiset","24":"tag-suomi","25":"tag-top-stories","26":"tag-topstories","27":"tag-uutiset"},"share_on_mastodon":{"url":"https:\/\/pubeurope.com\/@fi\/115743707935957757","error":""},"_links":{"self":[{"href":"https:\/\/www.europesays.com\/fi\/wp-json\/wp\/v2\/posts\/120172","targetHints":{"allow":["GET"]}}],"collection":[{"href":"https:\/\/www.europesays.com\/fi\/wp-json\/wp\/v2\/posts"}],"about":[{"href":"https:\/\/www.europesays.com\/fi\/wp-json\/wp\/v2\/types\/post"}],"author":[{"embeddable":true,"href":"https:\/\/www.europesays.com\/fi\/wp-json\/wp\/v2\/users\/2"}],"replies":[{"embeddable":true,"href":"https:\/\/www.europesays.com\/fi\/wp-json\/wp\/v2\/comments?post=120172"}],"version-history":[{"count":0,"href":"https:\/\/www.europesays.com\/fi\/wp-json\/wp\/v2\/posts\/120172\/revisions"}],"wp:featuredmedia":[{"embeddable":true,"href":"https:\/\/www.europesays.com\/fi\/wp-json\/wp\/v2\/media\/16822"}],"wp:attachment":[{"href":"https:\/\/www.europesays.com\/fi\/wp-json\/wp\/v2\/media?parent=120172"}],"wp:term":[{"taxonomy":"category","embeddable":true,"href":"https:\/\/www.europesays.com\/fi\/wp-json\/wp\/v2\/categories?post=120172"},{"taxonomy":"post_tag","embeddable":true,"href":"https:\/\/www.europesays.com\/fi\/wp-json\/wp\/v2\/tags?post=120172"}],"curies":[{"name":"wp","href":"https:\/\/api.w.org\/{rel}","templated":true}]}}