{"id":120181,"date":"2025-12-19T02:09:10","date_gmt":"2025-12-19T02:09:10","guid":{"rendered":"https:\/\/www.europesays.com\/fi\/120181\/"},"modified":"2025-12-19T02:09:10","modified_gmt":"2025-12-19T02:09:10","slug":"hs-eu-johtajat-eivat-ole-saaneet-sopua-venajan-varojen-kaytosta","status":"publish","type":"post","link":"https:\/\/www.europesays.com\/fi\/120181\/","title":{"rendered":"HS: EU-johtajat eiv\u00e4t ole saaneet sopua Ven\u00e4j\u00e4n varojen k\u00e4yt\u00f6st\u00e4"},"content":{"rendered":"<p>Mediatietojen mukaan johtajat ryhtyiv\u00e4t arvioimaan toisenlaista ratkaisua, joka perustuisi yhteislainaan.<\/p>\n<p class=\"article-body mb-nof-24 px-nof-16\">EU:n suunnitelma, ett\u00e4 Ven\u00e4j\u00e4n keskuspankin j\u00e4\u00e4dytettyj\u00e4 varoja k\u00e4ytett\u00e4isiin Ukrainan rahoittamiseen, on tyss\u00e4nnyt Brysseliss\u00e4 meneill\u00e4\u00e4n olevassa EU-johtajien huippukokouksessa, kertoo <a class=\"article-genericlink\" href=\"https:\/\/www.hs.fi\/politiikka\/art-2000011703398.html\" rel=\"nofollow noopener\" target=\"_blank\">Helsingin Sanomat<\/a> viitaten kokousl\u00e4hteeseen.<\/p>\n<p class=\"article-body mb-nof-24 px-nof-16\">HS:n l\u00e4hteen mukaan Eurooppa-neuvoston puheenjohtaja <a class=\"article-personlink\" href=\"https:\/\/www.is.fi\/haku\/?query=Antonio%20Costa\" rel=\"nofollow noopener\" target=\"_blank\">Antonio Costa<\/a> sanoi johtajille, ett\u00e4 sotakorvauslainan valmistelu jatkuu, mutta EU on turvautumassa yhteisvelkaan, jotta Ukrainan v\u00e4litt\u00f6m\u00e4t rahoitustarpeet saataisiin katettua.<\/p>\n<p class=\"article-body mb-nof-24 px-nof-16\">Huippukokous piti HS:n mukaan tauon ja arvioi esityst\u00e4. Kokous jatkuu.<\/p>\n<p class=\"article-body mb-nof-24 px-nof-16\">My\u00f6s verkkomedia <a class=\"article-genericlink\" href=\"https:\/\/www.politico.eu\/article\/european-council-summit-ukraine-aid-russian-frozen-assets-live-updates\/\" rel=\"nofollow noopener\" target=\"_blank\">Politico<\/a> kertoi nime\u00e4m\u00e4tt\u00f6m\u00e4\u00e4n EU-l\u00e4hteeseen viitaten, ett\u00e4 huippukokous ei ollut saanut aikaan sopua j\u00e4\u00e4dytettyjen ven\u00e4l\u00e4isvarojen k\u00e4yt\u00f6st\u00e4 ja ett\u00e4 johtajat ryhtyiv\u00e4t arvioimaan yhteislainaan perustuvaa ratkaisua.<\/p>\n<p class=\"article-body mb-nof-24 px-nof-16\">My\u00f6s Politicon l\u00e4hteiden mukaan sotakorvauslainan valmistelu kuitenkin jatkuu eik\u00e4 se ole \u201dkuollut\u201d. Eri vaihtoehtoja on yh\u00e4 p\u00f6yd\u00e4ll\u00e4, mukaan lukien j\u00e4\u00e4dytetyt varat, sanoi yksi l\u00e4hde Politicon mukaan.<\/p>\n<p class=\"article-body mb-nof-24 px-nof-16\">EU:n komissio on ehdottanut, ett\u00e4 EU-maissa olevia Ven\u00e4j\u00e4n keskuspankin j\u00e4\u00e4dytettyj\u00e4 varoja k\u00e4ytett\u00e4isiin sotakorvauslainaan, joka annettaisiin Ukrainalle. Ukrainan tarvitsisi maksaa laina takaisin vain, jos se saisi sotakorvauksia Ven\u00e4j\u00e4lt\u00e4.<\/p>\n<p class=\"article-body mb-nof-24 px-nof-16\">Etenkin Belgia on kuitenkin vastustanut Ven\u00e4j\u00e4n varojen k\u00e4ytt\u00f6\u00e4, koska se pelk\u00e4\u00e4 Ven\u00e4j\u00e4n mahdollisia vastatoimia.<\/p>\n<p class=\"article-body mb-nof-24 px-nof-16\">Vastatoimet ovat riski Belgialle, koska varoista valtaosa on Belgiassa sijaitsevassa arvopaperikeskuksessa Euroclearissa.<\/p>\n<p class=\"article-body mb-nof-24 px-nof-16\">Belgia on toivonut, ett\u00e4 riski\u00e4 jaettaisiin EU-maiden kesken.<\/p>\n","protected":false},"excerpt":{"rendered":"Mediatietojen mukaan johtajat ryhtyiv\u00e4t arvioimaan toisenlaista ratkaisua, joka perustuisi yhteislainaan. EU:n suunnitelma, ett\u00e4 Ven\u00e4j\u00e4n keskuspankin j\u00e4\u00e4dytettyj\u00e4 varoja k\u00e4ytett\u00e4isiin&hellip;\n","protected":false},"author":2,"featured_media":120182,"comment_status":"","ping_status":"","sticky":false,"template":"","format":"standard","meta":{"footnotes":""},"categories":[14],"tags":[22,23,26,27,33,31,30,17,34,24,25,28,29,15,18,21,32,19,20,56,16,59,60,61],"class_list":{"0":"post-120181","1":"post","2":"type-post","3":"status-publish","4":"format-standard","5":"has-post-thumbnail","7":"category-ulkomaat","8":"tag-breaking-news","9":"tag-breakingnews","10":"tag-featured-news","11":"tag-featurednews","12":"tag-fi","13":"tag-finland","14":"tag-finnish","15":"tag-headlines","16":"tag-ilta-sanomat","17":"tag-latest-news","18":"tag-latestnews","19":"tag-main-news","20":"tag-mainnews","21":"tag-news","22":"tag-otsikot","23":"tag-paauutiset","24":"tag-suomi","25":"tag-top-stories","26":"tag-topstories","27":"tag-ulkomaat","28":"tag-uutiset","29":"tag-world","30":"tag-world-news","31":"tag-worldnews"},"share_on_mastodon":{"url":"https:\/\/pubeurope.com\/@fi\/115743802261702740","error":""},"_links":{"self":[{"href":"https:\/\/www.europesays.com\/fi\/wp-json\/wp\/v2\/posts\/120181","targetHints":{"allow":["GET"]}}],"collection":[{"href":"https:\/\/www.europesays.com\/fi\/wp-json\/wp\/v2\/posts"}],"about":[{"href":"https:\/\/www.europesays.com\/fi\/wp-json\/wp\/v2\/types\/post"}],"author":[{"embeddable":true,"href":"https:\/\/www.europesays.com\/fi\/wp-json\/wp\/v2\/users\/2"}],"replies":[{"embeddable":true,"href":"https:\/\/www.europesays.com\/fi\/wp-json\/wp\/v2\/comments?post=120181"}],"version-history":[{"count":0,"href":"https:\/\/www.europesays.com\/fi\/wp-json\/wp\/v2\/posts\/120181\/revisions"}],"wp:featuredmedia":[{"embeddable":true,"href":"https:\/\/www.europesays.com\/fi\/wp-json\/wp\/v2\/media\/120182"}],"wp:attachment":[{"href":"https:\/\/www.europesays.com\/fi\/wp-json\/wp\/v2\/media?parent=120181"}],"wp:term":[{"taxonomy":"category","embeddable":true,"href":"https:\/\/www.europesays.com\/fi\/wp-json\/wp\/v2\/categories?post=120181"},{"taxonomy":"post_tag","embeddable":true,"href":"https:\/\/www.europesays.com\/fi\/wp-json\/wp\/v2\/tags?post=120181"}],"curies":[{"name":"wp","href":"https:\/\/api.w.org\/{rel}","templated":true}]}}