{"id":120200,"date":"2025-12-19T02:37:10","date_gmt":"2025-12-19T02:37:10","guid":{"rendered":"https:\/\/www.europesays.com\/fi\/120200\/"},"modified":"2025-12-19T02:37:10","modified_gmt":"2025-12-19T02:37:10","slug":"brownin-yliopiston-joukkoampumisesta-epailty-on-tunnistettu-mutta-yha-karkuteilla-uutisia-lyhyesti","status":"publish","type":"post","link":"https:\/\/www.europesays.com\/fi\/120200\/","title":{"rendered":"Brownin yliopiston joukkoampumisesta ep\u00e4ilty on tunnistettu, mutta yh\u00e4 karkuteill\u00e4 | Uutisia lyhyesti"},"content":{"rendered":"<p class=\"aw-1gybjub aw-5vja16 kEtdKx kmuxyA yle__article__paragraph\">Yhdysvaltalaismedian mukaan ep\u00e4ilty\u00e4 etsit\u00e4\u00e4n nyt useista osavaltioista.<\/p>\n<p><img decoding=\"async\" alt=\"Poliisiauto seisoo Providencen yliopiston p\u00e4\u00e4portilla.\" src=\"https:\/\/www.europesays.com\/fi\/wp-content\/uploads\/2025\/12\/39-1569445693dfff74179b.jpeg\" class=\"aw-1l9m598 hKVVvP\"\/><\/p>\n<p>Avaa kuvien katselu<\/p>\n<p>Poliisit vartioivat Brownin yliopiston sis\u00e4\u00e4nk\u00e4ynti\u00e4 lauantai-iltana. Kuva: Steven Senne \/ AP \/ Lehtikuva<\/p>\n<p class=\"aw-1gybjub aw-1p7kakr kEtdKx cEmitX yle__article__paragraph\">Yhdysvalloissa viranomaiset ovat tunnistaneet Brownin yliopistolla tapahtuneesta joukkoampumisesta ep\u00e4illyn. Viranomaisl\u00e4hteet ovat kertoneet asiasta yhdysvaltalaismedioille <a class=\"aw-iao6s4 iHOxEa yle__article__link\" href=\"https:\/\/edition.cnn.com\/us\/live-news\/brown-university-shooting-suspect-12-18-25?post-id=cmjbuinju00003b6qk43cff5p&amp;t=1766105752277\" role=\"link\" rel=\"nofollow noopener\" target=\"_blank\">CNN:lle <\/a>ja <a class=\"aw-iao6s4 iHOxEa yle__article__link\" href=\"https:\/\/www.cbsnews.com\/live-updates\/brown-university-mit-manhunt-shootings-may-be-linked\/\" role=\"link\" rel=\"nofollow noopener\" target=\"_blank\">CBS Newsille<\/a>.<\/p>\n<p class=\"aw-1gybjub aw-1p7kakr kEtdKx cEmitX yle__article__paragraph\">Ep\u00e4ilty ampuja on yh\u00e4 karkuteill\u00e4. H\u00e4nest\u00e4 on annettu pid\u00e4tysm\u00e4\u00e4r\u00e4ys, ja CBS Newsin mukaan ep\u00e4ilty\u00e4 etsit\u00e4\u00e4n nyt useista osavaltioista.<\/p>\n<p class=\"aw-1gybjub aw-1p7kakr kEtdKx cEmitX yle__article__paragraph\">Ainakin kaksi ihmist\u00e4 kuoli lauantaina ampumisessa Brownin yliopiston alueella Rhode Islandin osavaltiossa. Lis\u00e4ksi kymmenkunta ihmist\u00e4 haavoittui.<\/p>\n<p class=\"aw-1gybjub aw-1p7kakr kEtdKx cEmitX yle__article__paragraph\">Aiemmin ampumiseen liittyen oli kiinni otettuna mies, joka kuitenkin vapautettiin maanantaina.<\/p>\n","protected":false},"excerpt":{"rendered":"Yhdysvaltalaismedian mukaan ep\u00e4ilty\u00e4 etsit\u00e4\u00e4n nyt useista osavaltioista. Avaa kuvien katselu Poliisit vartioivat Brownin yliopiston sis\u00e4\u00e4nk\u00e4ynti\u00e4 lauantai-iltana. Kuva: Steven&hellip;\n","protected":false},"author":2,"featured_media":120201,"comment_status":"","ping_status":"","sticky":false,"template":"","format":"standard","meta":{"footnotes":""},"categories":[5],"tags":[22,23,26,27,33,31,30,17,24,25,28,29,15,18,21,32,19,20,16],"class_list":{"0":"post-120200","1":"post","2":"type-post","3":"status-publish","4":"format-standard","5":"has-post-thumbnail","7":"category-otsikot","8":"tag-breaking-news","9":"tag-breakingnews","10":"tag-featured-news","11":"tag-featurednews","12":"tag-fi","13":"tag-finland","14":"tag-finnish","15":"tag-headlines","16":"tag-latest-news","17":"tag-latestnews","18":"tag-main-news","19":"tag-mainnews","20":"tag-news","21":"tag-otsikot","22":"tag-paauutiset","23":"tag-suomi","24":"tag-top-stories","25":"tag-topstories","26":"tag-uutiset"},"share_on_mastodon":{"url":"https:\/\/pubeurope.com\/@fi\/115743912600641925","error":""},"_links":{"self":[{"href":"https:\/\/www.europesays.com\/fi\/wp-json\/wp\/v2\/posts\/120200","targetHints":{"allow":["GET"]}}],"collection":[{"href":"https:\/\/www.europesays.com\/fi\/wp-json\/wp\/v2\/posts"}],"about":[{"href":"https:\/\/www.europesays.com\/fi\/wp-json\/wp\/v2\/types\/post"}],"author":[{"embeddable":true,"href":"https:\/\/www.europesays.com\/fi\/wp-json\/wp\/v2\/users\/2"}],"replies":[{"embeddable":true,"href":"https:\/\/www.europesays.com\/fi\/wp-json\/wp\/v2\/comments?post=120200"}],"version-history":[{"count":0,"href":"https:\/\/www.europesays.com\/fi\/wp-json\/wp\/v2\/posts\/120200\/revisions"}],"wp:featuredmedia":[{"embeddable":true,"href":"https:\/\/www.europesays.com\/fi\/wp-json\/wp\/v2\/media\/120201"}],"wp:attachment":[{"href":"https:\/\/www.europesays.com\/fi\/wp-json\/wp\/v2\/media?parent=120200"}],"wp:term":[{"taxonomy":"category","embeddable":true,"href":"https:\/\/www.europesays.com\/fi\/wp-json\/wp\/v2\/categories?post=120200"},{"taxonomy":"post_tag","embeddable":true,"href":"https:\/\/www.europesays.com\/fi\/wp-json\/wp\/v2\/tags?post=120200"}],"curies":[{"name":"wp","href":"https:\/\/api.w.org\/{rel}","templated":true}]}}