{"id":120204,"date":"2025-12-19T02:49:12","date_gmt":"2025-12-19T02:49:12","guid":{"rendered":"https:\/\/www.europesays.com\/fi\/120204\/"},"modified":"2025-12-19T02:49:12","modified_gmt":"2025-12-19T02:49:12","slug":"kups-tahti-sai-vaimonsa-kanssa-kaksoset-edelliset-vuodet-kuopiossa-ovat-olleet-elamani-parhaimmat-savon-sanomat","status":"publish","type":"post","link":"https:\/\/www.europesays.com\/fi\/120204\/","title":{"rendered":"KuPS-t\u00e4hti sai vaimonsa kanssa kaksoset \u2013 &quot;Edelliset vuodet Kuopiossa ovat olleet el\u00e4m\u00e4ni parhaimmat&quot; &#8211; Savon Sanomat"},"content":{"rendered":"<ol>\n<li><a href=\"https:\/\/news.google.com\/rss\/articles\/CBMiVkFVX3lxTE93aVU0Vm5WdmNoeVhKclZOcUhFdGFiWWY5WXFpdzg5cHpxckh6TXZIa0F5alhLbXg2R0F0c3R2TF9iUnBaczRZRzZGdzBOdUxwbVhqVEJn?oc=5\" target=\"_blank\" rel=\"nofollow noopener\">KuPS-t\u00e4hti sai vaimonsa kanssa kaksoset \u2013 &#8221;Edelliset vuodet Kuopiossa ovat olleet el\u00e4m\u00e4ni parhaimmat&#8221;<\/a>&nbsp;&nbsp;Savon Sanomat<\/li>\n<li><a href=\"https:\/\/news.google.com\/rss\/articles\/CBMiWkFVX3lxTE9TMUktV1ZJM1hCUDRwZEtlNVBqdlp0QVk1dF92NW1ZaXlWSXRGU05JM1hyeUVwX0Q5Y25PWkZMek55ZjN1eU9RSkZtSjlnRnZscVFVMkJ6aDVTZw?oc=5\" target=\"_blank\" rel=\"nofollow noopener\">Toimittaja Matti Veijalainen on kuollut \u2013 Teki yli 40-vuotisen uran Imatralla kolmessa eri lehdess\u00e4<\/a>&nbsp;&nbsp;Uutisvuoksi<\/li>\n<li><a href=\"https:\/\/news.google.com\/rss\/articles\/CBMiUEFVX3lxTE13c3hHODBsXzB0MlhjTEdnQWZNVEltOWpiaDNZdWppZEJaalBwaDlOdXZHY3Nrenp5b1FrNjQ2QXU1T3FYQ3AzYVVXbnJwcFhG?oc=5\" target=\"_blank\" rel=\"nofollow noopener\">Muuramen Alko uudistuu tammikuussa \u2013 remontti sulkee myym\u00e4l\u00e4n vajaaksi pariksi viikoksi<\/a>&nbsp;&nbsp;Keskisuomalainen<\/li>\n<li><a href=\"https:\/\/news.google.com\/rss\/articles\/CBMiWEFVX3lxTE5kNXJjeVo3ODFRZnFGVC0xM1dTVUl0ZVdsOHJNdDZYQlNwR0R4TzE2VUhoaUU0bXFCMmtQSi1adFJSWGZyTlZKOVNqZmN0cFB2WHJRRjRxSEc?oc=5\" target=\"_blank\" rel=\"nofollow noopener\">Vierailimme Mikkelin Salakapakassa, jossa siemaillaan &#8221;kovaa teet\u00e4&#8221; saksofonin soidessa<\/a>&nbsp;&nbsp;L\u00e4nsi-Savo<\/li>\n<li><a href=\"https:\/\/news.google.com\/rss\/articles\/CBMiS0FVX3lxTE9VLVlIOGFVYkZHWWxUSEdYWWpIOTRzV1JqTXhNcnZ3c0taamFvU3Z6SUtGWFdFR25Oa3ZEcnNMZENqRE5kbW8temFUMA?oc=5\" target=\"_blank\" rel=\"nofollow noopener\">Jyv\u00e4skyl\u00e4n SM-uinnit k\u00e4ynniss\u00e4 \u2013 katso kaikki l\u00e4hetykset ja tallenteet t\u00e4st\u00e4<\/a>&nbsp;&nbsp;Keskisuomalainen<\/li>\n<\/ol>\n","protected":false},"excerpt":{"rendered":"KuPS-t\u00e4hti sai vaimonsa kanssa kaksoset \u2013 &#8221;Edelliset vuodet Kuopiossa ovat olleet el\u00e4m\u00e4ni parhaimmat&#8221;&nbsp;&nbsp;Savon Sanomat Toimittaja Matti Veijalainen on&hellip;\n","protected":false},"author":2,"featured_media":120205,"comment_status":"","ping_status":"","sticky":false,"template":"","format":"standard","meta":{"footnotes":""},"categories":[136],"tags":[407,137,33,31,30,43,42,1984,408,1132,3221,41,3142,32,109],"class_list":{"0":"post-120204","1":"post","2":"type-post","3":"status-publish","4":"format-standard","5":"has-post-thumbnail","7":"category-julkkikset","8":"tag-celebrities","9":"tag-entertainment","10":"tag-fi","11":"tag-finland","12":"tag-finnish","13":"tag-jalkapallo","14":"tag-jalkapalloon-perustuvat-lajit","15":"tag-jalkapallopelaajat-miehet","16":"tag-julkkikset","17":"tag-kuopio","18":"tag-kuopion-palloseura-kups","19":"tag-liikunta-ja-urheilu","20":"tag-lontoo","21":"tag-suomi","22":"tag-viihde"},"share_on_mastodon":{"url":"https:\/\/pubeurope.com\/@fi\/115743959428395199","error":""},"_links":{"self":[{"href":"https:\/\/www.europesays.com\/fi\/wp-json\/wp\/v2\/posts\/120204","targetHints":{"allow":["GET"]}}],"collection":[{"href":"https:\/\/www.europesays.com\/fi\/wp-json\/wp\/v2\/posts"}],"about":[{"href":"https:\/\/www.europesays.com\/fi\/wp-json\/wp\/v2\/types\/post"}],"author":[{"embeddable":true,"href":"https:\/\/www.europesays.com\/fi\/wp-json\/wp\/v2\/users\/2"}],"replies":[{"embeddable":true,"href":"https:\/\/www.europesays.com\/fi\/wp-json\/wp\/v2\/comments?post=120204"}],"version-history":[{"count":0,"href":"https:\/\/www.europesays.com\/fi\/wp-json\/wp\/v2\/posts\/120204\/revisions"}],"wp:featuredmedia":[{"embeddable":true,"href":"https:\/\/www.europesays.com\/fi\/wp-json\/wp\/v2\/media\/120205"}],"wp:attachment":[{"href":"https:\/\/www.europesays.com\/fi\/wp-json\/wp\/v2\/media?parent=120204"}],"wp:term":[{"taxonomy":"category","embeddable":true,"href":"https:\/\/www.europesays.com\/fi\/wp-json\/wp\/v2\/categories?post=120204"},{"taxonomy":"post_tag","embeddable":true,"href":"https:\/\/www.europesays.com\/fi\/wp-json\/wp\/v2\/tags?post=120204"}],"curies":[{"name":"wp","href":"https:\/\/api.w.org\/{rel}","templated":true}]}}