{"id":120215,"date":"2025-12-19T03:03:10","date_gmt":"2025-12-19T03:03:10","guid":{"rendered":"https:\/\/www.europesays.com\/fi\/120215\/"},"modified":"2025-12-19T03:03:10","modified_gmt":"2025-12-19T03:03:10","slug":"konferenssiliga-saku-savolainen-aimana-viaplaylla","status":"publish","type":"post","link":"https:\/\/www.europesays.com\/fi\/120215\/","title":{"rendered":"Konferenssiliga: Saku Savolainen \u00e4im\u00e4n\u00e4 Viaplaylla"},"content":{"rendered":"<p>Saku Savolainen riemuitsi Selhurst Parkin nurmella.<\/p>\n<p>KuPSin kannattajien marssi Lontoossa.Video: IS<\/p>\n<p class=\"article-body mb-nof-24 px-nof-16\">Crystal Palace\u2013KuPS 2\u20132<\/p>\n<p class=\"article-body mb-nof-24 px-nof-16\">Kuopion Palloseuran oma kasvatti <a class=\"article-personlink\" href=\"https:\/\/www.is.fi\/haku\/?query=Saku%20Savolainen\" rel=\"nofollow noopener\" target=\"_blank\">Saku Savolainen<\/a> p\u00e4\u00e4si torstai-iltana juhlimaan historiallista saavutusta.<\/p>\n<p class=\"article-body mb-nof-24 px-nof-16\">KuPS haki sensaatiomaisen 2\u20132-tasapelin valioliigaseura Crystal Palacen vieraana ja nappasi ensimm\u00e4isen\u00e4 suomalaisseurana paikan Konferenssiliigan pudotuspeleiss\u00e4.<\/p>\n<p class=\"article-body mb-nof-24 px-nof-16\">Ottelun j\u00e4lkeen Savolainen oli ikionnellinen Viaplayn kent\u00e4nlaitahaastattelussa.<\/p>\n<p class=\"article-body mb-nof-24 px-nof-16\">\u2013\u2009Ihan k\u00e4sitt\u00e4m\u00e4t\u00f6nt\u00e4 mink\u00e4lainen matsi. Just oli puhetta ennen pelin alkua, ett\u00e4 alku pit\u00e4\u00e4 selvit\u00e4 ja kaveri tekee hirve\u00e4n maalin alkuun. No perhana, Savolainen puhalteli.<\/p>\n<p class=\"article-body mb-nof-24 px-nof-16\"><a class=\"article-personlink\" href=\"https:\/\/www.is.fi\/haku\/?query=Christantus%20Uche\" rel=\"nofollow noopener\" target=\"_blank\">Christantus Uche<\/a> vei Crystal Palacen ottelun alussa johtoon upealla yl\u00e4nurkkalaukauksella. Toisen jakson alussa <a class=\"article-personlink\" href=\"https:\/\/www.is.fi\/haku\/?query=Piotr%20Parzyszek\" rel=\"nofollow noopener\" target=\"_blank\">Piotr Parzyszek<\/a> tasoitti kamppailun ja melkein heti per\u00e4\u00e4n <a class=\"article-personlink\" href=\"https:\/\/www.is.fi\/haku\/?query=Ibrahim%20Cisse\" rel=\"nofollow noopener\" target=\"_blank\">Ibrahim Cisse<\/a> vei KuPSin johtoon.<\/p>\n<p class=\"article-body mb-nof-24 px-nof-16\">\u2013\u2009Toisen puoliajan alkuun saatiin muutama hyv\u00e4 vastahy\u00f6kk\u00e4ys ja sitten erikoistilannemaali. Se antoi kaikille uskoa, ett\u00e4 me voidaan tehd\u00e4 t\u00e4m\u00e4 viel\u00e4, Savolainen sanoi.<\/p>\n<p><img decoding=\"async\" src=\"https:\/\/www.europesays.com\/fi\/wp-content\/uploads\/2025\/12\/1766113390_633_468.jpg\" alt=\"Saku Savolainen (toinen vas.) ja muut KuPSin pelaajat juhlivat tasoitusmaalia.\" class=\"_Img_1rerz_1\" style=\"aspect-ratio:1.5763546798029557\" loading=\"eager\"\/><\/p>\n<p class=\"article-picture-caption\">Saku Savolainen (toinen vas.) ja muut KuPSin pelaajat juhlivat tasoitusmaalia. Kuva:\u00a0Reuters<\/p>\n<p class=\"article-body mb-nof-24 px-nof-16\">Palace vaihtoi ottelun loppupuolella kent\u00e4lle isot t\u00e4htens\u00e4 ja otti kamppailun haltuunsa. KuPSin urakkaa vaikeutti laitapakki <a class=\"article-personlink\" href=\"https:\/\/www.is.fi\/haku\/?query=Clinton%20Antwin\" rel=\"nofollow noopener\" target=\"_blank\">Clinton Antwin<\/a> ulosajo 73. peliminuutilla.<\/p>\n<p class=\"article-body mb-nof-24 px-nof-16\">\u2013\u2009Sitten viel\u00e4, ettei liian helpoksi mene, niin otettiin punainen tohon ja pistettiin matsi j\u00e4nn\u00e4ksi. Oli kyll\u00e4 melkoinen matsi, Savolainen vitsali.<\/p>\n<p class=\"article-body mb-nof-24 px-nof-16\"><a class=\"article-personlink\" href=\"https:\/\/www.is.fi\/haku\/?query=Justin%20Devenny\" rel=\"nofollow noopener\" target=\"_blank\">Justin Devenny<\/a> puski Palacen tasoihin 76. peliminuutilla ja painoi vimmatusti p\u00e4\u00e4lle. Savolaisen mukaan KuPS sai kuitenkin p\u00e4\u00e4lle \u201dtaistelumoodin\u201d ja selvisi.<\/p>\n","protected":false},"excerpt":{"rendered":"Saku Savolainen riemuitsi Selhurst Parkin nurmella. KuPSin kannattajien marssi Lontoossa.Video: IS Crystal Palace\u2013KuPS 2\u20132 Kuopion Palloseuran oma kasvatti&hellip;\n","protected":false},"author":2,"featured_media":120216,"comment_status":"","ping_status":"","sticky":false,"template":"","format":"standard","meta":{"footnotes":""},"categories":[5],"tags":[22,23,26,27,33,31,30,17,34,24,25,28,29,15,18,21,32,19,20,16],"class_list":{"0":"post-120215","1":"post","2":"type-post","3":"status-publish","4":"format-standard","5":"has-post-thumbnail","7":"category-otsikot","8":"tag-breaking-news","9":"tag-breakingnews","10":"tag-featured-news","11":"tag-featurednews","12":"tag-fi","13":"tag-finland","14":"tag-finnish","15":"tag-headlines","16":"tag-ilta-sanomat","17":"tag-latest-news","18":"tag-latestnews","19":"tag-main-news","20":"tag-mainnews","21":"tag-news","22":"tag-otsikot","23":"tag-paauutiset","24":"tag-suomi","25":"tag-top-stories","26":"tag-topstories","27":"tag-uutiset"},"share_on_mastodon":{"url":"https:\/\/pubeurope.com\/@fi\/115744014742079886","error":""},"_links":{"self":[{"href":"https:\/\/www.europesays.com\/fi\/wp-json\/wp\/v2\/posts\/120215","targetHints":{"allow":["GET"]}}],"collection":[{"href":"https:\/\/www.europesays.com\/fi\/wp-json\/wp\/v2\/posts"}],"about":[{"href":"https:\/\/www.europesays.com\/fi\/wp-json\/wp\/v2\/types\/post"}],"author":[{"embeddable":true,"href":"https:\/\/www.europesays.com\/fi\/wp-json\/wp\/v2\/users\/2"}],"replies":[{"embeddable":true,"href":"https:\/\/www.europesays.com\/fi\/wp-json\/wp\/v2\/comments?post=120215"}],"version-history":[{"count":0,"href":"https:\/\/www.europesays.com\/fi\/wp-json\/wp\/v2\/posts\/120215\/revisions"}],"wp:featuredmedia":[{"embeddable":true,"href":"https:\/\/www.europesays.com\/fi\/wp-json\/wp\/v2\/media\/120216"}],"wp:attachment":[{"href":"https:\/\/www.europesays.com\/fi\/wp-json\/wp\/v2\/media?parent=120215"}],"wp:term":[{"taxonomy":"category","embeddable":true,"href":"https:\/\/www.europesays.com\/fi\/wp-json\/wp\/v2\/categories?post=120215"},{"taxonomy":"post_tag","embeddable":true,"href":"https:\/\/www.europesays.com\/fi\/wp-json\/wp\/v2\/tags?post=120215"}],"curies":[{"name":"wp","href":"https:\/\/api.w.org\/{rel}","templated":true}]}}