{"id":120217,"date":"2025-12-19T03:13:11","date_gmt":"2025-12-19T03:13:11","guid":{"rendered":"https:\/\/www.europesays.com\/fi\/120217\/"},"modified":"2025-12-19T03:13:11","modified_gmt":"2025-12-19T03:13:11","slug":"terhi-anna-wilskan-kolumni-nykyisiin-kodinkoneisiin-ei-ehdi-kiintya-koska-ne-ovat-niin-lyhytikaisia-paakirjoitus-mielipide","status":"publish","type":"post","link":"https:\/\/www.europesays.com\/fi\/120217\/","title":{"rendered":"Terhi-Anna Wilskan kolumni | Nykyisiin kodinkoneisiin ei ehdi kiinty\u00e4, koska ne ovat niin lyhytik\u00e4isi\u00e4 | P\u00e4\u00e4kirjoitus &#038; mielipide"},"content":{"rendered":"<p>L\u00e4hestyv\u00e4 joulu sek\u00e4 Black Friday -kampanjaviikot ovat j\u00e4lleen tarjonneet meille tuvan t\u00e4ydelt\u00e4 elektroniikkaa. Koen t\u00e4m\u00e4n teknologia\u00e4hkyn joka vuosi yht\u00e4 ahdistavana. Vaikka en pid\u00e4 itse\u00e4ni mallikansalaisena kest\u00e4v\u00e4n kulutuksen suhteen, inhoan teknologiaromun tuottamista. Pyrinkin viimeiseen asti v\u00e4ltt\u00e4m\u00e4\u00e4n uusien koneiden ja laitteiden ostamista, mutta v\u00e4lill\u00e4 jokin kone v\u00e4ist\u00e4m\u00e4tt\u00e4 hajoaa. Viime viikolla n\u00e4in k\u00e4vi pyykinpesukoneellemme.<\/p>\n<p>Vaikka mediat ovat viime kuukausina olleet t\u00e4ynn\u00e4 toinen toistaan edullisempia kodinkoneiden ja elektroniikan tarjouksia (miten ne voivatkin myyd\u00e4 niin halvalla?), halusin ehdottomasti korjauttaa pesukoneen.<\/p>\n<p><strong class=\"diks-storyline__impact\">Mieless\u00e4ni oli <\/strong>EU:n vuonna 2024 voimaan tullut Oikeus korjaukseen -asetus. Asetuksen mukaan tekniset laitteet on l\u00e4ht\u00f6kohtaisesti suunniteltava korjattaviksi. Laitteiden valmistajien on tarjottava korjauspalveluja ja varaosia my\u00f6s takuuajan j\u00e4lkeen. Tavoitteena on pident\u00e4\u00e4 laitteiden k\u00e4ytt\u00f6ik\u00e4\u00e4, v\u00e4hent\u00e4\u00e4 j\u00e4tett\u00e4 ja tukea kiertotaloutta.<\/p>\n<p>Uskoin siis laitekorjaajan kykyyn saada kone j\u00e4lleen toimimaan. Toisin kuitenkin k\u00e4vi. Kun korjaaja lopulta saatiin paikalle (pelkk\u00e4 k\u00e4ynti maksoi 158 euroa), arvio oli, ett\u00e4 pesukoneen vika oli vaikeasti korjattava ja kallis.<\/p>\n<p>Varaosia olisi ollut jollain aikataululla saatavilla, mutta osien ja korjauksen yhteissumma olisi noussut yli tuhannen euron. Mielest\u00e4ni hinta oli kohtuuton.<\/p>\n<p><strong class=\"diks-storyline__impact\">Toisin kuin<\/strong> monissa EU-maissa, Suomessa korjauspalvelusta pit\u00e4\u00e4 maksaa t\u00e4ysi arvonlis\u00e4vero. Laitekorjaus ei my\u00f6sk\u00e4\u00e4n kuulu kotitalousv\u00e4hennyksin piiriin. Lis\u00e4ksi varaosat on hinnoiteltu kalliiksi. Teoriassa laitteiden korjaaminen on siis hieno ajatus, mutta kuten monissa muissakin EU-s\u00e4\u00e4d\u00f6ksiss\u00e4, s\u00e4\u00e4nn\u00f6t ja arki eiv\u00e4t kohtaa.<\/p>\n<p>Ongelmaa pahentaa sen, ett\u00e4 nykyiset laitteet kest\u00e4v\u00e4t huomattavasti lyhyemm\u00e4n ajan kuin ennen. Etenkin digilaitteita joutuu uusimaan parin vuoden v\u00e4lein. Kun pohdin uuden pesukoneen ostamista, mieleeni tuli nostalgisia muistoja lapsuudenkotiini 1970-luvun alussa ostetusta v\u00e4ritelevisiosta.<\/p>\n<p>Kyseinen laite palveli yli 25 vuotta, ja sit\u00e4 korjattiin lukuisia kertoja. Viel\u00e4 1990-luvulla se toimi talomme kellarikerroksessa kakkostelevisiona. Sotasukupolveen kuuluneille vanhemmilleni ei olisi tullut mieleenk\u00e4\u00e4n luopua kalliista televisiosta niin kauan kuin sit\u00e4 viel\u00e4 pystyi korjaamaan. Me lapset kiinnyimme laitteeseen aidosti.<\/p>\n<p>\t\t<a class=\"diks-gallery__link\" href=\"https:\/\/i.media.fi\/incoming\/hbf6v7\/5529368.jpg\/alternates\/FREE_1440\/5529368.jpg\" data-thumbnail=\"\" data-sub-html=\"Ennen vanhaan kodinkone kesti jopa kymmeni\u00e4 vuosia. Keskisuomalaisen arkisto\" aria-label=\"Katso isompi kuva\" rel=\"nofollow noopener\" target=\"_blank\"><br \/>\n\t\t\t\t<img class=\"diks-figure__image\" src=\"https:\/\/www.europesays.com\/fi\/wp-content\/uploads\/2025\/12\/5529368.jpg\" loading=\"lazy\" decoding=\"sync\" alt=\"\"\/><\/p>\n<p>\t\t\t<\/a><br \/>\n\t\t\t\t\tEnnen vanhaan kodinkone kesti jopa kymmeni\u00e4 vuosia. Keskisuomalaisen arkisto<\/p>\n<p><strong class=\"diks-storyline__impact\">Nykyisi\u00e4 kodinkoneita<\/strong> ei ole suunniteltu pitk\u00e4aikaisen kiintymyksen kohteiksi. Nyt globaali hintakilpailu ohjaa suunnittelua ja laitteet mitoitetaan kest\u00e4m\u00e4\u00e4n l\u00e4hinn\u00e4 takuuaika. Paradoksaalisesti my\u00f6s energiatehokkuus lyhent\u00e4\u00e4 laitteen k\u00e4ytt\u00f6ik\u00e4\u00e4.<\/p>\n<p><strong class=\"diks-storyline__impact\">Itse jouduin<\/strong> siis ostamaan uuden pesukoneen. Kun kiertelin uusinta teknologiaa pursuavassa kodinkoneliikkeess\u00e4 ja lopulta seisoin valitsemani koneen \u00e4\u00e4rell\u00e4, tunsin k\u00e4rsineeni ahdistavan tappion. J\u00e4rki ja lompakko voittivat, vaikka syd\u00e4n olisi halunnut uskoa korjaamisen ideaan. Kaikesta huolimatta \u2013 tai juuri siksi \u2013 haluan uskoa pitk\u00e4\u00e4n ja onnelliseen yhteiseloon uuden pesukoneeni kanssa.<\/p>\n<p class=\"diks-storyline__additional-information\">Kirjoittaja on kulutuksen ja talouden tutkimukseen erikoistunut Jyv\u00e4skyl\u00e4n yliopiston sosiologian professori.<\/p>\n","protected":false},"excerpt":{"rendered":"L\u00e4hestyv\u00e4 joulu sek\u00e4 Black Friday -kampanjaviikot ovat j\u00e4lleen tarjonneet meille tuvan t\u00e4ydelt\u00e4 elektroniikkaa. Koen t\u00e4m\u00e4n teknologia\u00e4hkyn joka vuosi&hellip;\n","protected":false},"author":2,"featured_media":120218,"comment_status":"","ping_status":"","sticky":false,"template":"","format":"standard","meta":{"footnotes":""},"categories":[86],"tags":[6511,420,33,31,30,426,7206,778,543,421,899,32,91,92,1247],"class_list":{"0":"post-120217","1":"post","2":"type-post","3":"status-publish","4":"format-standard","5":"has-post-thumbnail","7":"category-laitteet","8":"tag-blogit-ja-kolumnit","9":"tag-equipment","10":"tag-fi","11":"tag-finland","12":"tag-finnish","13":"tag-jyvaskylan-yliopisto","14":"tag-kiertotalous","15":"tag-kolumnit","16":"tag-koti-ja-asuminen","17":"tag-laitteet","18":"tag-sisustaminen","19":"tag-suomi","20":"tag-technology","21":"tag-teknologia","22":"tag-televisio"},"share_on_mastodon":{"url":"https:\/\/pubeurope.com\/@fi\/115744054205775562","error":""},"_links":{"self":[{"href":"https:\/\/www.europesays.com\/fi\/wp-json\/wp\/v2\/posts\/120217","targetHints":{"allow":["GET"]}}],"collection":[{"href":"https:\/\/www.europesays.com\/fi\/wp-json\/wp\/v2\/posts"}],"about":[{"href":"https:\/\/www.europesays.com\/fi\/wp-json\/wp\/v2\/types\/post"}],"author":[{"embeddable":true,"href":"https:\/\/www.europesays.com\/fi\/wp-json\/wp\/v2\/users\/2"}],"replies":[{"embeddable":true,"href":"https:\/\/www.europesays.com\/fi\/wp-json\/wp\/v2\/comments?post=120217"}],"version-history":[{"count":0,"href":"https:\/\/www.europesays.com\/fi\/wp-json\/wp\/v2\/posts\/120217\/revisions"}],"wp:featuredmedia":[{"embeddable":true,"href":"https:\/\/www.europesays.com\/fi\/wp-json\/wp\/v2\/media\/120218"}],"wp:attachment":[{"href":"https:\/\/www.europesays.com\/fi\/wp-json\/wp\/v2\/media?parent=120217"}],"wp:term":[{"taxonomy":"category","embeddable":true,"href":"https:\/\/www.europesays.com\/fi\/wp-json\/wp\/v2\/categories?post=120217"},{"taxonomy":"post_tag","embeddable":true,"href":"https:\/\/www.europesays.com\/fi\/wp-json\/wp\/v2\/tags?post=120217"}],"curies":[{"name":"wp","href":"https:\/\/api.w.org\/{rel}","templated":true}]}}