{"id":120219,"date":"2025-12-19T03:15:21","date_gmt":"2025-12-19T03:15:21","guid":{"rendered":"https:\/\/www.europesays.com\/fi\/120219\/"},"modified":"2025-12-19T03:15:21","modified_gmt":"2025-12-19T03:15:21","slug":"kolumni-jeesuksella-voisi-olla-joulussa-jokin-rooli-hs-fi","status":"publish","type":"post","link":"https:\/\/www.europesays.com\/fi\/120219\/","title":{"rendered":"Kolumni | Jeesuksella voisi olla joulussa jokin rooli &#8211; HS.fi"},"content":{"rendered":"<ol>\n<li><a href=\"https:\/\/news.google.com\/rss\/articles\/CBMiZ0FVX3lxTE9Kc29VaHUxb0hYajV1MGlPUkd4dy1taHRpX2JmU2NCNmphUjJWZzNUSmR3bjBsUEw3empOTzlfMkFBS2NNMXZBUjNtSHVNY3drUmtib1pXVGd5bUpUWmMwTVpScHJUQTA?oc=5\" target=\"_blank\" rel=\"nofollow noopener\">Kolumni | Jeesuksella voisi olla joulussa jokin rooli<\/a>&nbsp;&nbsp;HS.fi<\/li>\n<li><a href=\"https:\/\/news.google.com\/rss\/articles\/CBMia0FVX3lxTE5TTGoyck1aZVQ5SzY4QlpvY1FlblNDTjVDblRuODlvdEk1N2RYeDZDa2o3dUJ5Ymt0VnlFYjBBR3hadmN1NTl3MEZycDQ4NWZEc3lZM1Y1cFRJVTVGSE91d2JfOWhKRUdRM25V?oc=5\" target=\"_blank\" rel=\"nofollow noopener\">Teille on syntynyt Vapahtaja<\/a>&nbsp;&nbsp;Kotimaa<\/li>\n<li><a href=\"https:\/\/news.google.com\/rss\/articles\/CBMihgJBVV95cUxPNWhOeFl2RURKSGM2X1k1TWJyN2R2ZldndVNxRjZwY1lUMFJLM05CMnFQR3VubllDU3JhU19CS0RzakotQXhrekFPNk92TzRzOF9HdGZUNUY2b0pBWi1mRkljdjJhVGcwUDdSV3cxZ2FudmFOd08xLUdjNHRpWHZQYVcyWHJwcHAtNUVfTDN5T0I0NndyX3NmVjFEdFF6bWVfRExrRm5wcGtPVGxPQ2NETVhJZEhwaks4aHJ5eEo2bHhqaWdLM0oyZGtjR2RhbFItVXdORlJoYnV3SWhNWnNjRXZ1Q1FDV2RUNkhTSXlmcWZvVS1ScWZGQ1ZQOUd2TFhFMlB2NU9B?oc=5\" target=\"_blank\" rel=\"nofollow noopener\">\u201dJeesuksen syntym\u00e4y\u00f6n\u00e4 raja taivaan ja maan v\u00e4lill\u00e4 murtuu, Jumala syntyy ihmiseksi\u201d, kirjoittaa piispa Kaisamari Hintikka joulutervehdyksess\u00e4\u00e4n<\/a>&nbsp;&nbsp;Kirkko ja kaupunki<\/li>\n<li><a href=\"https:\/\/news.google.com\/rss\/articles\/CBMibEFVX3lxTFBHWkNQSjRWRXFUSlY1WXU1Q3V5NkpfcS0zMkxrZTR5WFlOdFVTT1F6YkROU2JLUTBoSmF1Q2FQRWhZVF93NVROZTRWZ0pRcUN5RXh1VGVxbnotN1Z3OUJhS2pVeXBCVTc3VXJpVA?oc=5\" target=\"_blank\" rel=\"nofollow noopener\">Tervetuloa joulukirkkoon<\/a>&nbsp;&nbsp;Pirkkalainen<\/li>\n<li><a href=\"https:\/\/news.google.com\/rss\/articles\/CBMiqAFBVV95cUxPSmF4eUl6bkFubTVmaU1YMkxlbDJpQ2lqeTY4UWd1U3cxQzRmdGpqbUphRzJUTWo4dkpaZVZ3M0JYY3g0bTNEbjB1VDJWSGU1QmR0VVVrX2t1Und2b01aa3l0UkN1Mzl2dXl3dU42dnVLYlRPUWtOdmF3ajR2R21CY1FsUWZlQ2JBQzQxdnozNlAwOUJ2MDItQnNMVVNsRnEtaUxNLXVfN3U?oc=5\" target=\"_blank\" rel=\"nofollow noopener\">P\u00e4\u00e4kirjoitus: Jumala kehottaa katsomaan pieneen ja osoittamaan rakkautta<\/a>&nbsp;&nbsp;Kirkko ja kaupunki<\/li>\n<\/ol>\n","protected":false},"excerpt":{"rendered":"Kolumni | Jeesuksella voisi olla joulussa jokin rooli&nbsp;&nbsp;HS.fi Teille on syntynyt Vapahtaja&nbsp;&nbsp;Kotimaa \u201dJeesuksen syntym\u00e4y\u00f6n\u00e4 raja taivaan ja maan&hellip;\n","protected":false},"author":2,"featured_media":62810,"comment_status":"","ping_status":"","sticky":false,"template":"","format":"standard","meta":{"footnotes":""},"categories":[136],"tags":[407,137,33,31,30,46,408,32,109],"class_list":{"0":"post-120219","1":"post","2":"type-post","3":"status-publish","4":"format-standard","5":"has-post-thumbnail","7":"category-julkkikset","8":"tag-celebrities","9":"tag-entertainment","10":"tag-fi","11":"tag-finland","12":"tag-finnish","13":"tag-helsingin-sanomat","14":"tag-julkkikset","15":"tag-suomi","16":"tag-viihde"},"share_on_mastodon":{"url":"https:\/\/pubeurope.com\/@fi\/115744061717944168","error":""},"_links":{"self":[{"href":"https:\/\/www.europesays.com\/fi\/wp-json\/wp\/v2\/posts\/120219","targetHints":{"allow":["GET"]}}],"collection":[{"href":"https:\/\/www.europesays.com\/fi\/wp-json\/wp\/v2\/posts"}],"about":[{"href":"https:\/\/www.europesays.com\/fi\/wp-json\/wp\/v2\/types\/post"}],"author":[{"embeddable":true,"href":"https:\/\/www.europesays.com\/fi\/wp-json\/wp\/v2\/users\/2"}],"replies":[{"embeddable":true,"href":"https:\/\/www.europesays.com\/fi\/wp-json\/wp\/v2\/comments?post=120219"}],"version-history":[{"count":0,"href":"https:\/\/www.europesays.com\/fi\/wp-json\/wp\/v2\/posts\/120219\/revisions"}],"wp:featuredmedia":[{"embeddable":true,"href":"https:\/\/www.europesays.com\/fi\/wp-json\/wp\/v2\/media\/62810"}],"wp:attachment":[{"href":"https:\/\/www.europesays.com\/fi\/wp-json\/wp\/v2\/media?parent=120219"}],"wp:term":[{"taxonomy":"category","embeddable":true,"href":"https:\/\/www.europesays.com\/fi\/wp-json\/wp\/v2\/categories?post=120219"},{"taxonomy":"post_tag","embeddable":true,"href":"https:\/\/www.europesays.com\/fi\/wp-json\/wp\/v2\/tags?post=120219"}],"curies":[{"name":"wp","href":"https:\/\/api.w.org\/{rel}","templated":true}]}}