{"id":12022,"date":"2025-08-21T10:24:07","date_gmt":"2025-08-21T10:24:07","guid":{"rendered":"https:\/\/www.europesays.com\/fi\/12022\/"},"modified":"2025-08-21T10:24:07","modified_gmt":"2025-08-21T10:24:07","slug":"latelan-lauri-sai-projektinsa-maaliin-lopputulos-ei-jata-ketaan-kylmaksi","status":"publish","type":"post","link":"https:\/\/www.europesays.com\/fi\/12022\/","title":{"rendered":"Latelan Lauri sai projektinsa maaliin \u2013 lopputulos ei j\u00e4t\u00e4 ket\u00e4\u00e4n kylm\u00e4ksi"},"content":{"rendered":"<p>Lauri Huttusen pitk\u00e4\u00e4n kest\u00e4nyt traktoriprojekti on saatu p\u00e4\u00e4t\u00f6kseen. Latela-tv-sarjasta tuttu mies on n\u00e4hty ajelemassa kylill\u00e4 sinisell\u00e4 Ford-traktorillaan, johon on asennettu kirkkaat valot, vilkut ja muut upeat h\u00e4rp\u00e4kkeet k\u00e4sity\u00f6n\u00e4, made in K\u00e4kisaari. Lopputulos on n\u00e4ytt\u00e4v\u00e4 ja ennen kaikkea toimintakuntoinen.<\/p>\n<p>Projektin vaiheet ulottuvat ainakin kev\u00e4\u00e4seen 2023, jolloin Huttunen viittasi tiett\u00e4v\u00e4sti ensimm\u00e4isen kerran somejulkaisussaan Ford-traktorin kunnostukseen. Tuolloin runkoa alettiin pohjamaalata ja osia irrotettiin. Kes\u00e4ll\u00e4 2023 h\u00e4n kiitti yhteisty\u00f6kumppaneita projektin etenemisest\u00e4 ja kertoi varaosien sek\u00e4 erikoisosien hankinnasta.<\/p>\n<p>Maaliskuussa 2025 Huttunen haki traktoriinsa uudet eturenkaat ja mittatilausvanteet Eurajoelta. Hein\u00e4kuussa samana vuonna Lauri Valkaman YouTube-videoilla n\u00e4htiin, kuinka traktorin alle laitettiin massiiviset renkaat ja siihen asennettiin polttoainetankki. Maalipinta oli tuolloin jo sininen.<\/p>\n<p>Sittemmin Huttunen julkaisi videon, jossa h\u00e4n kertoi Ford-traktorin laiton hidastuneen erilaisten kierre- ja liitinkomponenttien yhteensopivuusongelmien vuoksi. Erityisesti hydrauliikan kierteiden sovittaminen osoittautui vaikeaksi. Aikataulut venyiv\u00e4t, ja esiintyminen suunnitellussa tapahtumassa j\u00e4i v\u00e4liin.<\/p>\n<p>Nyt traktori on saatu ajelukuntoon, ja lopputulos on kulkuneuvo, joka erottuu edukseen kyl\u00e4n raitilla.<\/p>\n<p>Mutta onko t\u00e4m\u00e4 jo liian hieno perunan nostoon?<\/p>\n<p>Katso alta tai <a href=\"https:\/\/www.instagram.com\/p\/DNj0aBgKseR\/\" target=\"_blank\" rel=\"noreferrer noopener nofollow\">t\u00e4st\u00e4<\/a>\/<a href=\"https:\/\/www.instagram.com\/p\/DNQiR1mNSt9\/\" target=\"_blank\" rel=\"noreferrer noopener nofollow\">t\u00e4st\u00e4<\/a> n\u00e4kymi\u00e4.<\/p>\n<p>Uusi sarja alkaa pian<\/p>\n<p>Mit\u00e4 kuuluu tv-projekteille?<\/p>\n<p>Latelan Lauri Huttuselle on tulossa uusi tv-sarja, jossa h\u00e4n ja Sari-Anna\u202f\u201cSarkku\u201d Lepp\u00e4nen esittelev\u00e4t hurjia tulevaisuuden suunnitelmia. Sarja nimelt\u00e4\u00e4n\u202fLaten ja Sarkun hurjat suunnitelmat alkaa tv:ss\u00e4 ja HBO Max -palvelussa 17. syyskuuta 2025<\/p>\n<p>Lue my\u00f6s: <a href=\"https:\/\/www.como.fi\/tilaa-comon-uutiskirje\/\" title=\"Tilaa Comon uutiskirje ja tied\u00e4t mist\u00e4 kahvitauolla puhutaan! Nappaa kotimaan tv-vinkit ja puheenaiheet suoraan s\u00e4hk\u00f6postiin t\u00e4st\u00e4.\" class=\"underline-custom !font-montserrat !font-bold !underline-offset-4 !decoration-4 !decoration-red-600 !text-md\" rel=\"nofollow noopener\" target=\"_blank\">Tilaa Comon uutiskirje ja tied\u00e4t mist\u00e4 kahvitauolla puhutaan! Nappaa kotimaan tv-vinkit ja puheenaiheet suoraan s\u00e4hk\u00f6postiin t\u00e4st\u00e4.<\/a><\/p>\n<p>\t\t\t\t<script async src=\"\/\/www.instagram.com\/embed.js\"><\/script><\/p>\n","protected":false},"excerpt":{"rendered":"Lauri Huttusen pitk\u00e4\u00e4n kest\u00e4nyt traktoriprojekti on saatu p\u00e4\u00e4t\u00f6kseen. Latela-tv-sarjasta tuttu mies on n\u00e4hty ajelemassa kylill\u00e4 sinisell\u00e4 Ford-traktorillaan, johon&hellip;\n","protected":false},"author":2,"featured_media":12023,"comment_status":"","ping_status":"","sticky":false,"template":"","format":"standard","meta":{"footnotes":""},"categories":[136],"tags":[407,137,33,31,30,408,5147,32,109],"class_list":{"0":"post-12022","1":"post","2":"type-post","3":"status-publish","4":"format-standard","5":"has-post-thumbnail","7":"category-julkkikset","8":"tag-celebrities","9":"tag-entertainment","10":"tag-fi","11":"tag-finland","12":"tag-finnish","13":"tag-julkkikset","14":"tag-latela","15":"tag-suomi","16":"tag-viihde"},"share_on_mastodon":{"url":"","error":""},"_links":{"self":[{"href":"https:\/\/www.europesays.com\/fi\/wp-json\/wp\/v2\/posts\/12022","targetHints":{"allow":["GET"]}}],"collection":[{"href":"https:\/\/www.europesays.com\/fi\/wp-json\/wp\/v2\/posts"}],"about":[{"href":"https:\/\/www.europesays.com\/fi\/wp-json\/wp\/v2\/types\/post"}],"author":[{"embeddable":true,"href":"https:\/\/www.europesays.com\/fi\/wp-json\/wp\/v2\/users\/2"}],"replies":[{"embeddable":true,"href":"https:\/\/www.europesays.com\/fi\/wp-json\/wp\/v2\/comments?post=12022"}],"version-history":[{"count":0,"href":"https:\/\/www.europesays.com\/fi\/wp-json\/wp\/v2\/posts\/12022\/revisions"}],"wp:featuredmedia":[{"embeddable":true,"href":"https:\/\/www.europesays.com\/fi\/wp-json\/wp\/v2\/media\/12023"}],"wp:attachment":[{"href":"https:\/\/www.europesays.com\/fi\/wp-json\/wp\/v2\/media?parent=12022"}],"wp:term":[{"taxonomy":"category","embeddable":true,"href":"https:\/\/www.europesays.com\/fi\/wp-json\/wp\/v2\/categories?post=12022"},{"taxonomy":"post_tag","embeddable":true,"href":"https:\/\/www.europesays.com\/fi\/wp-json\/wp\/v2\/tags?post=12022"}],"curies":[{"name":"wp","href":"https:\/\/api.w.org\/{rel}","templated":true}]}}