{"id":120222,"date":"2025-12-19T03:23:11","date_gmt":"2025-12-19T03:23:11","guid":{"rendered":"https:\/\/www.europesays.com\/fi\/120222\/"},"modified":"2025-12-19T03:23:11","modified_gmt":"2025-12-19T03:23:11","slug":"yksikaan-taman-kauden-artisteista-ei-ole-mukana","status":"publish","type":"post","link":"https:\/\/www.europesays.com\/fi\/120222\/","title":{"rendered":"Yksik\u00e4\u00e4n t\u00e4m\u00e4n kauden artisteista ei ole mukana"},"content":{"rendered":"<p>Vain el\u00e4m\u00e4\u00e4 -sarjan 16. tuotantokausi p\u00e4\u00e4ttyy t\u00e4n\u00e4\u00e4n erikoisjaksoon.<\/p>\n<p><img decoding=\"async\" class=\"image image-show image-preview\" src=\"https:\/\/www.europesays.com\/fi\/wp-content\/uploads\/2025\/12\/53aa916c585b454cd07336cfbd8633c0e892c20d0a3c5530c4fd969c80fd4cb7.jpg\" alt=\"\"\/><img decoding=\"async\" class=\"image image-show\" src=\"https:\/\/www.europesays.com\/fi\/wp-content\/uploads\/2025\/12\/1766114591_647_53aa916c585b454cd07336cfbd8633c0e892c20d0a3c5530c4fd969c80fd4cb7.jpg\" alt=\"\"\/><\/p>\n<p>A. W. Yrj\u00e4n\u00e4 esitt\u00e4\u00e4 uuden version CMX:n kappaleesta Punainen komentaja. Esiintyjin\u00e4 vierailevat Hanna Manner ja Amber Shadows. Petri Aho, Sanoma<\/p>\n<p class=\"paragraph\">Vuoden viimeinen Vain el\u00e4m\u00e4\u00e4 -jakso on joulusikerm\u00e4. Vaikka se p\u00e4\u00e4tt\u00e4\u00e4 virallisesti 16. tuotantokauden, ei mukana ole yht\u00e4\u00e4n esityst\u00e4 t\u00e4m\u00e4n syksyn artisteilta.<\/p>\n<p class=\"paragraph\">Luvassa on joululauluja kootusti viidelt\u00e4 eri kaudelta. Ne ovat kaudet 10\u201314, jotka esitettiin vuosina 2019\u20132023. Esimerkiksi <a href=\"https:\/\/www.iltalehti.fi\/henkilot\/Paula Vesala\" class=\"article-link-person-page\" rel=\"nofollow noopener\" target=\"_blank\">Paula Vesala<\/a> esitt\u00e4\u00e4 Jouluksi mummolaan -kappaleen ja <strong>Ressu Redford<\/strong> Feliz Navidadin. <a href=\"https:\/\/www.iltalehti.fi\/henkilot\/Yona\" class=\"article-link-person-page\" rel=\"nofollow noopener\" target=\"_blank\">Yona<\/a> tulkitsee Ave Marian ja <a href=\"https:\/\/www.iltalehti.fi\/henkilot\/A. W. Yrj\u00e4n\u00e4\" class=\"article-link-person-page\" rel=\"nofollow noopener\" target=\"_blank\">A. W. Yrj\u00e4n\u00e4<\/a> Punaisen komentajan. <strong>Anssi Kelan<\/strong> valinta on Valkea joulu ja <strong>Vicky Rostin<\/strong> Joulupukki matkaan jo k\u00e4y.<\/p>\n<p class=\"paragraph\">T\u00e4m\u00e4 ei suinkaan ole ensimm\u00e4inen erikoisjakso. T\u00e4n\u00e4 syksyn\u00e4 16. kauden varsinaisten laulajien viimeinen p\u00e4iv\u00e4 oli jo 31. lokakuuta. Sen j\u00e4lkeen ruutuun on saatu viel\u00e4 kolme kunniavieraan p\u00e4iv\u00e4\u00e4, hyv\u00e4ntekev\u00e4isyysjakso sek\u00e4 kahtena eri perjantaina katsellut koosteet kaikista syksyn aikana kuulluista kappaleista.<\/p>\n<p>Yona oli mukana kaudella 13. Tuolloin joulup\u00f6yd\u00e4n \u00e4\u00e4ress\u00e4 istuivat my\u00f6s Erika Vikman, Meiju Suvas, Pete Parkkonen, Mikko Alatalo, Jyrki 69 ja Tommi L\u00e4ntinen. Petri Aho, Sanoma<\/p>\n<p class=\"paragraph\">Kaikki eiv\u00e4t n\u00e4iden erikoisjaksojen p\u00e4\u00e4lle ymm\u00e4rr\u00e4. Katsojat ovat kertoneet mielipiteens\u00e4 Iltalehden <a href=\"https:\/\/www.facebook.com\/Iltalehti.fi\" target=\"_blank\" rel=\"noopener nofollow\">Facebookissa<\/a>.<\/p>\n<p class=\"paragraph\">\u2013\u2009En jaksa innostua n\u00e4ist\u00e4 kunniavieras- ja erikoisteemajaksoista. Typer\u00e4\u00e4 kauden venytt\u00e4mist\u00e4, <strong>Jaana<\/strong> kommentoi eik\u00e4 j\u00e4\u00e4 n\u00e4kemyksens\u00e4 kanssa yksin.<\/p>\n<p class=\"paragraph\"><strong>Hilkan<\/strong> mukaan \u201dvenytetyt versiot\u201d vain sekoittavat pakkaa. <strong>P\u00e4ivikkikin<\/strong> on saman sanaston \u00e4\u00e4rell\u00e4. H\u00e4nest\u00e4 kyseess\u00e4 on venytyspeli.<\/p>\n<p class=\"paragraph\">\u2013\u2009Yritet\u00e4\u00e4n v\u00e4h\u00e4n liikaa puristaa irti yhdest\u00e4 kaudesta ja sen artisteista, h\u00e4n summaa.<\/p>\n<p>Anssi Kelan Valkea joulu p\u00e4\u00e4tt\u00e4\u00e4 t\u00e4m\u00e4n kauden viimeisen jakson. Petri Aho, Sanoma<\/p>\n<p class=\"paragraph\"><strong>Sakari<\/strong> pit\u00e4\u00e4 kyll\u00e4 ohjelmasta, mutta:<\/p>\n<p class=\"paragraph\">\u2013\u2009N\u00e4m\u00e4 v\u00e4kisin tehdyt lis\u00e4lis\u00e4jaksot ei jatkoon, h\u00e4n kiteytt\u00e4\u00e4.<\/p>\n<p class=\"paragraph\">Moni haikailee ensimm\u00e4isten kausien per\u00e4\u00e4n. Muun muassa <strong>Samposta<\/strong> pit\u00e4isi palata entiseen.<\/p>\n<p class=\"paragraph\">\u2013\u2009Ongelma on se, ett\u00e4 ohjelma nyky\u00e4\u00e4n r\u00f6nsyilee liikaa eik\u00e4 pysy alkuper\u00e4isess\u00e4 ideassaan. Ensimm\u00e4isill\u00e4 kausilla pidettiin ideasta kiinni, h\u00e4n muistelee.<\/p>\n<p class=\"paragraph\">Vain el\u00e4m\u00e4\u00e4 t\u00e4n\u00e4\u00e4n Nelosella kello 20.00 &amp; Ruudussa. <a href=\"https:\/\/www.iltalehti.fi\/telkku\/\" rel=\"nofollow noopener\" target=\"_blank\">Katso kaikki\u00a0TV-ohjelmat ja l\u00e4hetysajat Telkun TV-oppaasta<\/a>.<\/p>\n","protected":false},"excerpt":{"rendered":"Vain el\u00e4m\u00e4\u00e4 -sarjan 16. tuotantokausi p\u00e4\u00e4ttyy t\u00e4n\u00e4\u00e4n erikoisjaksoon. A. W. Yrj\u00e4n\u00e4 esitt\u00e4\u00e4 uuden version CMX:n kappaleesta Punainen komentaja.&hellip;\n","protected":false},"author":2,"featured_media":120223,"comment_status":"","ping_status":"","sticky":false,"template":"","format":"standard","meta":{"footnotes":""},"categories":[130],"tags":[35,138,137,33,31,30,47,141,742,32,484,109],"class_list":{"0":"post-120222","1":"post","2":"type-post","3":"status-publish","4":"format-standard","5":"has-post-thumbnail","7":"category-viihde","8":"tag-24h","9":"tag-audio","10":"tag-entertainment","11":"tag-fi","12":"tag-finland","13":"tag-finnish","14":"tag-musiikki","15":"tag-muusikot-bandit","16":"tag-suomalainen-musiikki","17":"tag-suomi","18":"tag-taiteellinen-ilmaisu-ja-mediat","19":"tag-viihde"},"share_on_mastodon":{"url":"https:\/\/pubeurope.com\/@fi\/115744093384836660","error":""},"_links":{"self":[{"href":"https:\/\/www.europesays.com\/fi\/wp-json\/wp\/v2\/posts\/120222","targetHints":{"allow":["GET"]}}],"collection":[{"href":"https:\/\/www.europesays.com\/fi\/wp-json\/wp\/v2\/posts"}],"about":[{"href":"https:\/\/www.europesays.com\/fi\/wp-json\/wp\/v2\/types\/post"}],"author":[{"embeddable":true,"href":"https:\/\/www.europesays.com\/fi\/wp-json\/wp\/v2\/users\/2"}],"replies":[{"embeddable":true,"href":"https:\/\/www.europesays.com\/fi\/wp-json\/wp\/v2\/comments?post=120222"}],"version-history":[{"count":0,"href":"https:\/\/www.europesays.com\/fi\/wp-json\/wp\/v2\/posts\/120222\/revisions"}],"wp:featuredmedia":[{"embeddable":true,"href":"https:\/\/www.europesays.com\/fi\/wp-json\/wp\/v2\/media\/120223"}],"wp:attachment":[{"href":"https:\/\/www.europesays.com\/fi\/wp-json\/wp\/v2\/media?parent=120222"}],"wp:term":[{"taxonomy":"category","embeddable":true,"href":"https:\/\/www.europesays.com\/fi\/wp-json\/wp\/v2\/categories?post=120222"},{"taxonomy":"post_tag","embeddable":true,"href":"https:\/\/www.europesays.com\/fi\/wp-json\/wp\/v2\/tags?post=120222"}],"curies":[{"name":"wp","href":"https:\/\/api.w.org\/{rel}","templated":true}]}}