{"id":120224,"date":"2025-12-19T03:26:10","date_gmt":"2025-12-19T03:26:10","guid":{"rendered":"https:\/\/www.europesays.com\/fi\/120224\/"},"modified":"2025-12-19T03:26:10","modified_gmt":"2025-12-19T03:26:10","slug":"viljelijat-pelkaavat-peltojen-menettavan-arvonsa-vetyputkialueella-hanketta-on-edistetty-salamyhkaisesti-maatalous","status":"publish","type":"post","link":"https:\/\/www.europesays.com\/fi\/120224\/","title":{"rendered":"Viljelij\u00e4t pelk\u00e4\u00e4v\u00e4t peltojen menett\u00e4v\u00e4n arvonsa vetyputkialueella: \u201dHanketta on edistetty salamyhk\u00e4isesti\u201d &#8211; Maatalous"},"content":{"rendered":"<p>Vetyputkilinjaus on sy\u00f6nyt maan arvon jo suunnitteluvaiheessa ja toteutuessaan se vie peltojen kasvukunnon, sanovat linjausta vastustavat viljelij\u00e4t. <\/p>\n<p><a class=\"ArticleImage_imageContainer__e0EST\" href=\"https:\/\/www.europesays.com\/fi\/wp-content\/uploads\/2025\/12\/eya0VlxUjW0ZOHU5pzN_Pk2TMno.jpg\"><img decoding=\"async\" src=\"https:\/\/www.europesays.com\/fi\/wp-content\/uploads\/2025\/12\/eya0VlxUjW0ZOHU5pzN_Pk2TMno.jpg\" alt=\"Pekka Nieminen salaojitti elokuussa 7,5 hehtaarin peltoalan Turussa. Vetyputkilinjaus halkaisee lohkon niin, ett\u00e4 investointi valuu putkihankkeen toteutuessa hukkaan. \" loading=\"lazy\"\/><\/a><\/p>\n<p>Pekka Nieminen salaojitti elokuussa 7,5 hehtaarin peltoalan Turussa. Vetyputkilinjaus halkaisee lohkon niin, ett\u00e4 investointi valuu putkihankkeen toteutuessa hukkaan. \u00a0Kuva: Suvi Elo<\/p>\n<p class=\"RichTextParagraph_richTextParagraph__Wxs3t undefined\">Gasgridin suunnitteleman vetyverkon runkolinja kulkee 70 kunnan alueella, noin 14\u00a0000 maanomistajan mailla. Hankkeen ymp\u00e4rist\u00f6vaikutusten arviointimenettely on k\u00e4ynniss\u00e4 ja Gasgrid on j\u00e4rjest\u00e4nyt loppuvuodesta ensimm\u00e4isi\u00e4 kuulemistilaisuuksia maanomistajille.<\/p>\n<p class=\"RichTextParagraph_richTextParagraph__Wxs3t undefined\">\u201dOsa on saanut kutsun j\u00e4lkik\u00e4teen, itse sain kutsun vain kaksi p\u00e4iv\u00e4\u00e4 ennen tilaisuutta\u201d, kertoo turkulainen<strong id=\"strong-dab6061dc245163f6d2ad35a47c1ca09\"> Pekka Nieminen.<\/strong> Vetyputki halkaisee Niemisen tilan seitsem\u00e4n lohkoa, vaikutus ylt\u00e4\u00e4 noin 50 hehtaarin peltoalalle.<\/p>\n<p class=\"RichTextParagraph_richTextParagraph__Wxs3t undefined\">Vetyputkihankkeen tiedotus maanomistajille on h\u00e4nen mukaansa ollut heikkoa.<\/p>\n<p class=\"RichTextParagraph_richTextParagraph__Wxs3t undefined\">\u201dHanketta on edistetty varsin salamyhk\u00e4isesti. Tietoa on vaikea saada\u201d, Nieminen kritisoi. <\/p>\n<p class=\"RichTextParagraph_richTextParagraph__Wxs3t undefined\">H\u00e4n ihmettelee, miten vetyputkea ollaan rakentamassa, vaikka ei ole tietoa miljardeja nielev\u00e4n rakennushankkeen rahoituksesta sen enemp\u00e4\u00e4 kuin s\u00e4hk\u00f6n riitt\u00e4v\u00e4st\u00e4 tuotannostakaan.<\/p>\n<p><a class=\"ArticleImage_imageContainer__e0EST\" href=\"https:\/\/www.europesays.com\/fi\/wp-content\/uploads\/2025\/12\/vi4bNcnT9yOEqbRzANAWnqd64UU.jpg\"><img decoding=\"async\" src=\"https:\/\/www.europesays.com\/fi\/wp-content\/uploads\/2025\/12\/vi4bNcnT9yOEqbRzANAWnqd64UU.jpg\" alt=\"Suunniteltu vetyputken linjaus vet\u00e4\u00e4 viljelij\u00e4t vakavaksi. Se on toteutuessaan on monen maatalousyritt\u00e4j\u00e4n elinkeinolle tuhoisa, sanoo viljelij\u00e4 Pekka Nieminen.\" loading=\"lazy\"\/><\/a><\/p>\n<p>Suunniteltu vetyputken linjaus vet\u00e4\u00e4 viljelij\u00e4t vakavaksi. Se on toteutuessaan on monen maatalousyritt\u00e4j\u00e4n elinkeinolle tuhoisa, sanoo viljelij\u00e4 Pekka Nieminen.\u00a0Kuva: Suvi Elo<\/p>\n<p class=\"Blockquote_text___ueE4\">\u201dMaa tulee tiivistym\u00e4\u00e4n kasvukelvottomaan kuntoon v\u00e4hint\u00e4\u00e4n 3\u20135 vuodeksi eteenp\u00e4in. Heikentynyt kasvukunto laskee satotasoa vuosikymmeni\u00e4.\u201d<\/p>\n<p>Pekka Nieminen<\/p>\n<p class=\"RichTextParagraph_richTextParagraph__Wxs3t undefined\">Varsinais-Suomessa ja Satakunnassa joukko viljelij\u00f6it\u00e4 on perustanut maanomistajien neuvottelukunnan, joka vastustaa vetyputken nykyist\u00e4 linjausta. J\u00e4seni\u00e4 on jo toista sataa, ja liitty\u00e4 voi edelleen.<\/p>\n<p class=\"RichTextParagraph_richTextParagraph__Wxs3t undefined\">\u201dEmme vastusta vetyputkea, mutta vastustamme sen rakentamista ruuantuotannossa olevien peltojen, asutettujen alueiden ja metsien l\u00e4pi. Putki pit\u00e4\u00e4 vet\u00e4\u00e4 kokonaan meren pohjaa pitkin, kuten se vedet\u00e4\u00e4n Ruotsiin ja Saksaan\u201d, summaa loimaalainen <strong id=\"strong-d6c05e11714e3578f4f2ffa82df5a5c5\">Timo Ala-Kleme<\/strong>. <\/p>\n<p class=\"RichTextParagraph_richTextParagraph__Wxs3t undefined\">H\u00e4n on kemian asiantuntija, dosentti ja filosofian tohtori ja viljelij\u00e4. Ala-Klemen tilan parhaan 20 hehtaarin lohkon keskelle on karttaan piirretty putkilinjaus.<\/p>\n<p class=\"RichTextParagraph_richTextParagraph__Wxs3t undefined\">Ala-Kleme toteaa, ett\u00e4 vedyn hy\u00f6dynt\u00e4miseen liittyy paljon ep\u00e4varmuuksia turvallisuusasioiden, taloudellisen kannattavuuden ja ymp\u00e4rist\u00f6vaikutusten osalta.<\/p>\n<p class=\"RichTextParagraph_richTextParagraph__Wxs3t undefined\">\u201dSuomeen ollaan kuitenkin rakentamassa ensimm\u00e4isten joukossa t\u00e4m\u00e4n mittaluokan vetyputki. Samaan aikaan esimerkiksi Norja on perunut kannattamattomiksi todettuja vedyntuotantoon ja sen vientiin liittyvi\u00e4 suunnitelmiaan\u201d, h\u00e4n huomauttaa.<\/p>\n<p class=\"RichTextParagraph_richTextParagraph__Wxs3t undefined\">Gasgridin mukaan viljely\u00e4 voidaan jatkaa putken 10 metrin levyisell\u00e4 k\u00e4ytt\u00f6oikeusalueella. Putken taitekohtiin pystytet\u00e4\u00e4n merkint\u00e4pylv\u00e4\u00e4t, mutta venttiiliasemien asennusta pelloille pyrit\u00e4\u00e4n v\u00e4ltt\u00e4m\u00e4\u00e4n. Putkilinja on vedetty monin paikoin keskelt\u00e4 peltolohkoja.<\/p>\n<p class=\"RichTextParagraph_richTextParagraph__Wxs3t undefined\">\u201dTuntuu ett\u00e4 suunnittelussa ei mit\u00e4\u00e4n ymm\u00e4rryst\u00e4 maanviljelyst\u00e4 ole\u201d, sanoo Vampulassa viljatilaa viljelev\u00e4 <strong id=\"strong-00d2b54198cc733fac5b682f5b1107a1\">Ilkka Kouvo.<\/strong><\/p>\n<p class=\"RichTextParagraph_richTextParagraph__Wxs3t undefined\">Viljelij\u00f6iden huolena on peltojen salaojituksen rikkoutuminen.<\/p>\n<p class=\"RichTextParagraph_richTextParagraph__Wxs3t undefined\">\u201dPutki tulee katkaisemaan salaojien luontaisen virtaussuunnan. Putken kaivukohta tulee my\u00f6s olemaan monta vuotta niin pehme\u00e4, ettei siit\u00e4 pysty ajamaan yli m\u00e4r\u00e4ll\u00e4 kelill\u00e4\u201d, sanoo Kouvo. <\/p>\n<p class=\"RichTextParagraph_richTextParagraph__Wxs3t undefined\">H\u00e4nen tilansa pelloille putkea on piirretty kahden kilometrin matkalle ja 100 metrin et\u00e4isyydelle kotitalosta. Putken suojaet\u00e4isyys rakennuksista on suunnitelmissa 30 metri\u00e4.<\/p>\n<p class=\"RichTextParagraph_richTextParagraph__Wxs3t undefined\">\u201dVetyputkea ollaan lains\u00e4\u00e4d\u00e4nn\u00f6n puuttuessa rakentamassa kovalla vauhdilla maakaasua koskevien s\u00e4\u00e4nn\u00f6sten mukaan. Kyseess\u00e4 on kuitenkin monin verroin vaarallisemmasta ja r\u00e4j\u00e4hdysherkemm\u00e4st\u00e4 aineesta\u201d, h\u00e4n huomauttaa.<\/p>\n<p class=\"Blockquote_text___ueE4\">\u201dJo runkolinjarakentamisen haittavaikutukset ovat mittavat. Niiden lis\u00e4ksi mahdollisesti pelloille tulee liittym\u00e4putket ja muu infra haittavaikutuksineen.\u201d<\/p>\n<p>Sami Ala-Kleme<\/p>\n<p class=\"RichTextParagraph_richTextParagraph__Wxs3t undefined\">Viljelij\u00e4t ovat huolissaan rakentamisen vaikutuksista erityisesti peltojen kasvukuntoon.<\/p>\n<p class=\"RichTextParagraph_richTextParagraph__Wxs3t undefined\">\u201dPellolle rakennetaan tilap\u00e4inen tie kantamaan kymmenien tonnien painoisia koneita ja putkia. Maa tulee tiivistym\u00e4\u00e4n kasvukelvottomaan kuntoon v\u00e4hint\u00e4\u00e4n 3\u20135 vuodeksi eteenp\u00e4in. Heikentynyt kasvukunto laskee satotasoa vuosikymmeni\u00e4, kun savimaa tiivistet\u00e4\u00e4n. J\u00e4\u00e4k\u00f6 satojen eurojen vuosittainen satomenetys ja kunnostusty\u00f6 viljelij\u00e4n kustannukseksi\u201d, Nieminen pohtii.<\/p>\n<p class=\"RichTextParagraph_richTextParagraph__Wxs3t undefined\">Riskin\u00e4 on my\u00f6s rikkakasvien, kuten hukkakauran ja rikkakananhirssin, levi\u00e4minen koneiden ja siirtomaan mukana pelloille.<\/p>\n<p class=\"RichTextParagraph_richTextParagraph__Wxs3t undefined\">Loimaalle on piirretty putkiston risteyskohta keskelle peltoaukeaa, mik\u00e4 maksimoi haittavaikutukset maanomistajalle. Risteyskohdan l\u00e4heisyyteen rakennetaan venttiiliasemat, joiden maa-alueet lunastetaan. <\/p>\n<p class=\"RichTextParagraph_richTextParagraph__Wxs3t undefined\">\u201dJo runkolinjarakentamisen haittavaikutukset ovat mittavat. Niiden lis\u00e4ksi mahdollisesti pelloille tulee liittym\u00e4putket ja muu infra haittavaikutuksineen\u201d, muistuttaa loimaalainen viljelij\u00e4 <strong id=\"strong-aa11868acb15571565f648fb0a4caa03\">Sami Ala-Kleme.<\/strong><\/p>\n<p class=\"RichTextParagraph_richTextParagraph__Wxs3t undefined\">Gasgridin linjaussuunnittelusta vastaava <strong id=\"strong-2076358a1ef9785d746eab16bf9d93ad\">Kim Simos <\/strong>vakuuttaa, ett\u00e4 viljelij\u00f6iden n\u00e4kemys pyrit\u00e4\u00e4n huomioimaan suunnittelussa. Salaojien korjaukset suunnitellaan maanomistajan kanssa yhteisty\u00f6n\u00e4 ja Gasgrid vastaa rakentamisen takia teht\u00e4vien salaojitusten kustannuksista. Tehdylle salaojitukselle my\u00f6s luvataan takuuaika, mutta sen kestoa ei kerrota.<\/p>\n<p class=\"RichTextParagraph_richTextParagraph__Wxs3t undefined\">\u201dPutken minimipeitesyvyys on 1,2 metri\u00e4, mutta syvyys harkitaan tapauskohtaisesti. Pelloilla riitt\u00e4v\u00e4 syvyys takaa salaojituksen onnistumisen ja koneiden k\u00e4yt\u00f6n ilman rajoituksia\u201d, Simos toteaa.<\/p>\n<p class=\"RichTextParagraph_richTextParagraph__Wxs3t undefined\">Urakoitsijat velvoitetaan est\u00e4m\u00e4\u00e4n rikkakasvien levi\u00e4minen puhdistustoimin. My\u00f6s maan muokkauksesta huolehditaan kasvukunnon palauttamiseksi, Simos vakuuttaa.<\/p>\n<p class=\"RichTextParagraph_richTextParagraph__Wxs3t undefined\">Putki tulee maalle, koska se on edullisempi rakentaa.<\/p>\n<p class=\"RichTextParagraph_richTextParagraph__Wxs3t undefined\">\u201dVedyn tuotanto ja kulutus on maalla. Vaikea olisi tehd\u00e4 liitoksia merenpohjassa kulkevaan putkeen.\u201d<\/p>\n<p class=\"RichTextParagraph_richTextParagraph__Wxs3t undefined\">Suunnitteluvaiheen rahoitukseen on saatu EU-tukea. Hankkeen toteutusp\u00e4\u00e4t\u00f6s saadaan arviolta vuonna 2027. Sen j\u00e4lkeen edet\u00e4\u00e4n luvituksiin, lunastustoimituksiin ja tarkempaan suunnitteluun.<\/p>\n<p class=\"RichTextParagraph_richTextParagraph__Wxs3t undefined\">\u201dNyt kuullaan maanomistajien n\u00e4kemyksi\u00e4. Maanomistajatilaisuuksiin kannattaa l\u00e4hte\u00e4 mukaan\u201d, Simos kehottaa.<\/p>\n<p class=\"Blockquote_text___ueE4\">\u201dKielt\u00e4m\u00e4tt\u00e4 t\u00e4ss\u00e4 on maaomaisuuden sosialisoinnin maku.\u201d<\/p>\n<p>Leena Kristeri<\/p>\n<p class=\"RichTextParagraph_richTextParagraph__Wxs3t undefined\">Vetyputkihanke on vasta viivana kartalla, mutta jo nyt se sy\u00f6 vaikutuspiiriin joutuvien maiden arvon ja rajaa maank\u00e4ytt\u00f6\u00e4 merkitt\u00e4v\u00e4sti, huomauttavat viljelij\u00e4t.<\/p>\n<p class=\"RichTextParagraph_richTextParagraph__Wxs3t undefined\">Maanomistajien on nyt syyt\u00e4 aktivoitua laajasti vetyputkihankkeen osalta, korostaa my\u00f6s MTK:n elinvoimajohtaja<strong id=\"strong-fc825963f9d6ef58e3b8b5bf6da5f9e4\"> Leena Kristeri.<\/strong><\/p>\n<p class=\"RichTextParagraph_richTextParagraph__Wxs3t undefined\">\u201dJ\u00e4lleen olemme tilanteessa, jossa maanomistajat sidotaan vihre\u00e4n energian hankkeeseen, ennen kuin mit\u00e4\u00e4n luvituksia ja toteutusvarmuutta hankkeesta on olemassa. Maat k\u00e4yt\u00e4nn\u00f6ss\u00e4 varataan hankkeen k\u00e4ytt\u00f6\u00f6n, mutta korvauksia voi saada vasta, jos hanke joskus toteutuu. Kielt\u00e4m\u00e4tt\u00e4 t\u00e4ss\u00e4 on maaomaisuuden sosialisoinnin maku.\u201d<\/p>\n","protected":false},"excerpt":{"rendered":"Vetyputkilinjaus on sy\u00f6nyt maan arvon jo suunnitteluvaiheessa ja toteutuessaan se vie peltojen kasvukunnon, sanovat linjausta vastustavat viljelij\u00e4t. Pekka&hellip;\n","protected":false},"author":2,"featured_media":120225,"comment_status":"","ping_status":"","sticky":false,"template":"","format":"standard","meta":{"footnotes":""},"categories":[76],"tags":[79,77,33,31,30,32,78],"class_list":{"0":"post-120224","1":"post","2":"type-post","3":"status-publish","4":"format-standard","5":"has-post-thumbnail","7":"category-talous","8":"tag-business","9":"tag-economy","10":"tag-fi","11":"tag-finland","12":"tag-finnish","13":"tag-suomi","14":"tag-talous"},"share_on_mastodon":{"url":"https:\/\/pubeurope.com\/@fi\/115744105328787412","error":""},"_links":{"self":[{"href":"https:\/\/www.europesays.com\/fi\/wp-json\/wp\/v2\/posts\/120224","targetHints":{"allow":["GET"]}}],"collection":[{"href":"https:\/\/www.europesays.com\/fi\/wp-json\/wp\/v2\/posts"}],"about":[{"href":"https:\/\/www.europesays.com\/fi\/wp-json\/wp\/v2\/types\/post"}],"author":[{"embeddable":true,"href":"https:\/\/www.europesays.com\/fi\/wp-json\/wp\/v2\/users\/2"}],"replies":[{"embeddable":true,"href":"https:\/\/www.europesays.com\/fi\/wp-json\/wp\/v2\/comments?post=120224"}],"version-history":[{"count":0,"href":"https:\/\/www.europesays.com\/fi\/wp-json\/wp\/v2\/posts\/120224\/revisions"}],"wp:featuredmedia":[{"embeddable":true,"href":"https:\/\/www.europesays.com\/fi\/wp-json\/wp\/v2\/media\/120225"}],"wp:attachment":[{"href":"https:\/\/www.europesays.com\/fi\/wp-json\/wp\/v2\/media?parent=120224"}],"wp:term":[{"taxonomy":"category","embeddable":true,"href":"https:\/\/www.europesays.com\/fi\/wp-json\/wp\/v2\/categories?post=120224"},{"taxonomy":"post_tag","embeddable":true,"href":"https:\/\/www.europesays.com\/fi\/wp-json\/wp\/v2\/tags?post=120224"}],"curies":[{"name":"wp","href":"https:\/\/api.w.org\/{rel}","templated":true}]}}