{"id":120228,"date":"2025-12-19T03:28:13","date_gmt":"2025-12-19T03:28:13","guid":{"rendered":"https:\/\/www.europesays.com\/fi\/120228\/"},"modified":"2025-12-19T03:28:13","modified_gmt":"2025-12-19T03:28:13","slug":"uuden-lupa-ja-valvontaviraston-paajohtajaksi-on-valittu-marko-pukkinen","status":"publish","type":"post","link":"https:\/\/www.europesays.com\/fi\/120228\/","title":{"rendered":"Uuden lupa- ja valvontaviraston p\u00e4\u00e4johtajaksi on valittu Marko Pukkinen"},"content":{"rendered":"<p>Nimitykset|Uusi lupa- ja valvontavirasto aloittaa toimintansa vuoden alussa.<\/p>\n<p>18.12. 14:19<\/p>\n<p class=\"article-body mb-nof-24 px-nof-16\">Uuden lupa- ja valvontaviraston p\u00e4\u00e4johtajaksi on valittu <a class=\"article-personlink\" href=\"https:\/\/www.hs.fi\/haku\/?query=Marko%20Pukkinen\" rel=\"nofollow noopener\" target=\"_blank\">Marko Pukkinen<\/a>.<\/p>\n<p class=\"article-body mb-nof-24 px-nof-16\">Lupa- ja valvontavirasto aloittaa toimintansa vuoden alussa. Aluehallintovirastot eli avit ja elinkeino-, liikenne- ja ymp\u00e4rist\u00f6keskukset eli elyt siirtyv\u00e4t vuodenvaihteessa historiaan, kun uusi j\u00e4ttivirasto aloittaa toimintansa.<\/p>\n<p class=\"article-body mb-nof-24 px-nof-16\">Pukkinen ty\u00f6skentelee t\u00e4ll\u00e4 hetkell\u00e4 L\u00e4nsi- ja Sis\u00e4-Suomen aluehallintoviraston ylijohtajana, ja h\u00e4n on koulutukseltaan kauppatieteiden maisteri.<\/p>\n<p class=\"article-body mb-nof-24 px-nof-16\">Hallitus nimitti torstaina yleisistunnossaan my\u00f6s Museoviraston johtajan. T\u00e4m\u00e4n pestin sai Kansallisgallerian p\u00e4\u00e4johtaja, filosofian maisteri <a class=\"article-personlink\" href=\"https:\/\/www.hs.fi\/haku\/?query=Kimmo%20Lev%C3%A4\" rel=\"nofollow noopener\" target=\"_blank\">Kimmo Lev\u00e4<\/a>.<\/p>\n<p class=\"article-body mb-nof-24 px-nof-16\">Tilastokeskuksen johdossa jatkaa valtiotieteiden tohtori <a class=\"article-personlink\" href=\"https:\/\/www.hs.fi\/haku\/?query=Markus%20Sovala\" rel=\"nofollow noopener\" target=\"_blank\">Markus Sovala<\/a>. Sovala on johtanut Tilastokeskusta vuodesta 2021, ja sit\u00e4 ennen h\u00e4n on ty\u00f6skennellyt muun muassa valtiovarainministeri\u00f6ss\u00e4, Uudenmaan liitossa, Maailmanpankissa ja entisess\u00e4 kauppa- ja teollisuusministeri\u00f6ss\u00e4.<\/p>\n","protected":false},"excerpt":{"rendered":"Nimitykset|Uusi lupa- ja valvontavirasto aloittaa toimintansa vuoden alussa. 18.12. 14:19 Uuden lupa- ja valvontaviraston p\u00e4\u00e4johtajaksi on valittu Marko&hellip;\n","protected":false},"author":2,"featured_media":120229,"comment_status":"","ping_status":"","sticky":false,"template":"","format":"standard","meta":{"footnotes":""},"categories":[12],"tags":[22,23,26,27,33,31,30,17,46,24,25,28,29,15,18,21,32,19,20,16],"class_list":{"0":"post-120228","1":"post","2":"type-post","3":"status-publish","4":"format-standard","5":"has-post-thumbnail","7":"category-suomi","8":"tag-breaking-news","9":"tag-breakingnews","10":"tag-featured-news","11":"tag-featurednews","12":"tag-fi","13":"tag-finland","14":"tag-finnish","15":"tag-headlines","16":"tag-helsingin-sanomat","17":"tag-latest-news","18":"tag-latestnews","19":"tag-main-news","20":"tag-mainnews","21":"tag-news","22":"tag-otsikot","23":"tag-paauutiset","24":"tag-suomi","25":"tag-top-stories","26":"tag-topstories","27":"tag-uutiset"},"share_on_mastodon":{"url":"https:\/\/pubeurope.com\/@fi\/115744113019491837","error":""},"_links":{"self":[{"href":"https:\/\/www.europesays.com\/fi\/wp-json\/wp\/v2\/posts\/120228","targetHints":{"allow":["GET"]}}],"collection":[{"href":"https:\/\/www.europesays.com\/fi\/wp-json\/wp\/v2\/posts"}],"about":[{"href":"https:\/\/www.europesays.com\/fi\/wp-json\/wp\/v2\/types\/post"}],"author":[{"embeddable":true,"href":"https:\/\/www.europesays.com\/fi\/wp-json\/wp\/v2\/users\/2"}],"replies":[{"embeddable":true,"href":"https:\/\/www.europesays.com\/fi\/wp-json\/wp\/v2\/comments?post=120228"}],"version-history":[{"count":0,"href":"https:\/\/www.europesays.com\/fi\/wp-json\/wp\/v2\/posts\/120228\/revisions"}],"wp:featuredmedia":[{"embeddable":true,"href":"https:\/\/www.europesays.com\/fi\/wp-json\/wp\/v2\/media\/120229"}],"wp:attachment":[{"href":"https:\/\/www.europesays.com\/fi\/wp-json\/wp\/v2\/media?parent=120228"}],"wp:term":[{"taxonomy":"category","embeddable":true,"href":"https:\/\/www.europesays.com\/fi\/wp-json\/wp\/v2\/categories?post=120228"},{"taxonomy":"post_tag","embeddable":true,"href":"https:\/\/www.europesays.com\/fi\/wp-json\/wp\/v2\/tags?post=120228"}],"curies":[{"name":"wp","href":"https:\/\/api.w.org\/{rel}","templated":true}]}}