{"id":120234,"date":"2025-12-19T03:48:10","date_gmt":"2025-12-19T03:48:10","guid":{"rendered":"https:\/\/www.europesays.com\/fi\/120234\/"},"modified":"2025-12-19T03:48:10","modified_gmt":"2025-12-19T03:48:10","slug":"tama-tiedetaan-kupsn-seuraavasta-valmentajasta-ja-kevaan-eurovastustajasta","status":"publish","type":"post","link":"https:\/\/www.europesays.com\/fi\/120234\/","title":{"rendered":"T\u00e4m\u00e4 tiedet\u00e4\u00e4n KuPS:n seuraavasta valmentajasta ja kev\u00e4\u00e4n eurovastustajasta"},"content":{"rendered":"<p>KuPS eteni Konferenssiliigan ensimm\u00e4iselle pudotuspelikierrokselle. <\/p>\n<p><img decoding=\"async\" class=\"image image-show image-preview\" src=\"https:\/\/www.europesays.com\/fi\/wp-content\/uploads\/2025\/12\/18158c92acecfd4f416b5e17e1380f35a70912bc6556d7de38fb696523086365.jpg\" alt=\"\"\/><img decoding=\"async\" class=\"image image-show\" src=\"https:\/\/www.europesays.com\/fi\/wp-content\/uploads\/2025\/12\/1766116090_533_18158c92acecfd4f416b5e17e1380f35a70912bc6556d7de38fb696523086365.jpg\" alt=\"\"\/><\/p>\n<p>Ibrahim Ciss\u00e9 ja Piotr Parzyszek juhlivat KuPS:n 2\u20131-johtomaalia.  AOP<\/p>\n<p class=\"paragraph\">KuPS:n omistaja <strong>Ari Lahti<\/strong> oli luonnollisesti tyytyv\u00e4inen, kun h\u00e4n laskeutui Selhurst Parkin vip-aitiosta kent\u00e4n tasolle.<\/p>\n<p class=\"paragraph\">\u2013\u2009En ymm\u00e4rr\u00e4, ett\u00e4 Crystal Palacelle annettiin viel\u00e4 ylim\u00e4\u00e4r\u00e4inen kulma ja annettiin pelata kuusi minuuttia lis\u00e4aikaa, Lahti puhisi.<\/p>\n<p class=\"paragraph\">\u2013\u2009Se oli aivan hirvitt\u00e4v\u00e4n j\u00e4nn\u00e4\u00e4. Mutta n\u00e4m\u00e4 ovat upeita hetki\u00e4. Uskomaton ilta.<\/p>\n<p class=\"paragraph\">2\u20132-tasapeli Crystal Palacen kanssa tarkoittaa, ett\u00e4 KuPS:n euroseikkailu jatkuu jo helmikuussa, jolloin vastaan asettuu joko puolalainen Lech Pozna\u0144 tai turkkilainen Samsunspor.<\/p>\n<p class=\"paragraph\">Vaasasta kotoisin oleva Huuhkajat-peluri <strong>Daniel H\u00e5kans<\/strong> edustaa juuri Lech Pozna\u0144ia, mutta ehk\u00e4 turkkilaisjoukkue olisi helpompi vastustaja helmikuun puoliv\u00e4liss\u00e4 Tampereen talvipakkasissa.<\/p>\n<p class=\"paragraph\">\u2013\u2009T\u00e4m\u00e4 taru vain jatkuu. T\u00e4m\u00e4n takia t\u00e4t\u00e4 tehd\u00e4\u00e4n, ett\u00e4 kuopiolaiset saavat el\u00e4myksi\u00e4, jotka s\u00e4ilyv\u00e4t koko el\u00e4m\u00e4n ajan, Lahti sanoi.<\/p>\n<p class=\"paragraph\">\u2013\u2009Siell\u00e4 varmasti bileet jatkuvat. Voi jopa kaljat loppua jostain pubeista, h\u00e4n viittoi l\u00e4hes tuhanteen juhlivaan kuopiolaisfaniin.<\/p>\n<p class=\"paragraph\">Lahti kertoi, ett\u00e4 vip-aitiossa oli h\u00e4nen perheens\u00e4 lis\u00e4ksi my\u00f6s tuore suurl\u00e4hettil\u00e4s <strong>Teemu Turunen<\/strong>.<\/p>\n<p class=\"paragraph\">\u2013\u2009H\u00e4n on kotoisin Siilinj\u00e4rvelt\u00e4. Ja lis\u00e4ksi siell\u00e4 oli kaksi muutakin kaveria Kuopiosta.<\/p>\n<p class=\"paragraph\">KuPS pelaa Konferenssiliigan pudotuspelien ensimm\u00e4isen kierroksen 19. ja 26. helmikuuta. Silloin sen peli\u00e4 johtaa jo uusi p\u00e4\u00e4valmentaja.<\/p>\n<p class=\"paragraph\">\u2013\u2009Olen sanonut, ett\u00e4 pelataan nyt n\u00e4m\u00e4 pelit ensin alta pois. Uskoisin, ett\u00e4 viimeist\u00e4\u00e4n ensi viikon alussa julkistamme uuden p\u00e4\u00e4valmentajan, Lahti vahvisti Iltalehdelle.<\/p>\n","protected":false},"excerpt":{"rendered":"KuPS eteni Konferenssiliigan ensimm\u00e4iselle pudotuspelikierrokselle. Ibrahim Ciss\u00e9 ja Piotr Parzyszek juhlivat KuPS:n 2\u20131-johtomaalia. AOP KuPS:n omistaja Ari Lahti&hellip;\n","protected":false},"author":2,"featured_media":120235,"comment_status":"","ping_status":"","sticky":false,"template":"","format":"standard","meta":{"footnotes":""},"categories":[158],"tags":[35,33,31,30,43,42,1984,41,159,44,32,160],"class_list":{"0":"post-120234","1":"post","2":"type-post","3":"status-publish","4":"format-standard","5":"has-post-thumbnail","7":"category-urheilu","8":"tag-24h","9":"tag-fi","10":"tag-finland","11":"tag-finnish","12":"tag-jalkapallo","13":"tag-jalkapalloon-perustuvat-lajit","14":"tag-jalkapallopelaajat-miehet","15":"tag-liikunta-ja-urheilu","16":"tag-sports","17":"tag-suomen-jalkapallo","18":"tag-suomi","19":"tag-urheilu"},"share_on_mastodon":{"url":"https:\/\/pubeurope.com\/@fi\/115744192022103489","error":""},"_links":{"self":[{"href":"https:\/\/www.europesays.com\/fi\/wp-json\/wp\/v2\/posts\/120234","targetHints":{"allow":["GET"]}}],"collection":[{"href":"https:\/\/www.europesays.com\/fi\/wp-json\/wp\/v2\/posts"}],"about":[{"href":"https:\/\/www.europesays.com\/fi\/wp-json\/wp\/v2\/types\/post"}],"author":[{"embeddable":true,"href":"https:\/\/www.europesays.com\/fi\/wp-json\/wp\/v2\/users\/2"}],"replies":[{"embeddable":true,"href":"https:\/\/www.europesays.com\/fi\/wp-json\/wp\/v2\/comments?post=120234"}],"version-history":[{"count":0,"href":"https:\/\/www.europesays.com\/fi\/wp-json\/wp\/v2\/posts\/120234\/revisions"}],"wp:featuredmedia":[{"embeddable":true,"href":"https:\/\/www.europesays.com\/fi\/wp-json\/wp\/v2\/media\/120235"}],"wp:attachment":[{"href":"https:\/\/www.europesays.com\/fi\/wp-json\/wp\/v2\/media?parent=120234"}],"wp:term":[{"taxonomy":"category","embeddable":true,"href":"https:\/\/www.europesays.com\/fi\/wp-json\/wp\/v2\/categories?post=120234"},{"taxonomy":"post_tag","embeddable":true,"href":"https:\/\/www.europesays.com\/fi\/wp-json\/wp\/v2\/tags?post=120234"}],"curies":[{"name":"wp","href":"https:\/\/api.w.org\/{rel}","templated":true}]}}