{"id":120236,"date":"2025-12-19T03:49:08","date_gmt":"2025-12-19T03:49:08","guid":{"rendered":"https:\/\/www.europesays.com\/fi\/120236\/"},"modified":"2025-12-19T03:49:08","modified_gmt":"2025-12-19T03:49:08","slug":"nama-aiheet-puhuttivat-2025-itsepalvelukassat-ilves-liikennehardelli","status":"publish","type":"post","link":"https:\/\/www.europesays.com\/fi\/120236\/","title":{"rendered":"N\u00e4m\u00e4 aiheet puhuttivat 2025 \u2013 itsepalvelu\u00adkassat, Ilves, liikenneh\u00e4rdelli&#8230;"},"content":{"rendered":"<p>Vuosi 2025 on pian taputeltu. Aamupodi nostaa p\u00f6yt\u00e4\u00e4n nelj\u00e4 t\u00e4n\u00e4 vuonna puhuttanutta aihetta.<\/p>\n<p class=\"article-body mb-nof-24 px-nof-16\">Aamulehti<\/p>\n<p class=\"article-body mb-nof-24 px-nof-16\">Aamupodin vuoden viimeinen jakso tarjoaa jouluisen erikoiskattauksen. Aamuraati kokoontuu p\u00f6yd\u00e4n \u00e4\u00e4reen ruotimaan Pirkanmaan t\u00e4m\u00e4n vuoden puheenaiheita.<\/p>\n<p class=\"article-body mb-nof-24 px-nof-16\">Jokainen raatilainen tuo p\u00f6yt\u00e4\u00e4n yhden aiheen. P\u00f6yd\u00e4n \u00e4\u00e4reen kokoontuvat uutisp\u00e4\u00e4llikk\u00f6 <a class=\"article-personlink\" href=\"https:\/\/www.aamulehti.fi\/haku\/?query=Saara%20Tunturi\" rel=\"nofollow noopener\" target=\"_blank\">Saara Tunturi<\/a>, liven ja kuvan p\u00e4\u00e4llikk\u00f6 <a class=\"article-personlink\" href=\"https:\/\/www.aamulehti.fi\/haku\/?query=Tuukka%20V%C3%A4lim%C3%A4ki\" rel=\"nofollow noopener\" target=\"_blank\">Tuukka V\u00e4lim\u00e4ki<\/a>, liven tuottaja <a class=\"article-personlink\" href=\"https:\/\/www.aamulehti.fi\/haku\/?query=Roosa%20Vanhanen\" rel=\"nofollow noopener\" target=\"_blank\">Roosa Vanhanen<\/a> ja toimittaja <a class=\"article-personlink\" href=\"https:\/\/www.aamulehti.fi\/haku\/?query=Ilari%20Lepp%C3%A4niemi.\" rel=\"nofollow noopener\" target=\"_blank\">Ilari Lepp\u00e4niemi.<\/a><\/p>\n<p class=\"article-body mb-nof-24 px-nof-16\">Mit\u00e4 on luvassa? P\u00f6yd\u00e4ss\u00e4 ruoditaan Tampereen liikennett\u00e4, vanhojen puiden kaatoa ja itsepalvelukassoja. My\u00f6s urheiluvuoden hyv\u00e4t ja huonot kohokohdat k\u00e4yd\u00e4\u00e4n l\u00e4pi.<\/p>\n<p>Kuuntele jakso alta:Aiheet:<\/p>\n<p class=\"article-body mb-nof-24 px-nof-16\">00: Moro-lakkien voittajat<\/p>\n<p class=\"article-body mb-nof-24 px-nof-16\">01:55: Tampereen liikenneh\u00e4rdelli<\/p>\n<p class=\"article-body mb-nof-24 px-nof-16\">8:15: Itsepalvelukassat<\/p>\n<p class=\"article-body mb-nof-24 px-nof-16\">18:25: Vanhojen puitten hakkuut<\/p>\n<p class=\"article-body mb-nof-24 px-nof-16\">30:40: Tamperelaisen urheilun huippuvuosi<\/p>\n<p class=\"article-body mb-nof-24 px-nof-16\">Podissa paljastetaan my\u00f6s Moro-lakkien voittajat. Kolme onnekasta Aamupodi-kyselyyn osallistunutta saa kaupungin tyylikk\u00e4imm\u00e4n p\u00e4\u00e4hineen, joka sopii niin arkeen kuin juhlaan. Aamupodi kiitt\u00e4\u00e4 kaikkia kyselyyn osallistuneita!<\/p>\n<p class=\"article-body mb-nof-24 px-nof-16\">Aamupodi on Aamulehden perjantaisin ilmestyv\u00e4 viikkopodcast. Kaikki jaksot l\u00f6ytyv\u00e4t Aamulehden sivuilta ja uutissovelluksesta sek\u00e4 my\u00f6s <a class=\"article-genericlink\" href=\"https:\/\/www.supla.fi\/podcast\/aamupodi\" rel=\"nofollow noopener\" target=\"_blank\">Suplasta<\/a>, <a class=\"article-genericlink\" href=\"https:\/\/open.spotify.com\/show\/6wy7wah5Sj2ichX3qvEomf\" rel=\"nofollow noopener\" target=\"_blank\">Spotifysta<\/a> ja <a class=\"article-genericlink\" href=\"https:\/\/podcasts.apple.com\/fi\/podcast\/aamupodi\/id1785006665\" rel=\"nofollow noopener\" target=\"_blank\">Apple Podcasteista<\/a>.<\/p>\n","protected":false},"excerpt":{"rendered":"Vuosi 2025 on pian taputeltu. Aamupodi nostaa p\u00f6yt\u00e4\u00e4n nelj\u00e4 t\u00e4n\u00e4 vuonna puhuttanutta aihetta. Aamulehti Aamupodin vuoden viimeinen jakso&hellip;\n","protected":false},"author":2,"featured_media":57734,"comment_status":"","ping_status":"","sticky":false,"template":"","format":"standard","meta":{"footnotes":""},"categories":[130],"tags":[157,137,33,31,30,32,109],"class_list":{"0":"post-120236","1":"post","2":"type-post","3":"status-publish","4":"format-standard","5":"has-post-thumbnail","7":"category-viihde","8":"tag-aamulehti","9":"tag-entertainment","10":"tag-fi","11":"tag-finland","12":"tag-finnish","13":"tag-suomi","14":"tag-viihde"},"share_on_mastodon":{"url":"https:\/\/pubeurope.com\/@fi\/115744195412661629","error":""},"_links":{"self":[{"href":"https:\/\/www.europesays.com\/fi\/wp-json\/wp\/v2\/posts\/120236","targetHints":{"allow":["GET"]}}],"collection":[{"href":"https:\/\/www.europesays.com\/fi\/wp-json\/wp\/v2\/posts"}],"about":[{"href":"https:\/\/www.europesays.com\/fi\/wp-json\/wp\/v2\/types\/post"}],"author":[{"embeddable":true,"href":"https:\/\/www.europesays.com\/fi\/wp-json\/wp\/v2\/users\/2"}],"replies":[{"embeddable":true,"href":"https:\/\/www.europesays.com\/fi\/wp-json\/wp\/v2\/comments?post=120236"}],"version-history":[{"count":0,"href":"https:\/\/www.europesays.com\/fi\/wp-json\/wp\/v2\/posts\/120236\/revisions"}],"wp:featuredmedia":[{"embeddable":true,"href":"https:\/\/www.europesays.com\/fi\/wp-json\/wp\/v2\/media\/57734"}],"wp:attachment":[{"href":"https:\/\/www.europesays.com\/fi\/wp-json\/wp\/v2\/media?parent=120236"}],"wp:term":[{"taxonomy":"category","embeddable":true,"href":"https:\/\/www.europesays.com\/fi\/wp-json\/wp\/v2\/categories?post=120236"},{"taxonomy":"post_tag","embeddable":true,"href":"https:\/\/www.europesays.com\/fi\/wp-json\/wp\/v2\/tags?post=120236"}],"curies":[{"name":"wp","href":"https:\/\/api.w.org\/{rel}","templated":true}]}}