{"id":12024,"date":"2025-08-21T10:27:08","date_gmt":"2025-08-21T10:27:08","guid":{"rendered":"https:\/\/www.europesays.com\/fi\/12024\/"},"modified":"2025-08-21T10:27:08","modified_gmt":"2025-08-21T10:27:08","slug":"jaajo-linnonmaan-yllatyspaluu","status":"publish","type":"post","link":"https:\/\/www.europesays.com\/fi\/12024\/","title":{"rendered":"Jaajo Linnonmaan yll\u00e4tyspaluu"},"content":{"rendered":"<p>            ATTE KAJOVA\n        <\/p>\n<p class=\"subtitle \">Diilin tuloksena Helsinkiin noussut j\u00e4ttiterassi oli Jaajosta surkuhupaisimmillaan, kun h\u00e4n oli sen ainoa asiakas.<\/p>\n<p class=\"article-content article-content-width !bg-background\">Vuodesta 2021 Diili\u00e4 p\u00e4\u00e4llik\u00f6inyt  on j\u00e4tt\u00e4nyt realitykisan taakseen, ja kisan tuloksena syntynyt j\u00e4ttiterassi on purettu. Seuraavat askeleet yll\u00e4tt\u00e4en osoittavatkin historiaan.<\/p>\n<p class=\"font-weight-bold m-font-weight-bold article-content article-content-width !bg-background\">Arkistovideo: Jaajo kertoo Diilin toissakaudesta<\/p>\n<p class=\"article-content article-content-width !bg-background\">Viimeiseksi j\u00e4\u00e4neell\u00e4 Diili-kaudellaan Jaajo k\u00e4ynnisti Helsingin Kasarmitorilla koko torin peitt\u00e4v\u00e4n j\u00e4ttiterassin, jossa oli joka ilta maksutonta ohjelmaa. Jaajo on aikaansaannoksesta itsekin hieman \u00e4llistynyt.<\/p>\n<p class=\"article-content article-content-width !bg-background\">\u2013 Ylip\u00e4\u00e4ns\u00e4, ett\u00e4 saimme viety\u00e4 l\u00e4pi projektin, jollaista ei aiemmin Suomessa ole n\u00e4hty. 65 p\u00e4iv\u00e4\u00e4 ilmaista ohjelmaa ja yli 400 000 k\u00e4vij\u00e4\u00e4. Isoja keikkoja, Mummodiskoja, perhep\u00e4ivi\u00e4, yhteislaulua, karaokea&#8230; Kaikki t\u00e4m\u00e4 Helsingin ydinkeskustassa, Suomen kes\u00e4ss\u00e4, johon kuuluvat kes\u00e4sateen ja myrskyt, Jaajo p\u00e4ivittelee.<\/p>\n<p>        <a itemprop=\"url\" href=\"https:\/\/www.seiska.fi\/kotimaa\/jaajon-superterassilla-valtava-julkkisryntays-salarakkaita-tv-tahtia-ja-kohupoliitikko-paparazzikuvat\/1835077\" rel=\"nofollow noopener\" target=\"_blank\"><\/p>\n<p>\nPaparazzikuvat!\n<\/p>\n<p class=\"section-date\">\n        <strong class=\"article-section\" data-section=\"kotimaa\"><br \/>\n            kotimaa<br \/>\n        <\/strong><br \/>\n        12.6. 17:30\n    <\/p>\n<p>    Jaajon Superterassilla valtava julkkisrynt\u00e4ys! Salarakkaita, tv-t\u00e4hti\u00e4 ja kohupoliitikko \u2013 paparazzikuvat!<\/p>\n<p itemprop=\"description\" class=\"subtitle \">\n    Julkkikset ottivat ilon irti uuden tapahtumapaikan VIP-bileiss\u00e4.\n<\/p>\n<p>        <\/a><\/p>\n<p class=\"article-content article-content-width !bg-background\">\u2013\u00a0Olo on rehellisesti, kuin olisi mato-ongella repinyt 10<br \/>\nkilon lohen veneeseen! V\u00e4synyt, mutta onnellinen.<\/p>\n<p>Koko yritt\u00e4j\u00e4uran suurin ponnistus<\/p>\n<p class=\"article-content article-content-width !bg-background\">Liikemieheksi radiojuontajasta noussut Jaajo yll\u00e4tt\u00e4\u00e4 kertomalla, ett\u00e4 j\u00e4ttiterassi ei ollut vain h\u00e4nen viiden Diili-kautensa suurin vaan koko h\u00e4nen yritt\u00e4j\u00e4uransa suurin hanke. Diilist\u00e4 mukaan tulleita kisaajia  ja  Jaajo kiitt\u00e4\u00e4kin n\u00e4tisti.<\/p>\n<p>        <a itemprop=\"url\" href=\"https:\/\/www.seiska.fi\/katso\/diili-voittaja-aki-paljastaa-mita-kuvausten-jalkeen-tapahtui-tallaisen-roolin-han-sai-jaajon-yrityksessa\/1055674\" rel=\"nofollow noopener\" target=\"_blank\"><\/p>\n<p class=\"section-date\">\n        <strong class=\"article-section\" data-section=\"katso\"><br \/>\n            katso<br \/>\n        <\/strong><br \/>\n        12.6.2023 22:36\n    <\/p>\n<p>    Diili-voittaja Aki paljastaa, mit\u00e4 kuvausten j\u00e4lkeen tapahtui \u2013 t\u00e4llaisen roolin h\u00e4n sai Jaajon yrityksess\u00e4<\/p>\n<p itemprop=\"description\" class=\"subtitle \">\n    Aki Keskitalon kes\u00e4 menee uuden ty\u00f6n merkeiss\u00e4.\n<\/p>\n<p>        <\/a><\/p>\n<p class=\"article-content article-content-width !bg-background\">Suomen s\u00e4ihin Jaajo palaa useaan otteeseen haastattelussa. Vaikka kes\u00e4 muistetaan hein\u00e4kuun enn\u00e4tyshelleputkesta, kes\u00e4kuun sateet ovat saattaneet monelta unohtua.\u00a0<\/p>\n<p class=\"article-content article-content-width !bg-background\">\u2013\u00a0Surkuhupaisin hetki oli varmasti ensimm\u00e4inen Kaikki laulaa<br \/>\nSuperterassilla yhteislaulu. Vett\u00e4 tuli aamusta asti, lavalla oli 6 hengen<br \/>\norkesteri ja laulaja, yleis\u00f6lle oli painettu 100 lauluvihkoa.\u00a0Istuin yksin yleis\u00f6ss\u00e4.<\/p>\n<p class=\"article-content article-content-width !bg-background\">Tilanteesta otettu kuva levisi kulovalkean tavoin niin mediassa kuin somessa.<\/p>\n<p>        <a itemprop=\"url\" href=\"https:\/\/www.seiska.fi\/kotimaa\/yleisokato-jaajon-superterassi-kohtasi-epaonnisen-vastoinkaymisen\/1844918\" rel=\"nofollow noopener\" target=\"_blank\"><\/p>\n<p>\nJaajon Superterassi\n<\/p>\n<p class=\"section-date\">\n        <strong class=\"article-section\" data-section=\"kotimaa\"><br \/>\n            kotimaa<br \/>\n        <\/strong><br \/>\n        23.6. 10:05\n    <\/p>\n<p>    Yleis\u00f6kato! Jaajon Superterassi kohtasi ep\u00e4onnisen vastoink\u00e4ymisen<\/p>\n<p itemprop=\"description\" class=\"subtitle \">\n    Asiakashankinta on taitolaji. Ihan kaikkeen ei yritt\u00e4j\u00e4 kuitenkaan voi itse vaikuttaa.\n<\/p>\n<p>        <\/a><\/p>\n<p class=\"article-content article-content-width !bg-background\">P\u00e4\u00e4tt\u00e4j\u00e4isiss\u00e4 tilanne oli jo toinen.<\/p>\n<p>                <img decoding=\"async\" src=\"https:\/\/www.europesays.com\/fi\/wp-content\/uploads\/2025\/08\/1905317.webp\" width=\"576\" height=\"274\" alt=\"S\u00e4\u00e4n ankeuttamasta alusta huolimatta yhteislauluista tuli yksi superterassin ilmi\u00f6ist\u00e4. Kuva on p\u00e4\u00e4tt\u00e4j\u00e4isist\u00e4.\" loading=\"lazy\" \/>            <\/p>\n<p>\n            S\u00e4\u00e4n ankeuttamasta alusta huolimatta yhteislauluista tuli yksi superterassin ilmi\u00f6ist\u00e4. Kuva on p\u00e4\u00e4tt\u00e4j\u00e4isist\u00e4.<br \/>\n            Petri Mast\n        <\/p>\n<p class=\"article-content article-content-width !bg-background\">Jaajo uskoi konseptiin. Seuraavalla kerralla yleis\u00f6 laskettiin jo sadoissa, ja yll\u00e4 olevassa kuvassa paikalla oli 2 000 laulajaa.<\/p>\n<p>Tuliko rahaa kuten piti?<\/p>\n<p class=\"article-content article-content-width !bg-background\">Viel\u00e4 Jaajo ei tied\u00e4, millainen on superterassin lopullinen taloudellinen tulos. Se selvi\u00e4\u00e4 parin viikon kuluttua, kun viimeisetkin laskut ovat tulleet sis\u00e4\u00e4n ja ne on maksettu pois.<\/p>\n<p class=\"article-content article-content-width !bg-background\">\u2013 Mutta nyt n\u00e4ytt\u00e4\u00e4, ett\u00e4 j\u00e4\u00e4mme omilleen. Se oli meid\u00e4n<br \/>\ntavoite ensimm\u00e4isen\u00e4 vuotena, joten olemme todella tyytyv\u00e4isi\u00e4. <\/p>\n<p>        <a itemprop=\"url\" href=\"https:\/\/www.seiska.fi\/kotimaa\/jaajo-linnonmaa-yllattaa-ytimekkaalla-lomalla\/1882191\" rel=\"nofollow noopener\" target=\"_blank\"><\/p>\n<p>\nJaajo Linnonmaa\n<\/p>\n<p class=\"section-date\">\n        <strong class=\"article-section\" data-section=\"kotimaa\"><br \/>\n            kotimaa<br \/>\n        <\/strong><br \/>\n        5.8. 11:35\n    <\/p>\n<p>    Jaajo Linnonmaa yll\u00e4tt\u00e4\u00e4 ytimekk\u00e4\u00e4ll\u00e4 lomalla<\/p>\n<p itemprop=\"description\" class=\"subtitle \">\n    Jaajo Linnonmaan hymy ei hyytynyt, vaikka loma kesti hetken.\n<\/p>\n<p>        <\/a><\/p>\n<p class=\"article-content article-content-width !bg-background\">Vastaus ilmaisee kautta rantain, ett\u00e4 jatkoa terassihankkeelle olisi tulossa. Jaajo kuitenkin mainitsee j\u00e4lleen Suomen kuuluisat terassikelit kes\u00e4sateineen.<\/p>\n<p class=\"article-content article-content-width !bg-background\">\u2013\u00a0T\u00e4llaisen j\u00e4rjest\u00e4misess\u00e4 on valtava riski juuri<br \/>\ns\u00e4iden takia, joten pit\u00e4\u00e4 mietti\u00e4 v\u00e4h\u00e4n sill\u00e4kin kulmalla. <\/p>\n<p>Uuden jatko auki, yll\u00e4tyspaluu vanhaan tuttuun<\/p>\n<p class=\"article-content article-content-width !bg-background\">Jaajolla on kuitenkin optio parille seuraavalle vuodelle, joten keskusteluja ainakin k\u00e4yd\u00e4\u00e4n. H\u00e4n muistuttaa, ett\u00e4 superterassin 400 000 k\u00e4vij\u00e4\u00e4 kuitenkin kertovat, ett\u00e4 halua jatkolle l\u00f6ytyy.<\/p>\n<p>        <a itemprop=\"url\" href=\"https:\/\/www.seiska.fi\/kotimaa\/piritta-hagman-toi-korisrakkaansa-julkkisjuhliin-harvinainen-yhteiskuva\/1835276\" rel=\"nofollow noopener\" target=\"_blank\"><\/p>\n<p>\nPiritta Hagman ja korisrakas\n<\/p>\n<p class=\"section-date\">\n        <strong class=\"article-section\" data-section=\"kotimaa\"><br \/>\n            kotimaa<br \/>\n        <\/strong><br \/>\n        13.6. 05:30\n    <\/p>\n<p>    Piritta Hagman toi korisrakkaansa julkkisjuhliin \u2013 harvinainen yhteiskuva!<\/p>\n<p itemprop=\"description\" class=\"subtitle \">\n    Piritta nautti Jaajon Superterassin vauhdikkaasta avajaistunnelmasta.\n<\/p>\n<p>        <\/a><\/p>\n<p class=\"article-content article-content-width !bg-background\">Tarkkaan Jaajo ei kuitenkaan lupaa. Sen sijaan h\u00e4n yll\u00e4tt\u00e4\u00e4 paluulla menneisyyteen, tuttuihin Jaajo-konsepteihin.<\/p>\n<p class=\"article-content article-content-width !bg-background\">\u2013\u00a0J\u00e4tin Diilin, jotta voin nyt syksyll\u00e4 panostaa ensi vuoden<br \/>\ntapahtumiini.\u00a0Extreme Runien ja Raviristeilyn valmistelut on jo aloitettu!<\/p>\n<p>        <a itemprop=\"url\" href=\"https:\/\/www.seiska.fi\/kotimaa\/jaajo-linnonmaa-maksaa-viulut-haalii-tempaukseen-osallistujia\/1080803\" rel=\"nofollow noopener\" target=\"_blank\"><\/p>\n<p class=\"section-date\">\n        <strong class=\"article-section\" data-section=\"kotimaa\"><br \/>\n            kotimaa<br \/>\n        <\/strong><br \/>\n        11.7.2023 10:30\n    <\/p>\n<p>    Jaajo Linnonmaa maksaa viulut! Haalii tempaukseen osallistujia<\/p>\n<p itemprop=\"description\" class=\"subtitle \">\n    Jaajo on innoissaan p\u00e4\u00e4stess\u00e4\u00e4n tekem\u00e4\u00e4n hyv\u00e4\u00e4.\n<\/p>\n<p>        <\/a><\/p>\n","protected":false},"excerpt":{"rendered":"ATTE KAJOVA Diilin tuloksena Helsinkiin noussut j\u00e4ttiterassi oli Jaajosta surkuhupaisimmillaan, kun h\u00e4n oli sen ainoa asiakas. Vuodesta 2021&hellip;\n","protected":false},"author":2,"featured_media":12025,"comment_status":"","ping_status":"","sticky":false,"template":"","format":"standard","meta":{"footnotes":""},"categories":[133],"tags":[2678,4694,137,33,31,30,104,2681,5150,1240,32,5148,1667,206,4092,156,109,5149],"class_list":{"0":"post-12024","1":"post","2":"type-post","3":"status-publish","4":"format-standard","5":"has-post-thumbnail","7":"category-televisiot","8":"tag-diili","9":"tag-diili-2025","10":"tag-entertainment","11":"tag-fi","12":"tag-finland","13":"tag-finnish","14":"tag-helsinki","15":"tag-jaajo-linnonmaa","16":"tag-kasarmitori","17":"tag-raha","18":"tag-suomi","19":"tag-superterassi","20":"tag-tapahtumat","21":"tag-televisiot","22":"tag-terassi","23":"tag-tv","24":"tag-viihde","25":"tag-yhteislaulu"},"share_on_mastodon":{"url":"","error":""},"_links":{"self":[{"href":"https:\/\/www.europesays.com\/fi\/wp-json\/wp\/v2\/posts\/12024","targetHints":{"allow":["GET"]}}],"collection":[{"href":"https:\/\/www.europesays.com\/fi\/wp-json\/wp\/v2\/posts"}],"about":[{"href":"https:\/\/www.europesays.com\/fi\/wp-json\/wp\/v2\/types\/post"}],"author":[{"embeddable":true,"href":"https:\/\/www.europesays.com\/fi\/wp-json\/wp\/v2\/users\/2"}],"replies":[{"embeddable":true,"href":"https:\/\/www.europesays.com\/fi\/wp-json\/wp\/v2\/comments?post=12024"}],"version-history":[{"count":0,"href":"https:\/\/www.europesays.com\/fi\/wp-json\/wp\/v2\/posts\/12024\/revisions"}],"wp:featuredmedia":[{"embeddable":true,"href":"https:\/\/www.europesays.com\/fi\/wp-json\/wp\/v2\/media\/12025"}],"wp:attachment":[{"href":"https:\/\/www.europesays.com\/fi\/wp-json\/wp\/v2\/media?parent=12024"}],"wp:term":[{"taxonomy":"category","embeddable":true,"href":"https:\/\/www.europesays.com\/fi\/wp-json\/wp\/v2\/categories?post=12024"},{"taxonomy":"post_tag","embeddable":true,"href":"https:\/\/www.europesays.com\/fi\/wp-json\/wp\/v2\/tags?post=12024"}],"curies":[{"name":"wp","href":"https:\/\/api.w.org\/{rel}","templated":true}]}}