{"id":120254,"date":"2025-12-19T04:18:15","date_gmt":"2025-12-19T04:18:15","guid":{"rendered":"https:\/\/www.europesays.com\/fi\/120254\/"},"modified":"2025-12-19T04:18:15","modified_gmt":"2025-12-19T04:18:15","slug":"autoliitto-ottaa-myos-kantaa-sahko-ja-hybridiautojen-korjaamiseen-liittyvista-riskeista","status":"publish","type":"post","link":"https:\/\/www.europesays.com\/fi\/120254\/","title":{"rendered":"Autoliitto ottaa my\u00f6s kantaa s\u00e4hk\u00f6- ja hybridiautojen korjaamiseen liittyvist\u00e4 riskeist\u00e4!"},"content":{"rendered":"<p>Traficomin tiedote s\u00e4hk\u00f6- ja hybridiautojen korjaamiseen liittyvist\u00e4 riskeist\u00e4 on her\u00e4tt\u00e4nyt keskustelua. Kuluttajien kannalta on t\u00e4rke\u00e4\u00e4, ett\u00e4 p\u00e4\u00e4tt\u00e4j\u00e4t huolehtivat siit\u00e4, ett\u00e4 ladattaviakin autoja voidaan korjata kustannustehokkaasti, niihin riitt\u00e4\u00e4 varaosia, ja ett\u00e4 korjaamoiden v\u00e4lill\u00e4 s\u00e4ilyy kilpailua, todetaan Autoliiton tiedotteessa.<\/p>\n<p>Keskustelu autojen korjaamiseen ja korjaustapoihin liittyvist\u00e4 kysymyksist\u00e4 on k\u00e4ynyt viime p\u00e4ivin\u00e4 kuumana. Asiaan ovat ottaneet kantaa muun muassa Traficom sek\u00e4 Autoalan Keskusliitto tiedotteillaan. <\/p>\n<p>Traficom varoitti erityisesti korjaustapoihin liittyv\u00e4st\u00e4 turvallisuudesta ja sallituista korjaustavoista. Autoalan Keskusliitto oli t\u00e4n\u00e4\u00e4n l\u00e4hetetyss\u00e4 tiedotteessa Traficomin kanssa samoilla linjoilla.<\/p>\n<p>Autonomistajien kannalta on keskeist\u00e4, ett\u00e4 my\u00f6s uusien k\u00e4ytt\u00f6voimien osalta varmistetaan kilpailu autojen huolto- ja korjaustoiminnassa ja varaosien saatavuudessa.<\/p>\n<p>\u201dViranomaisten tulee varmistaa niin kansallisesti kuin EU:ssa s\u00e4\u00e4ntely, joka m\u00e4\u00e4r\u00e4\u00e4 autot valmistettavaksi siten, ett\u00e4 niit\u00e4 voidaan kustannustehokkaasti korjata\u201d, Autoliiton toimitusjohtaja <strong>Pasi Nieminen<\/strong> toteaa.<\/p>\n<p><strong>Toinen keskeinen asia<\/strong> on varmistaa korjaustiedon saatavuus niin, ett\u00e4 huolto- ja korjaustoimijoiden v\u00e4lill\u00e4 voi synty\u00e4 kilpailua.<\/p>\n<p><strong>Kolmantena on varmistettava<\/strong> kilpailun edellytykset varaosamarkkinoilla my\u00f6s muille kuin autonvalmistajan omille merkkiosille.<\/p>\n<p>Kaikki t\u00e4m\u00e4 edellytt\u00e4\u00e4 s\u00e4\u00e4ntely\u00e4 ja on kuluttajien edun mukaista. Autoliitto on yhdess\u00e4 eurooppalaisten sisarj\u00e4rjest\u00f6jens\u00e4 kanssa ajanut kuluttajien oikeuksia ja tukenut mm. \u201dRight to repair-Oikeus korjata\u201d -kampanjaa sek\u00e4 vaatinut kuluttajille parempia oikeuksia p\u00e4\u00e4tt\u00e4\u00e4 autojensa datan k\u00e4yt\u00f6st\u00e4 \u201dMy Car My Data\u201d-kampanjassa.<\/p>\n<p>\u201dTurvallisuudesta huolehtiminen on eritt\u00e4in t\u00e4rke\u00e4\u00e4, mutta sen varjolla ei pid\u00e4 luoda ylis\u00e4\u00e4ntely\u00e4, joka varmuuden vuoksi rajoittaa autonomistajien oikeuksia. Suljettujen j\u00e4rjestelmien luominen, jossa p\u00e4\u00e4syst\u00e4 auton korjaustietoihin p\u00e4\u00e4tt\u00e4\u00e4 autonvalmistaja, rajoittaa kilpailua eik\u00e4 ole kuluttajien etujen mukaista\u201d, Nieminen toteaa.<\/p>\n<p><strong>Lue my\u00f6s<\/strong><\/p>\n<p><a style=\"color: #0000ff; text-decoration: underline;\" href=\"https:\/\/autotoday.fi\/keskustelu-sahko-ja-hybridiautojen-korjauksesta-on-saanut-osin-harhaanjohtavia-savyja\/\" target=\"_blank\" rel=\"noopener nofollow\">Keskustelu s\u00e4hk\u00f6- ja hybridiautojen korjauksesta on saanut osin harhaanjohtavia s\u00e4vyj\u00e4!<\/a><\/p>\n<p><a style=\"color: #0000ff; text-decoration: underline;\" href=\"https:\/\/autotoday.fi\/sahko-ja-hybridiautojen-korjaustoihin-liittyvat-riskit-tunnistettava\/\" target=\"_blank\" rel=\"noopener nofollow\">S\u00e4hk\u00f6- ja hybridiautojen korjaust\u00f6ihin liittyv\u00e4t riskit tunnistettava!<\/a><\/p>\n<p><strong><a style=\"color: #0000ff; text-decoration: underline;\" href=\"https:\/\/us14.list-manage.com\/subscribe?u=8e0515500bad564d269cfa032&amp;id=956a995607\" target=\"_blank\" rel=\"noopener noreferrer nofollow\">\/\/ TILAA T\u00c4ST\u00c4 AUTOTODAYN UUTISKIRJE \/\/<\/a><\/strong><\/p>\n","protected":false},"excerpt":{"rendered":"Traficomin tiedote s\u00e4hk\u00f6- ja hybridiautojen korjaamiseen liittyvist\u00e4 riskeist\u00e4 on her\u00e4tt\u00e4nyt keskustelua. Kuluttajien kannalta on t\u00e4rke\u00e4\u00e4, ett\u00e4 p\u00e4\u00e4tt\u00e4j\u00e4t huolehtivat&hellip;\n","protected":false},"author":2,"featured_media":120255,"comment_status":"","ping_status":"","sticky":false,"template":"","format":"standard","meta":{"footnotes":""},"categories":[76],"tags":[79,77,33,31,30,32,78],"class_list":{"0":"post-120254","1":"post","2":"type-post","3":"status-publish","4":"format-standard","5":"has-post-thumbnail","7":"category-talous","8":"tag-business","9":"tag-economy","10":"tag-fi","11":"tag-finland","12":"tag-finnish","13":"tag-suomi","14":"tag-talous"},"share_on_mastodon":{"url":"https:\/\/pubeurope.com\/@fi\/115744309840302458","error":""},"_links":{"self":[{"href":"https:\/\/www.europesays.com\/fi\/wp-json\/wp\/v2\/posts\/120254","targetHints":{"allow":["GET"]}}],"collection":[{"href":"https:\/\/www.europesays.com\/fi\/wp-json\/wp\/v2\/posts"}],"about":[{"href":"https:\/\/www.europesays.com\/fi\/wp-json\/wp\/v2\/types\/post"}],"author":[{"embeddable":true,"href":"https:\/\/www.europesays.com\/fi\/wp-json\/wp\/v2\/users\/2"}],"replies":[{"embeddable":true,"href":"https:\/\/www.europesays.com\/fi\/wp-json\/wp\/v2\/comments?post=120254"}],"version-history":[{"count":0,"href":"https:\/\/www.europesays.com\/fi\/wp-json\/wp\/v2\/posts\/120254\/revisions"}],"wp:featuredmedia":[{"embeddable":true,"href":"https:\/\/www.europesays.com\/fi\/wp-json\/wp\/v2\/media\/120255"}],"wp:attachment":[{"href":"https:\/\/www.europesays.com\/fi\/wp-json\/wp\/v2\/media?parent=120254"}],"wp:term":[{"taxonomy":"category","embeddable":true,"href":"https:\/\/www.europesays.com\/fi\/wp-json\/wp\/v2\/categories?post=120254"},{"taxonomy":"post_tag","embeddable":true,"href":"https:\/\/www.europesays.com\/fi\/wp-json\/wp\/v2\/tags?post=120254"}],"curies":[{"name":"wp","href":"https:\/\/api.w.org\/{rel}","templated":true}]}}