{"id":120266,"date":"2025-12-19T04:41:11","date_gmt":"2025-12-19T04:41:11","guid":{"rendered":"https:\/\/www.europesays.com\/fi\/120266\/"},"modified":"2025-12-19T04:41:11","modified_gmt":"2025-12-19T04:41:11","slug":"illan-odotettu-scifi-heratti-fanien-toivon-odotukset-valuivat-hiekkaan-konkaritahdista-huolimatta","status":"publish","type":"post","link":"https:\/\/www.europesays.com\/fi\/120266\/","title":{"rendered":"Illan odotettu scifi her\u00e4tti fanien toivon &#8211; odotukset valuivat hiekkaan konkarit\u00e4hdist\u00e4 huolimatta"},"content":{"rendered":"<p>Illan tv-viihteess\u00e4 on elokuva Terminator: Dark Fate (2019).<\/p>\n<p>Dani joutuu tulevaisuudesta saapuneen tappajakyborgin maalitauluksi, mutta h\u00e4n saa nopeasti ymp\u00e4rilleen vaikuttavan suojelutiimin. Mukana taistelussa ovat veteraani Sarah Connor (<strong>Linda Hamilton<\/strong>), uusi kyborgisoturi sek\u00e4 yll\u00e4tt\u00e4v\u00e4 liittolainen \u2013 alkuper\u00e4inen terminaattori (<strong>Arnold Schwarzenegger<\/strong>).<\/p>\n<p>Moni odotti Dark Fatesta sarjan mahdollista uudelleensyntym\u00e4\u00e4, etenkin kun <strong>James Cameron <\/strong>teki paluun tuottajaksi. Toiveet kuitenkin murenivat, eik\u00e4 elokuva onnistunut nostamaan leffasarjaa takaisin huipulle.<\/p>\n<p><img loading=\"lazy\" height=\"1350\" width=\"2400\" class=\"wp-image-162642 sp-no-webp perfmatters-lazy\" alt=\"\" decoding=\"async\" src=\"https:\/\/www.europesays.com\/fi\/wp-content\/uploads\/2025\/12\/phx09454r1.jpg\"  data-\/> Terminator: Dark Fate (2019).<\/p>\n<p>Elokuvan t\u00e4hti Linda Hamilton antoi ymm\u00e4rt\u00e4\u00e4 vuoden 2024 haastattelussa luovuttaneensa elokuvasarjan suhteen.<\/p>\n<p>\u2013 Minulle riitt\u00e4\u00e4. En halua sanoa asiaan enemp\u00e4\u00e4. Tarina on jo kaluttu loppuun. En tied\u00e4, miksi kukaan haluaisi en\u00e4\u00e4 her\u00e4tt\u00e4\u00e4 sit\u00e4 henkiin, Hamilton sanoi Business Insiderin haastattelussa.<\/p>\n<p>Hamiltonilla oli vaikutti olleen silti kivaa kuvauksissa. Ohjaaja <strong>Tim Miller<\/strong> joutui kehottamaan h\u00e4nt\u00e4 lopettamaan hymyilemisen, kun Hamilton ampui aseilla.<\/p>\n<p>Dark Fate sai kriitikoilta vaihtelevia arvosteluja, mutta ainakin Wikipedian mukaan sit\u00e4 pidettiin parannuksena viimeaikaisiin edelt\u00e4jiin verrattuna. Elokuva j\u00e4i kuitenkin tappiolle 122,6 miljoonaa dollaria, mik\u00e4 tekee siit\u00e4 ison flopin. Elokuvasarjan luoja Cameron ei ole viel\u00e4 luovuttanut, sill\u00e4 h\u00e4nell\u00e4 on ty\u00f6n alla seitsem\u00e4s osa.<\/p>\n<p>Terminator: Dark Fate on my\u00f6s Disney Plussassa, ja leffa saa Metacritic-arvostelusivustolla keskim\u00e4\u00e4r\u00e4iseksi kriitikkojen pistem\u00e4\u00e4r\u00e4ksi 54. Yleis\u00f6 antaa leffalle nelj\u00e4 pistett\u00e4 kymmenest\u00e4. Alla traileri.<\/p>\n<p>Tulevat l\u00e4hetykset:<\/p>\n<ul class=\"wp-block-list\">\n<li>Pe 19.12.2025 klo 23.05 \u00b7 MTV3<\/li>\n<\/ul>\n<p>Lue my\u00f6s: <a href=\"https:\/\/www.episodi.fi\/uutiset\/muistatko-aliens-elokuvan-rohkean-naissotilaan-talta-jenette-goldstein-nayttaa-nyt\/\" title=\"Muistatko Aliens-elokuvan rohkean naissotilaan? T\u00e4lt\u00e4 Jenette Goldstein  n\u00e4ytt\u00e4\u00e4 nyt\" class=\"underline-custom !font-montserrat !font-bold !underline-offset-4 !decoration-4 !decoration-episodi-blue !text-md\" rel=\"nofollow noopener\" target=\"_blank\">Muistatko Aliens-elokuvan rohkean naissotilaan? T\u00e4lt\u00e4 Jenette Goldstein  n\u00e4ytt\u00e4\u00e4 nyt<\/a><\/p>\n<p>Lue my\u00f6s: <a href=\"https:\/\/www.episodi.fi\/uutiset\/muistatko-pikkutyton-aliens-elokuvasta-talta-48-vuotias-carrie-henn-nayttaa-nyt\/\" title=\"Muistatko tomeran pikkutyt\u00f6n Aliens-elokuvasta? T\u00e4lt\u00e4 48-vuotias Carrie Henn n\u00e4ytt\u00e4\u00e4 nyt\" class=\"underline-custom !font-montserrat !font-bold !underline-offset-4 !decoration-4 !decoration-episodi-blue !text-md\" rel=\"nofollow noopener\" target=\"_blank\">Muistatko tomeran pikkutyt\u00f6n Aliens-elokuvasta? T\u00e4lt\u00e4 48-vuotias Carrie Henn n\u00e4ytt\u00e4\u00e4 nyt<\/a><\/p>\n<p>Lue my\u00f6s: <a href=\"https:\/\/www.episodi.fi\/uutiset\/nyt-suoratoistona-nyrkkeilyelokuva-kertoo-suuren-nyrkkeilytahden-tarinan-nayttaa-miten-menestys-voi-tulla-missa-iassa-tahansa\/\" title=\"Nyt suoratoistona: Nyrkkeilyelokuva kertoo suuren ja sinnikk\u00e4\u00e4n t\u00e4hden tarinan \u2013 n\u00e4ytt\u00e4\u00e4 miten menestys voi tulla miss\u00e4 i\u00e4ss\u00e4 tahansa\" class=\"underline-custom !font-montserrat !font-bold !underline-offset-4 !decoration-4 !decoration-episodi-blue !text-md\" rel=\"nofollow noopener\" target=\"_blank\">Nyt suoratoistona: Nyrkkeilyelokuva kertoo suuren ja sinnikk\u00e4\u00e4n t\u00e4hden tarinan \u2013 n\u00e4ytt\u00e4\u00e4 miten menestys voi tulla miss\u00e4 i\u00e4ss\u00e4 tahansa<\/a><\/p>\n<p>Lue my\u00f6s: <a href=\"https:\/\/www.episodi.fi\/uutiset\/nyt-suoratoistona-scifi-jarkale-joka-inspiroi-niin-star-warseja-kuin-alien-elokuvaakin-tama-teos-taytyy-jokaisen-nahda\/\" title=\"Nyt suoratoistona: Scifi-j\u00e4rk\u00e4le joka inspiroi niin Star Warseja kuin Alien-elokuvaakin \u2013 t\u00e4m\u00e4 teos t\u00e4ytyy jokaisen n\u00e4hd\u00e4!\" class=\"underline-custom !font-montserrat !font-bold !underline-offset-4 !decoration-4 !decoration-episodi-blue !text-md\" rel=\"nofollow noopener\" target=\"_blank\">Nyt suoratoistona: Scifi-j\u00e4rk\u00e4le joka inspiroi niin Star Warseja kuin Alien-elokuvaakin \u2013 t\u00e4m\u00e4 teos t\u00e4ytyy jokaisen n\u00e4hd\u00e4!<\/a><\/p>\n<p><img loading=\"lazy\" decoding=\"async\" alt=\"YouTube video\" width=\"480\" height=\"360\" data-pin-nopin=\"true\" nopin=\"nopin\" class=\"perfmatters-lazy\" src=\"https:\/\/www.europesays.com\/fi\/wp-content\/uploads\/2025\/12\/1766119271_806_hqdefault.jpg\"\/><\/p>\n<p>L\u00e4hde: <a href=\"https:\/\/screenrant.com\/terminator-movies-franchise-linda-hamilton-return-response\/\" target=\"_blank\" rel=\"noopener nofollow\">ScreenRant<\/a>, <a href=\"https:\/\/en.wikipedia.org\/wiki\/Terminator:_Dark_Fate\" target=\"_blank\" rel=\"noopener nofollow\">Wikipedia<\/a><\/p>\n<p>Lue my\u00f6s: <a href=\"https:\/\/www.episodi.fi\/uutiskirje\/?uutiskirjemainos=tekstilinkkimainos\" title=\"Tilaa Episodin uutiskirje ja voit voittaa leffalippuja! Nappaa tv-vinkit suoraan s\u00e4hk\u00f6postiin t\u00e4st\u00e4.\" class=\"underline-custom !font-montserrat !font-bold !underline-offset-4 !decoration-4 !decoration-episodi-blue !text-md\" rel=\"nofollow noopener\" target=\"_blank\">Tilaa Episodin uutiskirje ja voit voittaa leffalippuja! Nappaa katseluvinkit suoraan s\u00e4hk\u00f6postiin t\u00e4st\u00e4.<\/a><\/p>\n","protected":false},"excerpt":{"rendered":"Illan tv-viihteess\u00e4 on elokuva Terminator: Dark Fate (2019). Dani joutuu tulevaisuudesta saapuneen tappajakyborgin maalitauluksi, mutta h\u00e4n saa nopeasti&hellip;\n","protected":false},"author":2,"featured_media":120267,"comment_status":"","ping_status":"","sticky":false,"template":"","format":"standard","meta":{"footnotes":""},"categories":[130],"tags":[137,33,31,30,32,139,109],"class_list":{"0":"post-120266","1":"post","2":"type-post","3":"status-publish","4":"format-standard","5":"has-post-thumbnail","7":"category-viihde","8":"tag-entertainment","9":"tag-fi","10":"tag-finland","11":"tag-finnish","12":"tag-suomi","13":"tag-tv-ohjelmat","14":"tag-viihde"},"share_on_mastodon":{"url":"https:\/\/pubeurope.com\/@fi\/115744399896424097","error":""},"_links":{"self":[{"href":"https:\/\/www.europesays.com\/fi\/wp-json\/wp\/v2\/posts\/120266","targetHints":{"allow":["GET"]}}],"collection":[{"href":"https:\/\/www.europesays.com\/fi\/wp-json\/wp\/v2\/posts"}],"about":[{"href":"https:\/\/www.europesays.com\/fi\/wp-json\/wp\/v2\/types\/post"}],"author":[{"embeddable":true,"href":"https:\/\/www.europesays.com\/fi\/wp-json\/wp\/v2\/users\/2"}],"replies":[{"embeddable":true,"href":"https:\/\/www.europesays.com\/fi\/wp-json\/wp\/v2\/comments?post=120266"}],"version-history":[{"count":0,"href":"https:\/\/www.europesays.com\/fi\/wp-json\/wp\/v2\/posts\/120266\/revisions"}],"wp:featuredmedia":[{"embeddable":true,"href":"https:\/\/www.europesays.com\/fi\/wp-json\/wp\/v2\/media\/120267"}],"wp:attachment":[{"href":"https:\/\/www.europesays.com\/fi\/wp-json\/wp\/v2\/media?parent=120266"}],"wp:term":[{"taxonomy":"category","embeddable":true,"href":"https:\/\/www.europesays.com\/fi\/wp-json\/wp\/v2\/categories?post=120266"},{"taxonomy":"post_tag","embeddable":true,"href":"https:\/\/www.europesays.com\/fi\/wp-json\/wp\/v2\/tags?post=120266"}],"curies":[{"name":"wp","href":"https:\/\/api.w.org\/{rel}","templated":true}]}}