{"id":120268,"date":"2025-12-19T04:44:09","date_gmt":"2025-12-19T04:44:09","guid":{"rendered":"https:\/\/www.europesays.com\/fi\/120268\/"},"modified":"2025-12-19T04:44:09","modified_gmt":"2025-12-19T04:44:09","slug":"jatevesi-tulvi-taloyhtioon-tervakoskella-janakkalan-sanomat","status":"publish","type":"post","link":"https:\/\/www.europesays.com\/fi\/120268\/","title":{"rendered":"J\u00e4tevesi tulvi taloyhti\u00f6\u00f6n Tervakoskella &#8211; Janakkalan Sanomat"},"content":{"rendered":"<p class=\"article-ingress--medium\">Kunta ei ole korvausvastuussa, mutta korvaa kuitenkin taloyhti\u00f6lle pienen summan siit\u00e4 syyst\u00e4, ett\u00e4 taloyhti\u00f6lle annettiin v\u00e4\u00e4r\u00e4\u00e4 tietoa.<\/p>\n<p><img decoding=\"async\" src=\"https:\/\/www.europesays.com\/fi\/wp-content\/uploads\/2025\/12\/1766119449_51_468.jpg\" alt=\"J\u00e4tevesi kuljetetaan viem\u00e4riverkostoa pitkin j\u00e4tevedenpuhdistamolle.\" class=\"_Img_1rerz_1\" style=\"aspect-ratio:1.5\" loading=\"eager\"\/><\/p>\n<p class=\"article-picture-caption\">J\u00e4tevesi kuljetetaan viem\u00e4riverkostoa pitkin j\u00e4tevedenpuhdistamolle. Kuva:\u00a0Kari Mankkonen \/ Satakunnan Kansa<\/p>\n<p><a href=\"https:\/\/www.janakkalansanomat.fi\/haku\/?query=Veera+Visap%C3%A4%C3%A4\" rel=\"nofollow noopener\" target=\"_blank\"><\/p>\n<p>Veera Visap\u00e4\u00e4<\/p>\n<p><\/a><\/p>\n<p>6:30<\/p>\n<p class=\"article-body mb-nof-24 px-nof-16\">Tukos runkolinjassa aiheutti j\u00e4tevesitulvan tervakoskelaisessa taloyhti\u00f6ss\u00e4 marraskuussa. Janakkalan Veden toimitusjohtaja <a class=\"article-personlink\" href=\"https:\/\/www.janakkalansanomat.fi\/haku\/?query=Melina%20Mallat\" rel=\"nofollow noopener\" target=\"_blank\">Melina Mallat<\/a> kertoo, ett\u00e4 syyksi havaittiin viem\u00e4rist\u00e4 irronnut viem\u00e4risukan palanen, joka oli tukkinut putken.<\/p>\n<p>KommentoiIlmoita asiavirheest\u00e4KommentoiIlmoita asiavirheest\u00e4<\/p>\n","protected":false},"excerpt":{"rendered":"Kunta ei ole korvausvastuussa, mutta korvaa kuitenkin taloyhti\u00f6lle pienen summan siit\u00e4 syyst\u00e4, ett\u00e4 taloyhti\u00f6lle annettiin v\u00e4\u00e4r\u00e4\u00e4 tietoa. J\u00e4tevesi&hellip;\n","protected":false},"author":2,"featured_media":120269,"comment_status":"","ping_status":"","sticky":false,"template":"","format":"standard","meta":{"footnotes":""},"categories":[76],"tags":[79,77,33,31,30,1689,32,78],"class_list":{"0":"post-120268","1":"post","2":"type-post","3":"status-publish","4":"format-standard","5":"has-post-thumbnail","7":"category-talous","8":"tag-business","9":"tag-economy","10":"tag-fi","11":"tag-finland","12":"tag-finnish","13":"tag-janakkalan-sanomat","14":"tag-suomi","15":"tag-talous"},"share_on_mastodon":{"url":"https:\/\/pubeurope.com\/@fi\/115744412046188801","error":""},"_links":{"self":[{"href":"https:\/\/www.europesays.com\/fi\/wp-json\/wp\/v2\/posts\/120268","targetHints":{"allow":["GET"]}}],"collection":[{"href":"https:\/\/www.europesays.com\/fi\/wp-json\/wp\/v2\/posts"}],"about":[{"href":"https:\/\/www.europesays.com\/fi\/wp-json\/wp\/v2\/types\/post"}],"author":[{"embeddable":true,"href":"https:\/\/www.europesays.com\/fi\/wp-json\/wp\/v2\/users\/2"}],"replies":[{"embeddable":true,"href":"https:\/\/www.europesays.com\/fi\/wp-json\/wp\/v2\/comments?post=120268"}],"version-history":[{"count":0,"href":"https:\/\/www.europesays.com\/fi\/wp-json\/wp\/v2\/posts\/120268\/revisions"}],"wp:featuredmedia":[{"embeddable":true,"href":"https:\/\/www.europesays.com\/fi\/wp-json\/wp\/v2\/media\/120269"}],"wp:attachment":[{"href":"https:\/\/www.europesays.com\/fi\/wp-json\/wp\/v2\/media?parent=120268"}],"wp:term":[{"taxonomy":"category","embeddable":true,"href":"https:\/\/www.europesays.com\/fi\/wp-json\/wp\/v2\/categories?post=120268"},{"taxonomy":"post_tag","embeddable":true,"href":"https:\/\/www.europesays.com\/fi\/wp-json\/wp\/v2\/tags?post=120268"}],"curies":[{"name":"wp","href":"https:\/\/api.w.org\/{rel}","templated":true}]}}