{"id":120276,"date":"2025-12-19T04:59:09","date_gmt":"2025-12-19T04:59:09","guid":{"rendered":"https:\/\/www.europesays.com\/fi\/120276\/"},"modified":"2025-12-19T04:59:09","modified_gmt":"2025-12-19T04:59:09","slug":"heli-palsanmaki-syopahoidot-aiheuttivat-muistiongelmia","status":"publish","type":"post","link":"https:\/\/www.europesays.com\/fi\/120276\/","title":{"rendered":"Heli Palsanm\u00e4ki: Sy\u00f6p\u00e4hoidot aiheuttivat muistiongelmia"},"content":{"rendered":"<p>            Matti Matikainen\n        <\/p>\n<p class=\"subtitle \">Sairastettu sy\u00f6p\u00e4 vaikuttaa Heli Palsanm\u00e4en el\u00e4m\u00e4\u00e4n yh\u00e4.<\/p>\n<p class=\"article-content article-content-width !bg-background\">Suomen Huutokauppakeisari<br \/>\n-ohjelman suosikkit\u00e4hti<br \/>\n, 56, on el\u00e4nyt nyt yli vuoden sy\u00f6v\u00e4n varjossa.\u00a0<\/p>\n<p class=\"font-weight-bold m-font-weight-bold article-content article-content-width !bg-background\">Katso videolta Akin ja Helin jouluterveiset Seiskan lukijoille<\/p>\n<p class=\"article-content article-content-width !bg-background\">Onneksi tukena on ollut rakas vaimo  ,<br \/>\n47, jolla itsell\u00e4\u00e4nkin on kipe\u00e4\u00e4 kokemusta sy\u00f6p\u00e4hoidoista. Heli k\u00e4vi l\u00e4pi kohtusy\u00f6v\u00e4n vuonna 2022. <\/p>\n<p class=\"article-content article-content-width !bg-background\">H\u00e4nelt\u00e4 l\u00f6ytyi tuolloin nelj\u00e4n sentin pahanlaatuinen kasvain<br \/>\nkohdussa. Sy\u00f6p\u00e4 oli ehtinyt levit\u00e4.<\/p>\n<p class=\"article-content article-content-width !bg-background\">\u2013 Olin kev\u00e4\u00e4ll\u00e4 3-vuotiskontrollissa ja sain puhtaat<br \/>\npaperit, h\u00e4n kertoo hymyillen Seiskan haastattelussa pariskunnan talvikodissa Espanjan Aurinkorannikolla.<\/p>\n<p class=\"article-content article-content-width !bg-background\">\u2013\u00a0Tilanne on siin\u00e4 mieless\u00e4 hyv\u00e4 ja oloni<br \/>\nhuojentunut.<\/p>\n<p>        <a itemprop=\"url\" href=\"https:\/\/www.seiska.fi\/kotimaa\/heli-palsanmaen-erikoiset-suunnitelmat-aki-repii-pelihousunsa\/2010727\" rel=\"nofollow noopener\" target=\"_blank\"><\/p>\n<p>\nHelin erikoiset suunnitelmat\n<\/p>\n<p class=\"section-date\">\n        <strong class=\"article-section\" data-section=\"kotimaa\"><br \/>\n            kotimaa<br \/>\n        <\/strong><br \/>\n        3.12. 16:30\n    <\/p>\n<p>Heli Palsanm\u00e4en erikoiset suunnitelmat \u2013 &#8221;Aki repii pelihousunsa&#8221;\n    <\/p>\n<p itemprop=\"description\" class=\"subtitle \">\n    Helin kaavailema muutos voisi olla Akille liikaa.\n<\/p>\n<p>        <\/a><\/p>\n<p>                <img decoding=\"async\" src=\"https:\/\/www.europesays.com\/fi\/wp-content\/uploads\/2025\/12\/1997732.webp\" width=\"576\" height=\"639\" title=\"Heli ja Aki ovat olleet yhdess\u00e4 jo 20 vuotta. \u2013 Kunhan rakkautta, terveytt\u00e4 ja t\u00f6it\u00e4 riitt\u00e4\u00e4, kaikki on hyvin. Ja ennen kaikkea sit\u00e4 rakkautta!\" alt=\"Aki ja Heli Palsanm\u00e4ki poseeraavat Seiskalle Espanjassa marraskuussa 2025.\" loading=\"lazy\" \/>            <\/p>\n<p>\n            Heli ja Aki ovat olleet yhdess\u00e4 jo 20 vuotta. \u2013 Kunhan rakkautta, terveytt\u00e4 ja t\u00f6it\u00e4 riitt\u00e4\u00e4, kaikki on hyvin. Ja ennen kaikkea sit\u00e4 rakkautta!<br \/>\n            JARI PELTOM\u00c4KI\n        <\/p>\n<p>Muistiongelmia<\/p>\n<p class=\"article-content article-content-width !bg-background\">Sairaus muistuttaa kuitenkin yh\u00e4 itsest\u00e4\u00e4n. S\u00e4dehoito<br \/>\naiheutti monta harmia, mutta onneksi kasvain saatin sill\u00e4 pois.<br \/>\nImusolmukevaurioiden takia Helin jalkoihin kertyy nestett\u00e4, ja h\u00e4n sai kaksi<br \/>\nveritulppaakin. Nyt Heli k\u00e4ytt\u00e4\u00e4 erityisi\u00e4 kompressiosukkia.<\/p>\n<p class=\"article-content article-content-width !bg-background\">\u2013 Ne ovat hyvin ep\u00e4mukavat ja kutsunkin niit\u00e4 helvetin<br \/>\nsukiksi. Mutta toki ne ovat tarpeelliset.\u00a0<\/p>\n<p class=\"article-content article-content-width !bg-background\"> \u2013\u00a0Minulla on ollut my\u00f6s yll\u00e4tt\u00e4vi\u00e4<br \/>\nmuistiongelmia. Monet sy\u00f6p\u00e4hoidoissa olleet kanssaihmiset ovat kertoneet<br \/>\nsamanlaisista vaikeuksista. Ehk\u00e4 kuormitusta on ollut liikaa p\u00e4\u00e4ss\u00e4, en tahdo<br \/>\nmuistaa ja tunnistaa ihmisi\u00e4. Keskittyminen on v\u00e4lill\u00e4 todella vaikeaa,<br \/>\nvarsinkin h\u00e4lin\u00e4ss\u00e4.<\/p>\n<p>        <a itemprop=\"url\" href=\"https:\/\/www.seiska.fi\/vain-seiskassa\/keuhkosyopaa-sairastava-aki-palsanmaki-tupakanpoltostaan-en-halua-moralisoida-mutta\/1488635\" rel=\"nofollow noopener\" target=\"_blank\"><\/p>\n<p class=\"section-date\">\n        <strong class=\"article-section\" data-section=\"vain seiskassa\"><br \/>\n            vain seiskassa<br \/>\n        <\/strong><br \/>\n        16.10.2024 05:00\n    <\/p>\n<p>Keuhkosy\u00f6p\u00e4\u00e4 sairastava Aki Palsanm\u00e4ki tupakanpoltostaan: &#8221;En halua moralisoida, mutta&#8230;&#8221;\n    <\/p>\n<p itemprop=\"description\" class=\"subtitle \">\n    Huutokauppakeisari kertoo sy\u00f6p\u00e4shokistaan Seiskan erikoishaastattelussa.\n<\/p>\n<p>        <\/a><\/p>\n<p>                <img decoding=\"async\" src=\"https:\/\/www.europesays.com\/fi\/wp-content\/uploads\/2025\/12\/1997230.webp\" width=\"576\" height=\"274\" title=\"Aki ja Heli viett\u00e4v\u00e4t joulua t\u00e4n\u00e4 vuonna Espanjassa.\" alt=\"Aki ja Heli Palsanm\u00e4ki poseeraavat Seiskalle marraskuussa 2025.\" loading=\"lazy\" \/>            <\/p>\n<p>\n            Aki ja Heli viett\u00e4v\u00e4t joulua t\u00e4n\u00e4 vuonna Espanjassa.<br \/>\n            JARI PELTOM\u00c4KI\n        <\/p>\n<p>        <a itemprop=\"url\" href=\"https:\/\/www.seiska.fi\/kotimaa\/talta-aki-ja-heli-palsanmaki-nayttivat-tullessaan-julkisuuteen-katso-ja-vertaa\/1539812\" rel=\"nofollow noopener\" target=\"_blank\"><\/p>\n<p class=\"section-date\">\n        <strong class=\"article-section\" data-section=\"kotimaa\"><br \/>\n            kotimaa<br \/>\n        <\/strong><br \/>\n        6.12.2024 09:00\n    <\/p>\n<p>T\u00e4lt\u00e4 Aki ja Heli Palsanm\u00e4ki n\u00e4yttiv\u00e4t tullessaan julkisuuteen \u2013 katso ja vertaa!\n    <\/p>\n<p itemprop=\"description\" class=\"subtitle \">\n    Palsanm\u00e4et ovat ilostuttaneet tv-katsojia jo yli kymmenen vuotta.\n<\/p>\n<p>        <\/a><\/p>\n<p class=\"article-content article-content-width !bg-background\">\u00a0<\/p>\n","protected":false},"excerpt":{"rendered":"Matti Matikainen Sairastettu sy\u00f6p\u00e4 vaikuttaa Heli Palsanm\u00e4en el\u00e4m\u00e4\u00e4n yh\u00e4. Suomen Huutokauppakeisari -ohjelman suosikkit\u00e4hti , 56, on el\u00e4nyt nyt&hellip;\n","protected":false},"author":2,"featured_media":120277,"comment_status":"","ping_status":"","sticky":false,"template":"","format":"standard","meta":{"footnotes":""},"categories":[136],"tags":[9516,407,137,1819,33,31,30,9515,21707,5856,408,21708,6612,32,1469,167,109],"class_list":{"0":"post-120276","1":"post","2":"type-post","3":"status-publish","4":"format-standard","5":"has-post-thumbnail","7":"category-julkkikset","8":"tag-aki-palsanmaki","9":"tag-celebrities","10":"tag-entertainment","11":"tag-espanja","12":"tag-fi","13":"tag-finland","14":"tag-finnish","15":"tag-heli-palsanmaki","16":"tag-huutokauppakeisari","17":"tag-joulu","18":"tag-julkkikset","19":"tag-kohtusyopa","20":"tag-suomen-huutokauppakeisari","21":"tag-suomi","22":"tag-syopa","23":"tag-terveys","24":"tag-viihde"},"share_on_mastodon":{"url":"https:\/\/pubeurope.com\/@fi\/115744470837413868","error":""},"_links":{"self":[{"href":"https:\/\/www.europesays.com\/fi\/wp-json\/wp\/v2\/posts\/120276","targetHints":{"allow":["GET"]}}],"collection":[{"href":"https:\/\/www.europesays.com\/fi\/wp-json\/wp\/v2\/posts"}],"about":[{"href":"https:\/\/www.europesays.com\/fi\/wp-json\/wp\/v2\/types\/post"}],"author":[{"embeddable":true,"href":"https:\/\/www.europesays.com\/fi\/wp-json\/wp\/v2\/users\/2"}],"replies":[{"embeddable":true,"href":"https:\/\/www.europesays.com\/fi\/wp-json\/wp\/v2\/comments?post=120276"}],"version-history":[{"count":0,"href":"https:\/\/www.europesays.com\/fi\/wp-json\/wp\/v2\/posts\/120276\/revisions"}],"wp:featuredmedia":[{"embeddable":true,"href":"https:\/\/www.europesays.com\/fi\/wp-json\/wp\/v2\/media\/120277"}],"wp:attachment":[{"href":"https:\/\/www.europesays.com\/fi\/wp-json\/wp\/v2\/media?parent=120276"}],"wp:term":[{"taxonomy":"category","embeddable":true,"href":"https:\/\/www.europesays.com\/fi\/wp-json\/wp\/v2\/categories?post=120276"},{"taxonomy":"post_tag","embeddable":true,"href":"https:\/\/www.europesays.com\/fi\/wp-json\/wp\/v2\/tags?post=120276"}],"curies":[{"name":"wp","href":"https:\/\/api.w.org\/{rel}","templated":true}]}}