{"id":120294,"date":"2025-12-19T05:26:01","date_gmt":"2025-12-19T05:26:01","guid":{"rendered":"https:\/\/www.europesays.com\/fi\/120294\/"},"modified":"2025-12-19T05:26:01","modified_gmt":"2025-12-19T05:26:01","slug":"mustajarvi-perui-elokuun-keikan","status":"publish","type":"post","link":"https:\/\/www.europesays.com\/fi\/120294\/","title":{"rendered":"Mustaj\u00e4rvi perui elokuun keikan"},"content":{"rendered":"<p>Manserockin ikoni <strong>Pate Mustaj\u00e4rvi<\/strong> on joutunut perumaan tulevia keikkojaan. H\u00e4n kertoi lokakuussa saamastaan sy\u00f6p\u00e4diagnoosista ja ilmoitti samalla keikkojen peruuntumisesta.<\/p>\n<p>\u2013 Mun kehostani l\u00f6ytyi tuumori, joka paljastui luonteeltaan suhteellisen \u00e4rh\u00e4kk\u00e4\u00e4ksi. Hoidot sen taltuttamiseksi alkavat samantien, mutta koska toipuminen vaatii aikaa ja rauhaa, niin joudun valitettavasti perumaan kaikki t\u00e4h\u00e4n menness\u00e4 ilmoitetut keikat, ilmoitti Mustaj\u00e4rvi lokakuussa. <\/p>\n<p>Lue my\u00f6s: <a href=\"https:\/\/www.como.fi\/uutiset\/pate-mustajarvi-kertoi-aggressiivisesta-kasvaimestaan-myotatuntoa-valtavasti-niin-kollegoilta-kuin-faneilta\/\" title=\"Pate Mustaj\u00e4rvi kertoi aggressiivisesta kasvaimestaan: my\u00f6t\u00e4tuntoa valtavasti niin kollegoilta kuin faneilta\" class=\"underline-custom !font-montserrat !font-bold !underline-offset-4 !decoration-4 !decoration-red-600 !text-md\" rel=\"nofollow noopener\" target=\"_blank\">Pate Mustaj\u00e4rvi kertoi aggressiivisesta kasvaimestaan: my\u00f6t\u00e4tuntoa valtavasti niin kollegoilta kuin faneilta<\/a><\/p>\n<p>Nyt Mustaj\u00e4rvest\u00e4 kerrotaan lis\u00e4\u00e4 huonoja uutisia. Nekin liittyv\u00e4t keikkoihin, joita on peruttu taas yksi lis\u00e4\u00e4. Kyseess\u00e4 on Tampereen Tammelan stadionilla lauantaina 1. elokuuta j\u00e4rjestett\u00e4v\u00e4 Manserock stadionilla -tapahtuma.<\/p>\n<p>Lue my\u00f6s: <a href=\"https:\/\/www.como.fi\/uutiset\/pate-mustajarvi-myy-taloaan-katso-sisakuvat\/\" title=\"Pate Mustaj\u00e4rvi myy taloaan \u2013 katso sis\u00e4kuvat!\" class=\"underline-custom !font-montserrat !font-bold !underline-offset-4 !decoration-4 !decoration-red-600 !text-md\" rel=\"nofollow noopener\" target=\"_blank\">Pate Mustaj\u00e4rvi myy taloaan \u2013 katso sis\u00e4kuvat!<\/a><\/p>\n<p>\u2013 Pate Mustaj\u00e4rvi joutuu j\u00e4tt\u00e4m\u00e4\u00e4n ensi vuodelle suunnitellut konsertit, my\u00f6s Tammelan stadionin keikan, v\u00e4liin terveydentilansa vuoksi, kerrotaan ProPromotion Oy:n tiedotteessa.<\/p>\n<p>Lue my\u00f6s: <a href=\"https:\/\/www.como.fi\/uutiset\/pate-mustajarvelta-ulostulo-syovan-p-kele\/\" title=\"Pate Mustaj\u00e4rvelt\u00e4 ulostulo: \u201dSy\u00f6v\u00e4n p-kele\u2026\u201d\" class=\"underline-custom !font-montserrat !font-bold !underline-offset-4 !decoration-4 !decoration-red-600 !text-md\" rel=\"nofollow noopener\" target=\"_blank\">Pate Mustaj\u00e4rvelt\u00e4 ulostulo: \u201dSy\u00f6v\u00e4n p-kele\u2026\u201d<\/a><\/p>\n<p>Manserockissa esiintyy Mustaj\u00e4rve\u00e4 lukuun ottamatta muun muassa <strong>Martti Syrj\u00e4<\/strong>, <strong>Heikki Hela<\/strong> ja <strong>Mikko Alatalo<\/strong>.<\/p>\n<p>N\u00e4et Paten ilmoituksen sy\u00f6v\u00e4st\u00e4 <a href=\"https:\/\/www.instagram.com\/p\/DP3HMhQDP4A\/?utm_source=ig_web_copy_link&amp;igsh=MzRlODBiNWFlZA==\" target=\"_blank\" rel=\"noreferrer noopener nofollow\">t\u00e4\u00e4lt\u00e4<\/a>.<\/p>\n<p>Lue my\u00f6s: <a href=\"https:\/\/www.como.fi\/tilaa-comon-uutiskirje\/\" title=\"Tilaa Comon uutiskirje ja tied\u00e4t mist\u00e4 kahvitauolla puhutaan! Nappaa kotimaan tv-vinkit ja puheenaiheet suoraan s\u00e4hk\u00f6postiin t\u00e4st\u00e4.\" class=\"underline-custom !font-montserrat !font-bold !underline-offset-4 !decoration-4 !decoration-red-600 !text-md\" rel=\"nofollow noopener\" target=\"_blank\">Tilaa Comon uutiskirje ja tied\u00e4t mist\u00e4 kahvitauolla puhutaan! Nappaa kotimaan tv-vinkit ja puheenaiheet suoraan s\u00e4hk\u00f6postiin t\u00e4st\u00e4.<\/a><\/p>\n<p>\t\t\t<script async src=\"\/\/www.instagram.com\/embed.js\"><\/script><\/p>\n","protected":false},"excerpt":{"rendered":"Manserockin ikoni Pate Mustaj\u00e4rvi on joutunut perumaan tulevia keikkojaan. H\u00e4n kertoi lokakuussa saamastaan sy\u00f6p\u00e4diagnoosista ja ilmoitti samalla keikkojen&hellip;\n","protected":false},"author":2,"featured_media":120295,"comment_status":"","ping_status":"","sticky":false,"template":"","format":"standard","meta":{"footnotes":""},"categories":[136],"tags":[407,137,33,31,30,408,7504,32,109],"class_list":{"0":"post-120294","1":"post","2":"type-post","3":"status-publish","4":"format-standard","5":"has-post-thumbnail","7":"category-julkkikset","8":"tag-celebrities","9":"tag-entertainment","10":"tag-fi","11":"tag-finland","12":"tag-finnish","13":"tag-julkkikset","14":"tag-pate-mustaju00e4rvi","15":"tag-suomi","16":"tag-viihde"},"share_on_mastodon":{"url":"https:\/\/pubeurope.com\/@fi\/115744576847699640","error":""},"_links":{"self":[{"href":"https:\/\/www.europesays.com\/fi\/wp-json\/wp\/v2\/posts\/120294","targetHints":{"allow":["GET"]}}],"collection":[{"href":"https:\/\/www.europesays.com\/fi\/wp-json\/wp\/v2\/posts"}],"about":[{"href":"https:\/\/www.europesays.com\/fi\/wp-json\/wp\/v2\/types\/post"}],"author":[{"embeddable":true,"href":"https:\/\/www.europesays.com\/fi\/wp-json\/wp\/v2\/users\/2"}],"replies":[{"embeddable":true,"href":"https:\/\/www.europesays.com\/fi\/wp-json\/wp\/v2\/comments?post=120294"}],"version-history":[{"count":0,"href":"https:\/\/www.europesays.com\/fi\/wp-json\/wp\/v2\/posts\/120294\/revisions"}],"wp:featuredmedia":[{"embeddable":true,"href":"https:\/\/www.europesays.com\/fi\/wp-json\/wp\/v2\/media\/120295"}],"wp:attachment":[{"href":"https:\/\/www.europesays.com\/fi\/wp-json\/wp\/v2\/media?parent=120294"}],"wp:term":[{"taxonomy":"category","embeddable":true,"href":"https:\/\/www.europesays.com\/fi\/wp-json\/wp\/v2\/categories?post=120294"},{"taxonomy":"post_tag","embeddable":true,"href":"https:\/\/www.europesays.com\/fi\/wp-json\/wp\/v2\/tags?post=120294"}],"curies":[{"name":"wp","href":"https:\/\/api.w.org\/{rel}","templated":true}]}}