{"id":120296,"date":"2025-12-19T05:29:11","date_gmt":"2025-12-19T05:29:11","guid":{"rendered":"https:\/\/www.europesays.com\/fi\/120296\/"},"modified":"2025-12-19T05:29:11","modified_gmt":"2025-12-19T05:29:11","slug":"tanaan-tvssa-tom-cruise-on-totinen-pahis-viiden-tahden-rikoselokuva-vuodelta-2004","status":"publish","type":"post","link":"https:\/\/www.europesays.com\/fi\/120296\/","title":{"rendered":"T\u00e4n\u00e4\u00e4n tv:ss\u00e4: Tom Cruise on totinen pahis \u2013 Viiden t\u00e4hden rikoselokuva vuodelta 2004"},"content":{"rendered":"<p>T\u00e4n\u00e4\u00e4n n\u00e4hd\u00e4\u00e4n televisiossa vuonna 2004 valmistunut Collateral \u2013 v\u00e4\u00e4r\u00e4 aika, v\u00e4\u00e4r\u00e4 paikka.<\/p>\n<p>Taksikuski Max <strong>(Jamie Foxx)<\/strong> poimii kyytiins\u00e4 <strong>Tom<\/strong> <strong>Cruisen<\/strong> esitt\u00e4m\u00e4n palkkatappaja Vincentin mestariohjaaja <strong>Michael Mannin<\/strong> (Heat, Miami Vice) likipit\u00e4en t\u00e4ydellisess\u00e4 toimintatrilleriss\u00e4.<\/p>\n<p>Los Angelesin y\u00f6ss\u00e4 tappokeikalta toiselle taksikyydill\u00e4 kulkeva elokuva muodostuu p\u00e4\u00e4henkil\u00f6idens\u00e4 v\u00e4liseksi tahtojen taisteluksi, samaan aikaan kun poliisien v\u00e4hitt\u00e4inen p\u00e4\u00e4sy Vincentin j\u00e4ljille kirist\u00e4\u00e4 j\u00e4nnitysruuvia entisest\u00e4\u00e4n.<\/p>\n<p>Yleens\u00e4 sankareita esitt\u00e4v\u00e4 ja Pepsodent-hymy\u00e4 v\u00e4l\u00e4yttelev\u00e4 Cruise on t\u00e4ll\u00e4 kertaa totinen pahis. Tukka on v\u00e4rj\u00e4tty harmaaksi, ja rooli on haudanvakava. Cruisen ep\u00e4tavallisesta roolista huolimatta \u2013 tai ehk\u00e4 juuri sen takia \u2013 Collateral on erinomainen trilleri.<\/p>\n<p>Lue my\u00f6s: <a href=\"https:\/\/www.episodi.fi\/uutiset\/tom-cruise-ei-suostunut-vastaamaan-trump-aiheiseen-kysymykseen-vastaamme-mieluummin-kysymyksiin-elokuvasta\/\" title=\"Tom Cruise ei suostunut vastaamaan Trump-aiheiseen kysymykseen: \u201dVastaamme mieluummin kysymyksiin elokuvasta\u201d\" class=\"underline-custom !font-montserrat !font-bold !underline-offset-4 !decoration-4 !decoration-episodi-blue !text-md\" rel=\"nofollow noopener\" target=\"_blank\">Tom Cruise ei suostunut vastaamaan Trump-aiheiseen kysymykseen: \u201dVastaamme mieluummin kysymyksiin elokuvasta\u201d<\/a><\/p>\n<p>Mann kuvaa suurkaupungin y\u00f6t\u00e4 uraa uurtavalla digitaalivideotekniikalla saaden talteen h\u00e4m\u00e4r\u00e4n\u00e4kymi\u00e4 jotka eiv\u00e4t olisi tarttuneet filmille lainkaan. Collateral on ohjaajan parasta tuotantoa Heatin (1995) ohella, ja se ansaitseee tulla nautiskelluksi useampaankin kertaan.<\/p>\n<p>Collateral esitet\u00e4\u00e4n nyt televisiossa kaksi kertaa:<\/p>\n<ul class=\"wp-block-list\">\n<li>Pe 19.12.2025 klo 21.05 \u00b7 Jim<\/li>\n<li>Su 21.12.2025 klo 00.40 \u00b7 Nelonen<\/li>\n<\/ul>\n<p>Elokuva kuuluu my\u00f6s SkyShowtimen valikoimaan. Katso traileri alta.<\/p>\n<p><img loading=\"lazy\" decoding=\"async\" alt=\"YouTube video\" width=\"480\" height=\"360\" data-pin-nopin=\"true\" nopin=\"nopin\" class=\"perfmatters-lazy\" src=\"https:\/\/www.europesays.com\/fi\/wp-content\/uploads\/2025\/12\/1766122151_390_hqdefault.jpg\"\/><\/p>\n<p>Lue my\u00f6s: <a href=\"https:\/\/www.episodi.fi\/uutiskirje\/?uutiskirjemainos=tekstilinkkimainos\" title=\"Tilaa Episodin uutiskirje ja voit voittaa leffalippuja! Nappaa tv-vinkit suoraan s\u00e4hk\u00f6postiin t\u00e4st\u00e4.\" class=\"underline-custom !font-montserrat !font-bold !underline-offset-4 !decoration-4 !decoration-episodi-blue !text-md\" rel=\"nofollow noopener\" target=\"_blank\">Tilaa Episodin uutiskirje ja voit voittaa leffalippuja! Nappaa katseluvinkit suoraan s\u00e4hk\u00f6postiin t\u00e4st\u00e4.<\/a><\/p>\n","protected":false},"excerpt":{"rendered":"T\u00e4n\u00e4\u00e4n n\u00e4hd\u00e4\u00e4n televisiossa vuonna 2004 valmistunut Collateral \u2013 v\u00e4\u00e4r\u00e4 aika, v\u00e4\u00e4r\u00e4 paikka. Taksikuski Max (Jamie Foxx) poimii kyytiins\u00e4&hellip;\n","protected":false},"author":2,"featured_media":120297,"comment_status":"","ping_status":"","sticky":false,"template":"","format":"standard","meta":{"footnotes":""},"categories":[133],"tags":[137,33,31,30,32,206,139,156,109],"class_list":{"0":"post-120296","1":"post","2":"type-post","3":"status-publish","4":"format-standard","5":"has-post-thumbnail","7":"category-televisiot","8":"tag-entertainment","9":"tag-fi","10":"tag-finland","11":"tag-finnish","12":"tag-suomi","13":"tag-televisiot","14":"tag-tv-ohjelmat","15":"tag-tv","16":"tag-viihde"},"share_on_mastodon":{"url":"https:\/\/pubeurope.com\/@fi\/115744589401684262","error":""},"_links":{"self":[{"href":"https:\/\/www.europesays.com\/fi\/wp-json\/wp\/v2\/posts\/120296","targetHints":{"allow":["GET"]}}],"collection":[{"href":"https:\/\/www.europesays.com\/fi\/wp-json\/wp\/v2\/posts"}],"about":[{"href":"https:\/\/www.europesays.com\/fi\/wp-json\/wp\/v2\/types\/post"}],"author":[{"embeddable":true,"href":"https:\/\/www.europesays.com\/fi\/wp-json\/wp\/v2\/users\/2"}],"replies":[{"embeddable":true,"href":"https:\/\/www.europesays.com\/fi\/wp-json\/wp\/v2\/comments?post=120296"}],"version-history":[{"count":0,"href":"https:\/\/www.europesays.com\/fi\/wp-json\/wp\/v2\/posts\/120296\/revisions"}],"wp:featuredmedia":[{"embeddable":true,"href":"https:\/\/www.europesays.com\/fi\/wp-json\/wp\/v2\/media\/120297"}],"wp:attachment":[{"href":"https:\/\/www.europesays.com\/fi\/wp-json\/wp\/v2\/media?parent=120296"}],"wp:term":[{"taxonomy":"category","embeddable":true,"href":"https:\/\/www.europesays.com\/fi\/wp-json\/wp\/v2\/categories?post=120296"},{"taxonomy":"post_tag","embeddable":true,"href":"https:\/\/www.europesays.com\/fi\/wp-json\/wp\/v2\/tags?post=120296"}],"curies":[{"name":"wp","href":"https:\/\/api.w.org\/{rel}","templated":true}]}}