{"id":120304,"date":"2025-12-19T05:38:24","date_gmt":"2025-12-19T05:38:24","guid":{"rendered":"https:\/\/www.europesays.com\/fi\/120304\/"},"modified":"2025-12-19T05:38:24","modified_gmt":"2025-12-19T05:38:24","slug":"venalainen-palvelu-varasti-suomalaisen-konflikti-sarjan","status":"publish","type":"post","link":"https:\/\/www.europesays.com\/fi\/120304\/","title":{"rendered":"Ven\u00e4l\u00e4inen palvelu varasti suomalaisen Konflikti -sarjan"},"content":{"rendered":"<p><strong class=\"typography-bold\">Tuotantoyhti\u00f6 selvitt\u00e4\u00e4, miten suomalainen Konflikti -sarja on p\u00e4\u00e4tynyt ven\u00e4l\u00e4iseen suoratoistopalveluun. Tuottaja Andrei Al\u00e9n pit\u00e4\u00e4 tapausta eritt\u00e4in huolestuttavana.<\/strong><\/p>\n<p>Ven\u00e4l\u00e4inen Wink -suoratoistopalvelu mainostaa sivuillaan Konflikti -sarjan ensimm\u00e4ist\u00e4 tuotantokautta, joka on tulossa katsottavaksi 7. tammikuuta.\u00a0<\/p>\n<p>Sarjan kerrotaan olevan tunnetun ohjaajan <strong class=\"typography-bold\">Aku Louhimiehen<\/strong> k\u00e4sialaa ja p\u00e4\u00e4osin suomalaiset n\u00e4yttelij\u00e4t on listattu ohjelmatietoihin. Esittelykuva on t\u00e4sm\u00e4lleen sama, joka sarjasta on esill\u00e4 MTV Katsomon ohjelmasivuilla.\u00a0<\/p>\n<p>Suomalaisella Backmann &amp; Hoderoff -tuotantoyhti\u00f6ll\u00e4 ei kuitenkaan ole tietoakaan, miten sarja on p\u00e4\u00e4tynyt ven\u00e4l\u00e4iseen palveluun.<\/p>\n<p>\u2013 Tuotantoyhti\u00f6ll\u00e4 ei ole ollut mit\u00e4\u00e4n tekemist\u00e4 asian kanssa. Kyse on tekij\u00e4noikeusrikkomuksesta, kertoo <strong class=\"typography-bold\">Andrei Al\u00e9n<\/strong>, joka omistaa tuotantoyhti\u00f6n Louhimiehen kanssa.<\/p>\n<p>H\u00e4n kertoo kuulleensa asiasta t\u00e4n\u00e4\u00e4n toisen suomalaismedian yhteydenoton j\u00e4lkeen.<\/p>\n<p>\u2013 Emme miss\u00e4\u00e4n nimess\u00e4 ole myyneet esitysoikeuksia Ven\u00e4j\u00e4lle, emmek\u00e4 tee ven\u00e4l\u00e4isten tuotantoyhti\u00f6iden tai palvelujen kanssa mit\u00e4\u00e4n yhteisty\u00f6t\u00e4.<\/p>\n<p><strong class=\"typography-bold\">H\u00e4ik\u00e4ilem\u00e4t\u00f6nt\u00e4 manipulointia<\/strong><\/p>\n<p>Suurmenestyksen saavuttanut draamasarja julkaistiin marraskuussa 2024. Kyseess\u00e4 on <\/p>\n","protected":false},"excerpt":{"rendered":"Tuotantoyhti\u00f6 selvitt\u00e4\u00e4, miten suomalainen Konflikti -sarja on p\u00e4\u00e4tynyt ven\u00e4l\u00e4iseen suoratoistopalveluun. Tuottaja Andrei Al\u00e9n pit\u00e4\u00e4 tapausta eritt\u00e4in huolestuttavana. Ven\u00e4l\u00e4inen&hellip;\n","protected":false},"author":2,"featured_media":120305,"comment_status":"","ping_status":"","sticky":false,"template":"","format":"standard","meta":{"footnotes":""},"categories":[14],"tags":[22,23,26,27,33,31,30,17,24,25,28,29,15,18,21,32,19,20,56,16,59,60,61],"class_list":{"0":"post-120304","1":"post","2":"type-post","3":"status-publish","4":"format-standard","5":"has-post-thumbnail","7":"category-ulkomaat","8":"tag-breaking-news","9":"tag-breakingnews","10":"tag-featured-news","11":"tag-featurednews","12":"tag-fi","13":"tag-finland","14":"tag-finnish","15":"tag-headlines","16":"tag-latest-news","17":"tag-latestnews","18":"tag-main-news","19":"tag-mainnews","20":"tag-news","21":"tag-otsikot","22":"tag-paauutiset","23":"tag-suomi","24":"tag-top-stories","25":"tag-topstories","26":"tag-ulkomaat","27":"tag-uutiset","28":"tag-world","29":"tag-world-news","30":"tag-worldnews"},"share_on_mastodon":{"url":"https:\/\/pubeurope.com\/@fi\/115744624124120826","error":""},"_links":{"self":[{"href":"https:\/\/www.europesays.com\/fi\/wp-json\/wp\/v2\/posts\/120304","targetHints":{"allow":["GET"]}}],"collection":[{"href":"https:\/\/www.europesays.com\/fi\/wp-json\/wp\/v2\/posts"}],"about":[{"href":"https:\/\/www.europesays.com\/fi\/wp-json\/wp\/v2\/types\/post"}],"author":[{"embeddable":true,"href":"https:\/\/www.europesays.com\/fi\/wp-json\/wp\/v2\/users\/2"}],"replies":[{"embeddable":true,"href":"https:\/\/www.europesays.com\/fi\/wp-json\/wp\/v2\/comments?post=120304"}],"version-history":[{"count":0,"href":"https:\/\/www.europesays.com\/fi\/wp-json\/wp\/v2\/posts\/120304\/revisions"}],"wp:featuredmedia":[{"embeddable":true,"href":"https:\/\/www.europesays.com\/fi\/wp-json\/wp\/v2\/media\/120305"}],"wp:attachment":[{"href":"https:\/\/www.europesays.com\/fi\/wp-json\/wp\/v2\/media?parent=120304"}],"wp:term":[{"taxonomy":"category","embeddable":true,"href":"https:\/\/www.europesays.com\/fi\/wp-json\/wp\/v2\/categories?post=120304"},{"taxonomy":"post_tag","embeddable":true,"href":"https:\/\/www.europesays.com\/fi\/wp-json\/wp\/v2\/tags?post=120304"}],"curies":[{"name":"wp","href":"https:\/\/api.w.org\/{rel}","templated":true}]}}