{"id":120306,"date":"2025-12-19T05:39:09","date_gmt":"2025-12-19T05:39:09","guid":{"rendered":"https:\/\/www.europesays.com\/fi\/120306\/"},"modified":"2025-12-19T05:39:09","modified_gmt":"2025-12-19T05:39:09","slug":"pirkkalan-koulupuukotus-oikeuteen-16-vuotias-syytteessa-murhan-yrityksista","status":"publish","type":"post","link":"https:\/\/www.europesays.com\/fi\/120306\/","title":{"rendered":"Pirkkalan koulupuukotus oikeuteen: 16-vuotias syytteess\u00e4 murhan yrityksist\u00e4"},"content":{"rendered":"<p>Oikeudenk\u00e4ynnit|Uhreina oli kolme 14-vuotiasta tytt\u00f6\u00e4. HS seuraa kello 9 alkavaa oikeudenk\u00e4ynti\u00e4 hetki hetkelt\u00e4.<\/p>\n<p>Lue tiivistelm\u00e4<\/p>\n<p class=\"article-body mb-nof-24 px-nof-16 sndp-summary-bullet-point-font\">Pirkanmaan k\u00e4r\u00e4j\u00e4oikeus alkaa k\u00e4sitell\u00e4 perjantaina Pirkkalan V\u00e4h\u00e4j\u00e4rven koulussa toukokuussa tapahtuneita puukotuksia.<\/p>\n<p class=\"article-body mb-nof-24 px-nof-16 sndp-summary-bullet-point-font\">Syytteet kolmesta murhan yrityksest\u00e4 luetaan 16-vuotiaalle pojalle, joka puukotti kolmea 14-vuotiasta tytt\u00f6\u00e4.<\/p>\n<p class=\"article-body mb-nof-24 px-nof-16 sndp-summary-bullet-point-font\">Poliisi otti pojan kiinni 12 minuuttia h\u00e4t\u00e4ilmoituksen j\u00e4lkeen, ja poliisin mukaan h\u00e4n teki ennen tekoa manifestin ja videon.<\/p>\n<p class=\"article-body mb-nof-24 px-nof-16\">Pirkkalan V\u00e4h\u00e4j\u00e4rven koulussa toukokuussa tehtyjen puukotusten k\u00e4sittely alkaa perjantaina Pirkanmaan k\u00e4r\u00e4j\u00e4oikeudessa Tampereella.<\/p>\n<p class=\"article-body mb-nof-24 px-nof-16\">Kolmesta murhan yrityksest\u00e4 syytet\u00e4\u00e4n 16-vuotiasta poikaa. Uhreina oli kolme 14-vuotiasta tytt\u00f6\u00e4. Ep\u00e4ilty on yh\u00e4 vangittuna. H\u00e4n on ollut mielentilatutkimuksessa.<\/p>\n<p class=\"article-body mb-nof-24 px-nof-16\">Oikeutta k\u00e4yd\u00e4\u00e4n ilmeisesti p\u00e4\u00e4osin avoimin ovin, mutta viimeisi\u00e4 ratkaisuja t\u00e4ss\u00e4 asiassa odotetaan oikeudenk\u00e4ynnin alussa perjantaiaamuna.<\/p>\n<p class=\"article-body mb-nof-24 px-nof-16\">HS seuraa k\u00e4sittely\u00e4 oikeussalissa ja hetki hetkelt\u00e4 t\u00e4m\u00e4n jutun lopussa. Oikeudenk\u00e4ynnille on varattu yksi p\u00e4iv\u00e4, joten todenn\u00e4k\u00f6isesti my\u00f6s poikaa kuullaan perjantaina, jos h\u00e4n haluaa oikeudessa puhua.<\/p>\n<p class=\"article-body mb-nof-24 px-nof-16\">Syytetty poika k\u00e4vi samaa koulua kuin uhrinsa. Poliisi otti h\u00e4net kiinni 12 minuuttia siit\u00e4, kun poliisi sai teht\u00e4v\u00e4n h\u00e4t\u00e4keskukselta.<\/p>\n<p class=\"article-body mb-nof-24 px-nof-16\">Poliisin mukaan poika teki ennen puukotuksia jonkinlaisen manifestin ja videon. Manifestissa puukotuksen motiiviksi kerrottiin muun muassa halu tehd\u00e4 jotain merkitt\u00e4v\u00e4\u00e4 ja saada j\u00e4nnityst\u00e4 el\u00e4m\u00e4\u00e4n.<\/p>\n<p class=\"article-body mb-nof-24 px-nof-16\">Uhrit saivat vammoja, jotka vaativat sairaalahoitoa, mutta he kotiutuivat pian.<\/p>\n","protected":false},"excerpt":{"rendered":"Oikeudenk\u00e4ynnit|Uhreina oli kolme 14-vuotiasta tytt\u00f6\u00e4. HS seuraa kello 9 alkavaa oikeudenk\u00e4ynti\u00e4 hetki hetkelt\u00e4. Lue tiivistelm\u00e4 Pirkanmaan k\u00e4r\u00e4j\u00e4oikeus alkaa&hellip;\n","protected":false},"author":2,"featured_media":120307,"comment_status":"","ping_status":"","sticky":false,"template":"","format":"standard","meta":{"footnotes":""},"categories":[12],"tags":[22,23,26,27,33,31,30,17,46,24,25,28,29,15,18,21,32,19,20,16],"class_list":{"0":"post-120306","1":"post","2":"type-post","3":"status-publish","4":"format-standard","5":"has-post-thumbnail","7":"category-suomi","8":"tag-breaking-news","9":"tag-breakingnews","10":"tag-featured-news","11":"tag-featurednews","12":"tag-fi","13":"tag-finland","14":"tag-finnish","15":"tag-headlines","16":"tag-helsingin-sanomat","17":"tag-latest-news","18":"tag-latestnews","19":"tag-main-news","20":"tag-mainnews","21":"tag-news","22":"tag-otsikot","23":"tag-paauutiset","24":"tag-suomi","25":"tag-top-stories","26":"tag-topstories","27":"tag-uutiset"},"share_on_mastodon":{"url":"https:\/\/pubeurope.com\/@fi\/115744628073132571","error":""},"_links":{"self":[{"href":"https:\/\/www.europesays.com\/fi\/wp-json\/wp\/v2\/posts\/120306","targetHints":{"allow":["GET"]}}],"collection":[{"href":"https:\/\/www.europesays.com\/fi\/wp-json\/wp\/v2\/posts"}],"about":[{"href":"https:\/\/www.europesays.com\/fi\/wp-json\/wp\/v2\/types\/post"}],"author":[{"embeddable":true,"href":"https:\/\/www.europesays.com\/fi\/wp-json\/wp\/v2\/users\/2"}],"replies":[{"embeddable":true,"href":"https:\/\/www.europesays.com\/fi\/wp-json\/wp\/v2\/comments?post=120306"}],"version-history":[{"count":0,"href":"https:\/\/www.europesays.com\/fi\/wp-json\/wp\/v2\/posts\/120306\/revisions"}],"wp:featuredmedia":[{"embeddable":true,"href":"https:\/\/www.europesays.com\/fi\/wp-json\/wp\/v2\/media\/120307"}],"wp:attachment":[{"href":"https:\/\/www.europesays.com\/fi\/wp-json\/wp\/v2\/media?parent=120306"}],"wp:term":[{"taxonomy":"category","embeddable":true,"href":"https:\/\/www.europesays.com\/fi\/wp-json\/wp\/v2\/categories?post=120306"},{"taxonomy":"post_tag","embeddable":true,"href":"https:\/\/www.europesays.com\/fi\/wp-json\/wp\/v2\/tags?post=120306"}],"curies":[{"name":"wp","href":"https:\/\/api.w.org\/{rel}","templated":true}]}}