{"id":120312,"date":"2025-12-19T05:56:08","date_gmt":"2025-12-19T05:56:08","guid":{"rendered":"https:\/\/www.europesays.com\/fi\/120312\/"},"modified":"2025-12-19T05:56:08","modified_gmt":"2025-12-19T05:56:08","slug":"amazing-race-suomi-tulinen-syomistehtava-saa-kisaajat-itkemaan-ja-oksentamaan","status":"publish","type":"post","link":"https:\/\/www.europesays.com\/fi\/120312\/","title":{"rendered":"Amazing Race Suomi: Tulinen sy\u00f6misteht\u00e4v\u00e4 saa kisaajat itkem\u00e4\u00e4n ja oksentamaan"},"content":{"rendered":"<p>\n            Mari Hynynen (Perankoski), Joel Volanen, Amazing Race Suomi<br \/>\n            Sanoma\n        <\/p>\n<p class=\"subtitle \">Yksi kilpailija sy\u00f6 jopa omaa oksennustaan Amazing Racen piinallisessa teht\u00e4v\u00e4ss\u00e4.<\/p>\n<p class=\"article-content article-content-width !bg-background\">Amazing Race Suomessa on jo aiemmilla kausilla totuttu vatsaa v\u00e4\u00e4nt\u00e4viin sy\u00f6misteht\u00e4viin. Uusi kolmoskausi ei tee sen suhteen poikkeusta.<\/p>\n<p class=\"font-weight-bold m-font-weight-bold article-content article-content-width !bg-background\">Video: Amazing Race -kisaajien erikoiset ravintolakokemukset.<\/p>\n<p class=\"article-content article-content-width !bg-background\">Lauantaina 20.12. Nelosella n\u00e4ht\u00e4v\u00e4ss\u00e4 kuutosjaksossa ahmintateht\u00e4v\u00e4 laittaa osan kisaajista todella koville.<\/p>\n<p class=\"article-content article-content-width !bg-background\">Yksi kisaaja jokaisesta parista joutuu heitt\u00e4m\u00e4\u00e4n noppaa ja sy\u00f6m\u00e4\u00e4n noppien osoittaman m\u00e4\u00e4r\u00e4n alku-, p\u00e4\u00e4- ja j\u00e4lkiruokaa. Koska ollaan Sri Lankassa, tarjolla on eritt\u00e4in mausteisia ja tulisia herkkuja.<\/p>\n<p class=\"article-content article-content-width !bg-background\">Koska parit joutuvat p\u00e4\u00e4tt\u00e4m\u00e4\u00e4n osallistujan ennen kuin tiet\u00e4v\u00e4t teht\u00e4v\u00e4n sis\u00e4lt\u00f6\u00e4, tekev\u00e4t muutamat virhevalinnan.  ja  kohdalla valinta sen sijaan osoittautuu t\u00e4ysin oikeaksi.<\/p>\n<p class=\"article-content article-content-width !bg-background\">\u2013\u00a0Sullehan maistuu kaikki ruoka. Onks mit\u00e4\u00e4n mit\u00e4 s\u00e4 et voi sy\u00f6d\u00e4? Ai niin, korianteri, Sara nauraa veljelleen.<\/p>\n<p class=\"article-content article-content-width !bg-background\">Artturi ja Sara yskiv\u00e4t jo ravintolaan menness\u00e4\u00e4n, sill\u00e4 paikalla leijuu niin kova mausteiden tuoksu.<\/p>\n<p class=\"article-content article-content-width !bg-background\">\u2013\u00a0Kyll\u00e4 t\u00e4ss\u00e4 pikku hiuko alkaa olemaan, Artturi myh\u00e4ilee aloittaessaan urakkaansa.<\/p>\n<p class=\"article-content article-content-width !bg-background\">\u2013\u00a0Sulla on aina n\u00e4lk\u00e4, Sara kuittaa.<\/p>\n<p>        <a itemprop=\"url\" href=\"https:\/\/www.seiska.fi\/katso\/amazing-racen-tuotannolta-suora-ulostulo-erikoisesta-kaanteesta\/2022279\" rel=\"nofollow noopener\" target=\"_blank\"><\/p>\n<p>\nAmazing Race Suomen tuotanto:\n<\/p>\n<p class=\"section-date\">\n        <strong class=\"article-section\" data-section=\"katso\"><br \/>\n            katso<br \/>\n        <\/strong><br \/>\n        16.12. 06:15\n    <\/p>\n<p>Amazing Racen tuotannolta suora ulostulo erikoisesta k\u00e4\u00e4nteest\u00e4\n    <\/p>\n<p itemprop=\"description\" class=\"subtitle \">\n    Amazing Race Suomen viimeisimm\u00e4ss\u00e4 jaksossa n\u00e4htiin yll\u00e4tt\u00e4v\u00e4 k\u00e4\u00e4nne, kun etapin p\u00e4\u00e4tepisteelle viimeisen\u00e4 saapuneet Mari Hynynen ja Joel Volanen eiv\u00e4t pudonneetkaan kisasta. Matkansa joutuivat p\u00e4\u00e4tt\u00e4m\u00e4\u00e4n Nina Tapio ja Elsa Forsberg.\n<\/p>\n<p>        <\/a><\/p>\n<p>                <img decoding=\"async\" src=\"https:\/\/www.europesays.com\/fi\/wp-content\/uploads\/2025\/12\/2024552.webp\" width=\"576\" height=\"274\" title=\"Karoliina Tuominen oksensi kesken sy\u00f6misteht\u00e4v\u00e4n. Millu Haataja yritti lohduttaa pariaan.\" alt=\"Millu Haataja lohduttaa oksentavaa Karoliina Tuomista.\" loading=\"lazy\" \/>            <\/p>\n<p>\n            Karoliina Tuominen oksensi kesken sy\u00f6misteht\u00e4v\u00e4n. Millu Haataja yritti lohduttaa pariaan.<br \/>\n            Sanoma\n        <\/p>\n<p>&#8221;T\u00e4\u00e4 on paha homma&#8221;<\/p>\n<p class=\"article-content article-content-width !bg-background\">Huomattavan vaikeaksi teht\u00e4v\u00e4 osoittautuu ,  ja .<\/p>\n<p class=\"article-content article-content-width !bg-background\">\u2013\u00a0Mulla on valitettavan herkk\u00e4 tuo oksennusrefleksi, Karoliina parahtaa jo matkalla ravintolaan.<\/p>\n<p class=\"article-content article-content-width !bg-background\">\u2013\u00a0T\u00e4m\u00e4 on paha homma, Karoliina sanoo sy\u00f6dess\u00e4\u00e4n ja puhkeaa itkuun.<\/p>\n<p class=\"article-content article-content-width !bg-background\">H\u00e4nen parinsa  lohduttaa itkev\u00e4\u00e4 Karoliinaa.<\/p>\n<p class=\"article-content article-content-width !bg-background\">\u2013\u00a0Ei haittaa. Pid\u00e4 taukoa, Millu sanoo lempe\u00e4sti.<\/p>\n<p class=\"article-content article-content-width !bg-background\">Lopulta Karoliina oksentaa lattialle.<\/p>\n<p class=\"article-content article-content-width !bg-background\">\u2013\u00a0Mulla on niin ep\u00e4kunnioittava olo, Karoliina suree.<\/p>\n<p class=\"article-content article-content-width !bg-background\">H\u00e4n kuitenkin taistelee sy\u00f6misteht\u00e4v\u00e4n onnistuneesti loppuun asti.<\/p>\n<p>        <a itemprop=\"url\" href=\"https:\/\/www.seiska.fi\/katso\/maria-guzeninan-kaytos-ihmetyttaa-amazing-racessa\/2019166\" rel=\"nofollow noopener\" target=\"_blank\"><\/p>\n<p>\nAmazing Race Suomi\n<\/p>\n<p class=\"section-date\">\n        <strong class=\"article-section\" data-section=\"katso\"><br \/>\n            katso<br \/>\n        <\/strong><br \/>\n        13.12. 06:15\n    <\/p>\n<p>Maria Guzeninan k\u00e4yt\u00f6s ihmetytt\u00e4\u00e4 Amazing Racessa\n    <\/p>\n<p itemprop=\"description\" class=\"subtitle \">\n    Joidenkin kilpailijoiden v\u00e4lill\u00e4 on aistittavissa j\u00e4nnitteit\u00e4 Amazing Race Suomessa.\n<\/p>\n<p>        <\/a><\/p>\n<p>                <img decoding=\"async\" src=\"https:\/\/www.europesays.com\/fi\/wp-content\/uploads\/2025\/12\/2024619.webp\" width=\"576\" height=\"322\" title=\"Maria Guzenina pyyt\u00e4\u00e4 tarjoilijaa tuomaan lis\u00e4\u00e4 vett\u00e4, kun Vilma V\u00e4h\u00e4maa kamppailee saadakseen ruoka-annokset alas suustaan.\" alt=\"Maria Guzenina k\u00e4si pystyss\u00e4. Vilma V\u00e4h\u00e4maa n\u00e4ytt\u00e4\u00e4 huonovointiselta.\" loading=\"lazy\" \/>            <\/p>\n<p>\n            Maria Guzenina pyyt\u00e4\u00e4 tarjoilijaa tuomaan lis\u00e4\u00e4 vett\u00e4, kun Vilma V\u00e4h\u00e4maa kamppailee saadakseen ruoka-annokset alas suustaan.<br \/>\n            Sanoma\n        <\/p>\n<p>        <a itemprop=\"url\" href=\"https:\/\/www.seiska.fi\/katso\/ulostekohu-amazing-racessa-nyt-kommentoi-tuotanto\/2018374\" rel=\"nofollow noopener\" target=\"_blank\"><\/p>\n<p>\nUlostekohu Amazing Racessa\n<\/p>\n<p class=\"section-date\">\n        <strong class=\"article-section\" data-section=\"katso\"><br \/>\n            katso<br \/>\n        <\/strong><br \/>\n        12.12. 05:15\n    <\/p>\n<p>Ulostekohu Amazing Racessa \u2013 nyt kommentoi tuotanto\n    <\/p>\n<p itemprop=\"description\" class=\"subtitle \">\n    Amazing Race Suomi -ohjelman vastaava tuottaja Petra Martikainen kommentoi asiaa Katsolle.\n<\/p>\n<p>        <\/a><\/p>\n<p>&#8221;Polttaa mahaa&#8221;<\/p>\n<p class=\"article-content article-content-width !bg-background\">Vilmallakin ruokateht\u00e4v\u00e4 saa hien ja kyyneleet valumaan.<\/p>\n<p class=\"article-content article-content-width !bg-background\">\u2013\u00a0Ai v***u t\u00e4\u00e4 on tulista, Vilma parahtaa  huudellessa tarjoilijaa tuomaan lis\u00e4\u00e4 vett\u00e4.<\/p>\n<p class=\"article-content article-content-width !bg-background\">\u2013\u00a0Suu on ihan tulessa. M\u00e4 saatan oksentaa kohta, Vilma voihkii teht\u00e4v\u00e4n suoritettuaan.<\/p>\n<p class=\"article-content article-content-width !bg-background\">Sen j\u00e4lkeen h\u00e4n oksentaa kadunvarteen.<\/p>\n<p class=\"article-content article-content-width !bg-background\">Marikin kamppailee oksennusrefleksin kanssa. Y\u00f6kk\u00e4ilev\u00e4 Mari saa ruoat alas suustaan, mutta samalla tulee sy\u00f6ty\u00e4 muutakin.<\/p>\n<p class=\"article-content article-content-width !bg-background\">\u2013\u00a0Nyt s\u00f6in oman oksennuksen.<\/p>\n<p class=\"article-content article-content-width !bg-background\">Marin y\u00f6kk\u00e4ily jatkuu viel\u00e4 teht\u00e4v\u00e4n p\u00e4\u00e4tytty\u00e4kin.<\/p>\n<p class=\"article-content article-content-width !bg-background\">\u2013\u00a0Nyt polttaa mahaa.<\/p>\n<p class=\"italic m-italic article-content article-content-width !bg-background\">Amazing Race Suomi -kisan kuudes jakso Nelosella lauantaina 20.12. kello 19.30. Jakso on etuk\u00e4teen katsottavissa maksullisessa Ruutu+:ssa. Ilmaiseksi jakso on katsottavissa Ruudussa 20.12. kello 6.00 alkaen.<\/p>\n<p>        <a itemprop=\"url\" href=\"https:\/\/www.seiska.fi\/katso\/mari-hynynen-tilittaa-kauhunhetkistaan-amazing-racessa\/2022388\" rel=\"nofollow noopener\" target=\"_blank\"><\/p>\n<p>\nAmazing Race\n<\/p>\n<p class=\"section-date\">\n        <strong class=\"article-section\" data-section=\"katso\"><br \/>\n            katso<br \/>\n        <\/strong><br \/>\n        15.12. 15:15\n    <\/p>\n<p>Mari Hynynen tilitt\u00e4\u00e4 kauhunhetkist\u00e4\u00e4n Amazing Racessa\n    <\/p>\n<p itemprop=\"description\" class=\"subtitle \">\n    Mari Hynynen ja Joel Volanen kokivat niin turvattoman hetken, ett\u00e4 kisa oli v\u00e4h\u00e4ll\u00e4 keskeyty\u00e4.\n<\/p>\n<p>        <\/a><\/p>\n","protected":false},"excerpt":{"rendered":"Mari Hynynen (Perankoski), Joel Volanen, Amazing Race Suomi Sanoma Yksi kilpailija sy\u00f6 jopa omaa oksennustaan Amazing Racen piinallisessa&hellip;\n","protected":false},"author":2,"featured_media":120313,"comment_status":"","ping_status":"","sticky":false,"template":"","format":"standard","meta":{"footnotes":""},"categories":[133],"tags":[3177,16073,137,33,31,30,16089,8473,15286,16085,1758,2158,3423,16083,19893,32,21709,206,156,109,16077],"class_list":{"0":"post-120312","1":"post","2":"type-post","3":"status-publish","4":"format-standard","5":"has-post-thumbnail","7":"category-televisiot","8":"tag-amazing-race-suomi","9":"tag-artturi-sieppi","10":"tag-entertainment","11":"tag-fi","12":"tag-finland","13":"tag-finnish","14":"tag-karoliina-tuominen","15":"tag-mari-hynynen","16":"tag-maria-guzenina","17":"tag-millu-haataja","18":"tag-nelonen","19":"tag-ruutu","20":"tag-sara-sieppi","21":"tag-sari-majamaa","22":"tag-sri-lanka","23":"tag-suomi","24":"tag-syomistehtava","25":"tag-televisiot","26":"tag-tv","27":"tag-viihde","28":"tag-vilma-vahamaa"},"share_on_mastodon":{"url":"https:\/\/pubeurope.com\/@fi\/115744695045569203","error":""},"_links":{"self":[{"href":"https:\/\/www.europesays.com\/fi\/wp-json\/wp\/v2\/posts\/120312","targetHints":{"allow":["GET"]}}],"collection":[{"href":"https:\/\/www.europesays.com\/fi\/wp-json\/wp\/v2\/posts"}],"about":[{"href":"https:\/\/www.europesays.com\/fi\/wp-json\/wp\/v2\/types\/post"}],"author":[{"embeddable":true,"href":"https:\/\/www.europesays.com\/fi\/wp-json\/wp\/v2\/users\/2"}],"replies":[{"embeddable":true,"href":"https:\/\/www.europesays.com\/fi\/wp-json\/wp\/v2\/comments?post=120312"}],"version-history":[{"count":0,"href":"https:\/\/www.europesays.com\/fi\/wp-json\/wp\/v2\/posts\/120312\/revisions"}],"wp:featuredmedia":[{"embeddable":true,"href":"https:\/\/www.europesays.com\/fi\/wp-json\/wp\/v2\/media\/120313"}],"wp:attachment":[{"href":"https:\/\/www.europesays.com\/fi\/wp-json\/wp\/v2\/media?parent=120312"}],"wp:term":[{"taxonomy":"category","embeddable":true,"href":"https:\/\/www.europesays.com\/fi\/wp-json\/wp\/v2\/categories?post=120312"},{"taxonomy":"post_tag","embeddable":true,"href":"https:\/\/www.europesays.com\/fi\/wp-json\/wp\/v2\/tags?post=120312"}],"curies":[{"name":"wp","href":"https:\/\/api.w.org\/{rel}","templated":true}]}}