{"id":120316,"date":"2025-12-19T06:01:13","date_gmt":"2025-12-19T06:01:13","guid":{"rendered":"https:\/\/www.europesays.com\/fi\/120316\/"},"modified":"2025-12-19T06:01:13","modified_gmt":"2025-12-19T06:01:13","slug":"somevaikuttaja-kata-kamaraisella-diagnosoitiin-pcos-ihmettelee-saamiaan-ohjeita","status":"publish","type":"post","link":"https:\/\/www.europesays.com\/fi\/120316\/","title":{"rendered":"Somevaikuttaja Kata K\u00e4m\u00e4r\u00e4isell\u00e4 diagnosoitiin PCOS \u2013 ihmettelee saamiaan ohjeita"},"content":{"rendered":"<p>Kata K\u00e4m\u00e4r\u00e4inen kertoo k\u00e4rsiv\u00e4ns\u00e4 samasta vaivasta kuin jopa noin joka kuudes nainen.<\/p>\n<p class=\"article-body mb-nof-24 px-nof-16\">Somevaikuttaja <a class=\"article-personlink\" href=\"https:\/\/www.is.fi\/haku\/?query=Kata%20K%C3%A4m%C3%A4r%C3%A4inen\" rel=\"nofollow noopener\" target=\"_blank\">Kata K\u00e4m\u00e4r\u00e4inen<\/a> kertoo Instagramissa k\u00e4rsiv\u00e4ns\u00e4 PCOS:st\u00e4, eli polykystisesta munasarjaoireyhtym\u00e4st\u00e4.<\/p>\n<p class=\"article-body mb-nof-24 px-nof-16\">T\u00e4m\u00e4 k\u00e4vi ilmi, kun K\u00e4m\u00e4r\u00e4inen k\u00e4vi syksyll\u00e4 hedelm\u00e4llisyystutkimuksissa.<\/p>\n<p class=\"article-body mb-nof-24 px-nof-16\">H\u00e4n kertoo videolla ajan olleen raskasta. H\u00e4n kokee, ettei ole tullut huoltensa kanssa kuulluksi.<\/p>\n<p class=\"article-body mb-nof-24 px-nof-16\">Diagnoosin j\u00e4lkeen K\u00e4m\u00e4r\u00e4iselle sanottiin, ettei h\u00e4n tule todenn\u00e4k\u00f6isesti saamaan lapsia biologisesti. T\u00e4t\u00e4 seurasivat lohdun sanat: nykyp\u00e4iv\u00e4n hedelm\u00e4llisyyshoidoilla lasten saaminen kuitenkin onnistuisi.<\/p>\n<p class=\"article-body mb-nof-24 px-nof-16\">K\u00e4m\u00e4r\u00e4inen kysyi l\u00e4\u00e4k\u00e4rilt\u00e4\u00e4n, mill\u00e4 keinoin h\u00e4n voisi itse helpottaa tilannettaan.<\/p>\n<p class=\"article-body mb-nof-24 px-nof-16\">\u2013 Mulle sanottiin, ett\u00e4 kaikista t\u00e4rkeint\u00e4 on se, ett\u00e4 mun paino ei nouse kiloakaan. Ja toki jos m\u00e4 haluan aloittaa e-pillerit uudelleen, niin ne voi lievent\u00e4\u00e4 oireita, h\u00e4n kertoo.<\/p>\n<p class=\"article-body mb-nof-24 px-nof-16\">Hoikassa kunnossa oleva K\u00e4m\u00e4r\u00e4inen pit\u00e4\u00e4 ohjeita outona.<\/p>\n<p class=\"article-body mb-nof-24 px-nof-16\">\u2013 T\u00e4lleen hyvinvointivalmentajana, kun m\u00e4 kuitenkin koen tiet\u00e4v\u00e4ni, ett\u00e4 miten sy\u00f6d\u00e4\u00e4n ja treenataan, niin m\u00e4 uskon, ett\u00e4 ylipaino ei ole minun pahin vastus asian kanssa.<\/p>\n<p class=\"article-body mb-nof-24 px-nof-16\">H\u00e4n kertoi my\u00f6s lopettaneensa e-pillereiden k\u00e4yt\u00f6n \u201dsyyst\u00e4\u201d.<\/p>\n<p class=\"article-body mb-nof-24 px-nof-16\">\u2013 Niiden tarjoaminen uudelleen ei tuntunut kovin silt\u00e4, ett\u00e4 olisin tullut kuulluksi.<\/p>\n<p class=\"article-body mb-nof-24 px-nof-16\">H\u00e4n selvitti internetist\u00e4, ett\u00e4 PCOS on \u201dsuhteellisen yleinen oireyhtym\u00e4 naisilla\u201d. H\u00e4n kertookin saanut diagnoosin j\u00e4lkeen vertaistukea.<\/p>\n<p><img decoding=\"async\" src=\"https:\/\/www.europesays.com\/fi\/wp-content\/uploads\/2025\/12\/1766124072_145_468.jpg\" alt=\"\" class=\"_Img_1rerz_1\" style=\"aspect-ratio:1.5\" loading=\"eager\"\/><\/p>\n<p class=\"article-body mb-nof-24 px-nof-16\">\u2013 Onkin tosi ihanaa, ett\u00e4 t\u00e4st\u00e4 puhutaan aika paljon somessa.<\/p>\n<p class=\"article-body mb-nof-24 px-nof-16\">H\u00e4n kuitenkin ihmettelee, miksi asiasta puhutaan somessa muttei terveydenhuollossa.<\/p>\n<p class=\"article-body mb-nof-24 px-nof-16\">Videon yhteyteen kirjoittamassaan tekstiss\u00e4 K\u00e4m\u00e4r\u00e4inen korostaa, ettei halua syyllist\u00e4 h\u00e4nt\u00e4 hoitanutta l\u00e4\u00e4k\u00e4ri\u00e4. Sen sijaan h\u00e4n ihmettelee, \u201dmiksi terveydenhuollossa ei viel\u00e4k\u00e4\u00e4n osata auttaa naisia n\u00e4iden asioiden kanssa\u201d.<\/p>\n<p class=\"article-body mb-nof-24 px-nof-16\">\u2013 Tuntuu, ett\u00e4 olipa kyse mist\u00e4 tahansa gynekologisesta ongelmasta niin ainoa ratkaisu on e-pillerit.<\/p>\n<p class=\"article-body mb-nof-24 px-nof-16\">P\u00e4ivityksen kommenttikentt\u00e4\u00e4n on ilmestynyt my\u00f6t\u00e4tuntoisia kommentteja.<\/p>\n<p class=\"article-body mb-nof-24 px-nof-16\">Monet p\u00e4ivittelev\u00e4t K\u00e4m\u00e4r\u00e4isen saamaa hoitoa.<\/p>\n<p class=\"article-body mb-nof-24 px-nof-16\">\u2013 Tosi surullista kuinka monella naisella on t\u00e4\u00e4 kokemus ett\u00e4 ei tuu n\u00e4iden asioiden kanssa kuulluksi terveydenhoidossa.<\/p>\n<p class=\"article-body mb-nof-24 px-nof-16\">Kommenteissa on esitetty my\u00f6s monenlaisia ohjeita. Mainitaan, ett\u00e4 PCOS:n taustalla voi olla tulehdus, insuliiniresistenssi tai ehk\u00e4isypillerikin. My\u00f6s toisessa kommentissa mainitaan, ett\u00e4 vaivaa voi hoitaa saamalla ep\u00e4tasapainossa olevat hormonit kuriin.<\/p>\n<p class=\"article-body mb-nof-24 px-nof-16\">PCOS:\u00e4\u00e4 on k\u00e4sitelty useassa IS:n jutussa.<\/p>\n<p class=\"article-body mb-nof-24 px-nof-16\">Kyseess\u00e4 on naisten yleisin hormonih\u00e4iri\u00f6, joka on arvioiden mukaan jopa joka kuudennella naisella. Vaiva on edelleen eritt\u00e4in alidiagnosoitu, naistentautien ja synnytysopin professori <a class=\"article-personlink article-strong\" href=\"https:\/\/www.is.fi\/haku\/?query=Terhi%20Piltonen\" rel=\"nofollow noopener\" target=\"_blank\">Terhi Piltonen<\/a> kertoi IS:lle viime kes\u00e4kuussa.<\/p>\n<p class=\"article-body mb-nof-24 px-nof-16\">Oireyhtym\u00e4n nimi tulee siit\u00e4, ett\u00e4 munarakkulat eiv\u00e4t kehon hormonih\u00e4iri\u00f6n vuoksi kypsy kokonaan, vaan ne j\u00e4\u00e4v\u00e4t keskenkasvuisiksi ja munasarja t\u00e4yttyy pienist\u00e4 rakkuloista, joita usein luullaan virheellisesti kystiksi.<\/p>\n<p class=\"article-body mb-nof-24 px-nof-16\">Oireyhtym\u00e4n oireet ja niiden vakavuus ovat hyvin yksil\u00f6llisi\u00e4, mutta tyypillisesti oireyhtym\u00e4\u00e4n kuuluu ep\u00e4s\u00e4\u00e4nn\u00f6llinen kuukautiskierto, ylipainoa ja painonhallinnan ongelmia, miessukuhormonien liikatuotantoa ja lapsettomuutta. Lis\u00e4ksi PCOS-naisilla on riski saada mielialaoireita.<\/p>\n<p class=\"article-body mb-nof-24 px-nof-16\">Mieshormonit n\u00e4kyv\u00e4t kehossa esimerkiksi lis\u00e4\u00e4ntyneen\u00e4 karvankasvuna miestyypillisill\u00e4 alueilla, kuten yl\u00e4huulessa, leuassa tai navan alueella, akneoireena sek\u00e4 hiustenl\u00e4ht\u00f6n\u00e4.<\/p>\n<p class=\"article-body mb-nof-24 px-nof-16\">PCOS:n tarkkaa syntymekanismia ei tiedet\u00e4, mutta perim\u00e4ll\u00e4, ymp\u00e4rist\u00f6tekij\u00f6ill\u00e4 ja elintavoilla tiedet\u00e4\u00e4n olevan vaikutusta asiaan.<\/p>\n<p class=\"article-body mb-nof-24 px-nof-16\">IS kertoi tuolloin 28-vuotiaasta <a class=\"article-personlink\" href=\"https:\/\/www.is.fi\/haku\/?query=Sanni%20Ryh%C3%A4hest%C3%A4\" rel=\"nofollow noopener\" target=\"_blank\">Sanni Ryh\u00e4hest\u00e4<\/a>, jonka oireet alkoivat vuonna 2017 h\u00e4nen ollessaan parikymppinen yliopisto-opiskelija.<\/p>\n<p class=\"article-body mb-nof-24 px-nof-16\">H\u00e4n k\u00e4rsi voimakkaasta v\u00e4symyksest\u00e4 ja aivosumuisuudesta, hiustenl\u00e4hd\u00f6st\u00e4, vakavista iho-ongelmista erityisesti leuan ja suun alueella, ep\u00e4s\u00e4\u00e4nn\u00f6llisest\u00e4 kuukautiskierrosta sek\u00e4 mieshormonien aiheuttamasta lis\u00e4\u00e4ntyneest\u00e4 karvankasvusta, mink\u00e4 lis\u00e4ksi h\u00e4n lihoi noin 15 kiloa vuodessa.<\/p>\n<p class=\"article-body mb-nof-24 px-nof-16\">Diagnoosi PCOS:sta saatiin vasta viisi vuotta my\u00f6hemmin vuonna 2022, kun Ryh\u00e4nen itse tunnisti oireensa TikTok-videosta.<\/p>\n<p class=\"article-body mb-nof-24 px-nof-16\">My\u00f6s tosi-tv-t\u00e4hti <a class=\"article-personlink\" href=\"https:\/\/www.is.fi\/haku\/?query=Henna%20Kalinainen\" rel=\"nofollow noopener\" target=\"_blank\">Henna Kalinainen<\/a> on kertonyt k\u00e4rsiv\u00e4ns\u00e4 samasta vaivasta.<\/p>\n<p><img decoding=\"async\" src=\"https:\/\/www.europesays.com\/fi\/wp-content\/uploads\/2025\/12\/1766124073_450_468.jpg\" alt=\"My\u00f6s Henna Kalinainen on kertonut PCOS-diagnoosistaan.\" class=\"_Img_1rerz_1\" style=\"aspect-ratio:1.4735226400613968\" loading=\"eager\"\/><\/p>\n<p class=\"article-picture-caption\">My\u00f6s Henna Kalinainen on kertonut PCOS-diagnoosistaan. Kuva:\u00a0Terhi Ylim\u00e4inen<\/p>\n<p class=\"article-body mb-nof-24 px-nof-16\">H\u00e4nell\u00e4 on todettu kohonneita testosteroniarvoja, iho- ja ovulaatio-ongelmia sek\u00e4 verensokerin s\u00e4\u00e4telyongelmia.<\/p>\n<p class=\"article-body mb-nof-24 px-nof-16\">Oireyhtym\u00e4 on koirunut vaikeuksia my\u00f6s raskaaksi tulemisessa ja painonhallinnassa, sill\u00e4 rasva kertyy erityisesti keskivartaloon ja laihtuminen on vaikeaa aineenvaihdunnan h\u00e4iri\u00f6n vuoksi.<\/p>\n<p class=\"article-body mb-nof-24 px-nof-16\">H\u00e4n manaili, ettei saa l\u00e4\u00e4kehoitoa ylipainon vuoksi.<\/p>\n<p class=\"article-body mb-nof-24 px-nof-16\">\u2013 Ironista t\u00e4ss\u00e4 on se, kun se vaikuttaa aineenvaihduntaan ja herkemmin lihoat, ja ainoa ja paras hoito t\u00e4h\u00e4n on laihtuminen, niin mit\u00e4 vittua oikeasti, Kalinainen \u00e4rjyi <a class=\"article-personlink\" href=\"https:\/\/www.is.fi\/haku\/?query=Vilma%20Karjalaisen\" rel=\"nofollow noopener\" target=\"_blank\">Vilma Karjalaisen<\/a> kanssa juontamassaan <a class=\"article-genericlink\" href=\"https:\/\/radioplay.fi\/podcast\/mamma-mia\/id-2258240\" rel=\"nofollow noopener\" target=\"_blank\">Mamma Mia -podcastissa<\/a><\/p>\n","protected":false},"excerpt":{"rendered":"Kata K\u00e4m\u00e4r\u00e4inen kertoo k\u00e4rsiv\u00e4ns\u00e4 samasta vaivasta kuin jopa noin joka kuudes nainen. Somevaikuttaja Kata K\u00e4m\u00e4r\u00e4inen kertoo Instagramissa k\u00e4rsiv\u00e4ns\u00e4&hellip;\n","protected":false},"author":2,"featured_media":120317,"comment_status":"","ping_status":"","sticky":false,"template":"","format":"standard","meta":{"footnotes":""},"categories":[130],"tags":[137,33,31,30,34,32,109],"class_list":{"0":"post-120316","1":"post","2":"type-post","3":"status-publish","4":"format-standard","5":"has-post-thumbnail","7":"category-viihde","8":"tag-entertainment","9":"tag-fi","10":"tag-finland","11":"tag-finnish","12":"tag-ilta-sanomat","13":"tag-suomi","14":"tag-viihde"},"share_on_mastodon":{"url":"https:\/\/pubeurope.com\/@fi\/115744714729948722","error":""},"_links":{"self":[{"href":"https:\/\/www.europesays.com\/fi\/wp-json\/wp\/v2\/posts\/120316","targetHints":{"allow":["GET"]}}],"collection":[{"href":"https:\/\/www.europesays.com\/fi\/wp-json\/wp\/v2\/posts"}],"about":[{"href":"https:\/\/www.europesays.com\/fi\/wp-json\/wp\/v2\/types\/post"}],"author":[{"embeddable":true,"href":"https:\/\/www.europesays.com\/fi\/wp-json\/wp\/v2\/users\/2"}],"replies":[{"embeddable":true,"href":"https:\/\/www.europesays.com\/fi\/wp-json\/wp\/v2\/comments?post=120316"}],"version-history":[{"count":0,"href":"https:\/\/www.europesays.com\/fi\/wp-json\/wp\/v2\/posts\/120316\/revisions"}],"wp:featuredmedia":[{"embeddable":true,"href":"https:\/\/www.europesays.com\/fi\/wp-json\/wp\/v2\/media\/120317"}],"wp:attachment":[{"href":"https:\/\/www.europesays.com\/fi\/wp-json\/wp\/v2\/media?parent=120316"}],"wp:term":[{"taxonomy":"category","embeddable":true,"href":"https:\/\/www.europesays.com\/fi\/wp-json\/wp\/v2\/categories?post=120316"},{"taxonomy":"post_tag","embeddable":true,"href":"https:\/\/www.europesays.com\/fi\/wp-json\/wp\/v2\/tags?post=120316"}],"curies":[{"name":"wp","href":"https:\/\/api.w.org\/{rel}","templated":true}]}}