{"id":120324,"date":"2025-12-19T06:19:13","date_gmt":"2025-12-19T06:19:13","guid":{"rendered":"https:\/\/www.europesays.com\/fi\/120324\/"},"modified":"2025-12-19T06:19:13","modified_gmt":"2025-12-19T06:19:13","slug":"soutu-loppuvatko-jari-saariolta-kohta-airot-on-aika-huolestuttavaa","status":"publish","type":"post","link":"https:\/\/www.europesays.com\/fi\/120324\/","title":{"rendered":"Soutu: Loppuvatko Jari Saariolta kohta airot? \u201dOn aika huolestuttavaa\u201d"},"content":{"rendered":"<p>Jari Saarion soutu-urakka etenee tahmeasti.<\/p>\n<p>18.12. 22:13<\/p>\n<p class=\"article-body mb-nof-24 px-nof-16\">Soutaja <a class=\"article-personlink\" href=\"https:\/\/www.is.fi\/haku\/?query=Jari%20Saarion\" rel=\"nofollow noopener\" target=\"_blank\">Jari Saarion <\/a>taistelu luonnonvoimia vastaan jatkuu. Suunta on t\u00e4ll\u00e4 hetkell\u00e4 v\u00e4\u00e4r\u00e4, ja airoja katkeilee huolestuttavaan tahtiin.<\/p>\n<p class=\"article-body mb-nof-24 px-nof-16\">Saario l\u00e4hti soutamaan Etel\u00e4-Amerikan etel\u00e4k\u00e4rjest\u00e4 Kap Hornista 11. marraskuuta t\u00e4ht\u00e4imess\u00e4\u00e4n Etel\u00e4-Afrikan Kapkaupunki. Nyt matkaa on takana noin 2\u202f500 kilometri\u00e4 ja edess\u00e4 5\u202f500 kilometri\u00e4.<\/p>\n<p class=\"article-body mb-nof-24 px-nof-16\">Tuulet painavat Saariota kaakkoon, kun suuntana pit\u00e4isi olla koillinen. Edes ajoankkuri ei auta pit\u00e4m\u00e4\u00e4n venett\u00e4 paikallaan, ja Saario avautuikin ongelmista Instagramissa.<\/p>\n<p class=\"article-body mb-nof-24 px-nof-16\">\u2013 Iso aallokko py\u00f6ritt\u00e4\u00e4 venett\u00e4 kuin kellonviisaria. Kun ajoankkuri ui aaltojen mukana ja vene k\u00e4\u00e4ntyy, narut kulkevat per\u00e4ss\u00e4 kuin vesisuksilla ja v\u00e4lill\u00e4 ne sotkeutuvat per\u00e4simen ymp\u00e4rille, videon yhteydess\u00e4 todetaan.<\/p>\n<p class=\"article-body mb-nof-24 px-nof-16\">\u2013 Ajoankkurin naru on nyt mennyt tuonne per\u00e4simen ymp\u00e4ri, eik\u00e4 mulla ole muuta vaihtoehtoa kuin hyp\u00e4t\u00e4 t\u00e4ss\u00e4 myrskyss\u00e4 mereen ja irrottaa se, muuten se hajottaa tuon per\u00e4simen, Saario kertoo videolla.<\/p>\n<p class=\"article-body mb-nof-24 px-nof-16\">Saarion mukaan t\u00e4rkeimm\u00e4t varusteet narujen selvittelyyn meress\u00e4 ovat maski ja puukko.<\/p>\n<p class=\"article-body mb-nof-24 px-nof-16\">\u2013 Mutta ei t\u00e4llaisessa aallokossa ole kiva menn\u00e4 uimaan tuonne. Mutta kaikki kunnossa, kaikki hyvin, kaikki veneen kyydiss\u00e4.<\/p>\n<p class=\"article-body mb-nof-24 px-nof-16\">Saarion vene on py\u00f6rinyt ymp\u00e4ri jo monta kertaa reilun kuukauden aikana. Samalla on katkennut my\u00f6s jo kaksi airoa. Niit\u00e4 ei pysty korjaamaan mitenk\u00e4\u00e4n.<\/p>\n<p class=\"article-body mb-nof-24 px-nof-16\">Saario kertoi edellisen airon katkeamisen j\u00e4lkeen tiistaina, ett\u00e4 h\u00e4nell\u00e4 on yhteens\u00e4 kuusi airoa, eli vara-airoja on j\u00e4ljell\u00e4 kaksi.<\/p>\n<p class=\"article-body mb-nof-24 px-nof-16\">\u2013 Alkaa olla aikamoista riskipeli\u00e4, jos viel\u00e4 katkeaa. On tuo aika huolestuttavaa, kun t\u00e4ss\u00e4 vaiheessa on kaksi katkennut.<\/p>\n<p class=\"article-body mb-nof-24 px-nof-16\">\u2013 Yhdell\u00e4 airolla on v\u00e4h\u00e4n vaikea edet\u00e4, mutta kyll\u00e4 t\u00e4ss\u00e4 nyt viel\u00e4 on v\u00e4h\u00e4n pelivaraa.<\/p>\n<p class=\"article-body mb-nof-24 px-nof-16\">Saario kertoo, ett\u00e4 katkenneet airot ovat olleet molemmilla kerroilla soutuairoja, ei vara-airoja.<\/p>\n<p class=\"article-body mb-nof-24 px-nof-16\">\u2013 Minun pit\u00e4\u00e4 vain olla koko ajan varovaisempi, miss\u00e4 keliss\u00e4 uskallan vet\u00e4\u00e4. Pit\u00e4\u00e4 pysty\u00e4 lukemaan merta paremmin.<\/p>\n<p class=\"article-body mb-nof-24 px-nof-16\">\u2013 Vara-airot, jotka ovat veneen sivulla, ne eiv\u00e4t vaurioidu.<\/p>\n","protected":false},"excerpt":{"rendered":"Jari Saarion soutu-urakka etenee tahmeasti. 18.12. 22:13 Soutaja Jari Saarion taistelu luonnonvoimia vastaan jatkuu. Suunta on t\u00e4ll\u00e4 hetkell\u00e4&hellip;\n","protected":false},"author":2,"featured_media":120325,"comment_status":"","ping_status":"","sticky":false,"template":"","format":"standard","meta":{"footnotes":""},"categories":[136],"tags":[407,137,33,31,30,34,408,32,109],"class_list":{"0":"post-120324","1":"post","2":"type-post","3":"status-publish","4":"format-standard","5":"has-post-thumbnail","7":"category-julkkikset","8":"tag-celebrities","9":"tag-entertainment","10":"tag-fi","11":"tag-finland","12":"tag-finnish","13":"tag-ilta-sanomat","14":"tag-julkkikset","15":"tag-suomi","16":"tag-viihde"},"share_on_mastodon":{"url":"https:\/\/pubeurope.com\/@fi\/115744785248591799","error":""},"_links":{"self":[{"href":"https:\/\/www.europesays.com\/fi\/wp-json\/wp\/v2\/posts\/120324","targetHints":{"allow":["GET"]}}],"collection":[{"href":"https:\/\/www.europesays.com\/fi\/wp-json\/wp\/v2\/posts"}],"about":[{"href":"https:\/\/www.europesays.com\/fi\/wp-json\/wp\/v2\/types\/post"}],"author":[{"embeddable":true,"href":"https:\/\/www.europesays.com\/fi\/wp-json\/wp\/v2\/users\/2"}],"replies":[{"embeddable":true,"href":"https:\/\/www.europesays.com\/fi\/wp-json\/wp\/v2\/comments?post=120324"}],"version-history":[{"count":0,"href":"https:\/\/www.europesays.com\/fi\/wp-json\/wp\/v2\/posts\/120324\/revisions"}],"wp:featuredmedia":[{"embeddable":true,"href":"https:\/\/www.europesays.com\/fi\/wp-json\/wp\/v2\/media\/120325"}],"wp:attachment":[{"href":"https:\/\/www.europesays.com\/fi\/wp-json\/wp\/v2\/media?parent=120324"}],"wp:term":[{"taxonomy":"category","embeddable":true,"href":"https:\/\/www.europesays.com\/fi\/wp-json\/wp\/v2\/categories?post=120324"},{"taxonomy":"post_tag","embeddable":true,"href":"https:\/\/www.europesays.com\/fi\/wp-json\/wp\/v2\/tags?post=120324"}],"curies":[{"name":"wp","href":"https:\/\/api.w.org\/{rel}","templated":true}]}}