{"id":120330,"date":"2025-12-19T06:26:10","date_gmt":"2025-12-19T06:26:10","guid":{"rendered":"https:\/\/www.europesays.com\/fi\/120330\/"},"modified":"2025-12-19T06:26:10","modified_gmt":"2025-12-19T06:26:10","slug":"conor-mcgregor-meni-naimisiin","status":"publish","type":"post","link":"https:\/\/www.europesays.com\/fi\/120330\/","title":{"rendered":"Conor McGregor meni naimisiin"},"content":{"rendered":"<p>Conor McGregor ja Dee Devlin meniv\u00e4t naimisiin Vatikaanissa.<\/p>\n<p><img decoding=\"async\" class=\"image image-show image-preview\" src=\"https:\/\/www.europesays.com\/fi\/wp-content\/uploads\/2025\/12\/bb229d452c63b4d933448519dae256529d16bab44a271c76f37a32ac4c44095e.jpg\" alt=\"\"\/><img decoding=\"async\" class=\"image image-show\" src=\"https:\/\/www.europesays.com\/fi\/wp-content\/uploads\/2025\/12\/1766125570_483_bb229d452c63b4d933448519dae256529d16bab44a271c76f37a32ac4c44095e.jpg\" alt=\"\"\/><\/p>\n<p>Conor McGregor teki debyyttins\u00e4 UFC:ss\u00e4 vuonna 2013. ZumaWire \/ MVPHOTOS<\/p>\n<p class=\"paragraph\">Vapaaottelija <strong>Conor McGregor<\/strong>, 37, ja h\u00e4nen pitk\u00e4aikainen kumppaninsa <strong>Dee Devlin<\/strong>, 38, meniv\u00e4t naimisiin viime viikon perjantaina yksityisess\u00e4 seremoniassa Vatikaanissa.<\/p>\n<p class=\"paragraph\">Pari, jolla on nelj\u00e4 lasta, vannoi valansa historiallisessa Santo Stefano degli Abissini -kappelissa.<\/p>\n<p class=\"paragraph\">McGregor ja Devlin kihlautuivat vuonna 2020. Pari on ollut yhdess\u00e4 17 vuotta.<\/p>\n<p class=\"paragraph\">McGregor on useasti aiemmin korostanut Devlinin merkityst\u00e4 el\u00e4m\u00e4ss\u00e4\u00e4n.<\/p>\n<p class=\"paragraph\">\u2013\u2009Dee on el\u00e4m\u00e4ni pelastaja. Ilman h\u00e4nt\u00e4 en tekisi t\u00e4t\u00e4, ja teen kaiken t\u00e4m\u00e4n h\u00e4nen vuokseen, h\u00e4n kertoi vuonna 2013.<\/p>\n<p class=\"paragraph\">H\u00e4\u00e4iloa kuitenkin varjostavat McGregorin oikeudelliset ongelmat. <a href=\"https:\/\/www.iltalehti.fi\/kamppailulajit\/c8826a14-01aa-4c4b-9b75-ec5e6d61c77b\" rel=\"nofollow noopener\" target=\"_blank\">Vuonna 2024 McGregor tuomittiin raiskauksesta Irlannin korkeimmassa oikeudessa<\/a>.<\/p>\n<p class=\"paragraph\">Tapauksen asianomistaja syytti h\u00e4nt\u00e4 vuonna 2018 tapahtuneesta raiskauksesta hotellissa Dublinissa.<\/p>\n<p class=\"paragraph\">Lis\u00e4ksi UFC:n entinen kahden painoluokan mestari sai lokakuussa <a href=\"https:\/\/www.iltalehti.fi\/kamppailulajit\/92bc5356-1158-4f4a-b460-acf5a73841b6\" rel=\"nofollow noopener\" target=\"_blank\">18 kuukauden kilpailukiellon dopingrikkomuksesta<\/a>. UFC tiedotti, ett\u00e4 McGregor oli v\u00e4ltellyt dopingtestausta kolme kertaa vuoden 2024 aikana.<\/p>\n","protected":false},"excerpt":{"rendered":"Conor McGregor ja Dee Devlin meniv\u00e4t naimisiin Vatikaanissa. Conor McGregor teki debyyttins\u00e4 UFC:ss\u00e4 vuonna 2013. ZumaWire \/ MVPHOTOS&hellip;\n","protected":false},"author":2,"featured_media":120331,"comment_status":"","ping_status":"","sticky":false,"template":"","format":"standard","meta":{"footnotes":""},"categories":[158],"tags":[35,33,31,30,3844,53,41,3270,159,32,160,161],"class_list":{"0":"post-120330","1":"post","2":"type-post","3":"status-publish","4":"format-standard","5":"has-post-thumbnail","7":"category-urheilu","8":"tag-24h","9":"tag-fi","10":"tag-finland","11":"tag-finnish","12":"tag-kamppailu-urheilu","13":"tag-laki-oikeus-ja-rikos","14":"tag-liikunta-ja-urheilu","15":"tag-nyrkkeily","16":"tag-sports","17":"tag-suomi","18":"tag-urheilu","19":"tag-urheilutapahtumat"},"share_on_mastodon":{"url":"https:\/\/pubeurope.com\/@fi\/115744813041711451","error":""},"_links":{"self":[{"href":"https:\/\/www.europesays.com\/fi\/wp-json\/wp\/v2\/posts\/120330","targetHints":{"allow":["GET"]}}],"collection":[{"href":"https:\/\/www.europesays.com\/fi\/wp-json\/wp\/v2\/posts"}],"about":[{"href":"https:\/\/www.europesays.com\/fi\/wp-json\/wp\/v2\/types\/post"}],"author":[{"embeddable":true,"href":"https:\/\/www.europesays.com\/fi\/wp-json\/wp\/v2\/users\/2"}],"replies":[{"embeddable":true,"href":"https:\/\/www.europesays.com\/fi\/wp-json\/wp\/v2\/comments?post=120330"}],"version-history":[{"count":0,"href":"https:\/\/www.europesays.com\/fi\/wp-json\/wp\/v2\/posts\/120330\/revisions"}],"wp:featuredmedia":[{"embeddable":true,"href":"https:\/\/www.europesays.com\/fi\/wp-json\/wp\/v2\/media\/120331"}],"wp:attachment":[{"href":"https:\/\/www.europesays.com\/fi\/wp-json\/wp\/v2\/media?parent=120330"}],"wp:term":[{"taxonomy":"category","embeddable":true,"href":"https:\/\/www.europesays.com\/fi\/wp-json\/wp\/v2\/categories?post=120330"},{"taxonomy":"post_tag","embeddable":true,"href":"https:\/\/www.europesays.com\/fi\/wp-json\/wp\/v2\/tags?post=120330"}],"curies":[{"name":"wp","href":"https:\/\/api.w.org\/{rel}","templated":true}]}}