{"id":120332,"date":"2025-12-19T06:27:07","date_gmt":"2025-12-19T06:27:07","guid":{"rendered":"https:\/\/www.europesays.com\/fi\/120332\/"},"modified":"2025-12-19T06:27:07","modified_gmt":"2025-12-19T06:27:07","slug":"kerttu-rissanen-mokasi-lentokentalla-joutui-maksamaan-siita","status":"publish","type":"post","link":"https:\/\/www.europesays.com\/fi\/120332\/","title":{"rendered":"Kerttu Rissanen mokasi lentokent\u00e4ll\u00e4 \u2013 joutui maksamaan siit\u00e4"},"content":{"rendered":"<p>Mediapersoona <strong>Kerttu Rissanen<\/strong> kertoo sometarinoissaan kahdesta lentokent\u00e4ll\u00e4 tapahtuneesta asiasta. Niiden mukaan lentokent\u00e4t tuntuvat olleen h\u00e4nelle viime aikoina paikkoja, joissa sattuu ja tapahtuu.<\/p>\n<p>Lue my\u00f6s: <a href=\"https:\/\/www.como.fi\/uutiset\/kerttu-rissanen-pisti-hjallis-harkimon-hommiin-hurja-naky\/\" title=\"Kerttu Rissanen pisti Hjallis Harkimon hommiin \u2013 hurja n\u00e4ky\" class=\"underline-custom !font-montserrat !font-bold !underline-offset-4 !decoration-4 !decoration-red-600 !text-md\" rel=\"nofollow noopener\" target=\"_blank\">Kerttu Rissanen pisti Hjallis Harkimon hommiin \u2013 hurja n\u00e4ky<\/a><\/p>\n<p>Kerttu oli jokin aika sitten Tukholmassa. H\u00e4nt\u00e4 ei meinattu p\u00e4\u00e4st\u00e4\u00e4 paluulennolle, koska h\u00e4n oli tehnyt mokan.<\/p>\n<p>\u2013 En meinannut p\u00e4\u00e4st\u00e4 koneeseen, ku olin vahingos kirjoittanut varaukseen Kerttu Rissane, ilman sit\u00e4 n-kirjainta, paljastaa Kerttu.<\/p>\n<p>Kertun mukaan tilanne oli vaatinut useamman puhelinsoiton, jotta lippu saatiin muutettua.<\/p>\n<p>Nyt Kertun \u00e4iti oli mokannut<\/p>\n<p>Vaikuttaa silt\u00e4, ett\u00e4 omena ei putoa kauas puusta. Nimitt\u00e4in nyt Kertun \u00e4iti oli mokannut lentokent\u00e4ll\u00e4.<\/p>\n<p>\u2013 Eka kerta Turun lentokent\u00e4ll\u00e4! Mama unohti puhelimen himaan, joten l\u00e4hdemme bussilla hakemaan sit\u00e4. T\u00e4\u00e4 kentt\u00e4 onneks oliki niin sika pieni et ei tarvii kauheen aikasin olla mestoilla, kertoo Kerttu.<\/p>\n<p>Kerttu kertoo seuraavassa videossa, kuinka \u00e4idill\u00e4 olikin puhelin laukussa. He olivat j\u00e4\u00e4neet bussista kesken matkan pois ja palanneet takaisin kent\u00e4lle.<\/p>\n<p>\u2013 Noni okei t\u00e4\u00e4l ollaan ja ajoissa! Tietysti t\u00e4ll\u00e4 kyseisell\u00e4 lentoyhti\u00f6ll\u00e4 olis pit\u00e4nyt tehd\u00e4 check on jo aiemmin, niin jouduttiin maksaa siit\u00e4 80e, paljastaa Kerttu.<\/p>\n<p>\u00c4iti ja tyt\u00e4r matkasivat Puolaan. Kertun mukaan he olisivat hyv\u00e4 pari Amazing Race Suomi -ohjelmassa.  H\u00e4n taisi vain vitsailla. <\/p>\n<p>Lue my\u00f6s: <a href=\"https:\/\/www.como.fi\/tilaa-comon-uutiskirje\/\" title=\"Tilaa Comon uutiskirje ja tied\u00e4t mist\u00e4 kahvitauolla puhutaan! Nappaa kotimaan tv-vinkit ja puheenaiheet suoraan s\u00e4hk\u00f6postiin t\u00e4st\u00e4.\" class=\"underline-custom !font-montserrat !font-bold !underline-offset-4 !decoration-4 !decoration-red-600 !text-md\" rel=\"nofollow noopener\" target=\"_blank\">Tilaa Comon uutiskirje ja tied\u00e4t mist\u00e4 kahvitauolla puhutaan! Nappaa kotimaan tv-vinkit ja puheenaiheet suoraan s\u00e4hk\u00f6postiin t\u00e4st\u00e4.<\/a><\/p>\n","protected":false},"excerpt":{"rendered":"Mediapersoona Kerttu Rissanen kertoo sometarinoissaan kahdesta lentokent\u00e4ll\u00e4 tapahtuneesta asiasta. Niiden mukaan lentokent\u00e4t tuntuvat olleen h\u00e4nelle viime aikoina paikkoja,&hellip;\n","protected":false},"author":2,"featured_media":63150,"comment_status":"","ping_status":"","sticky":false,"template":"","format":"standard","meta":{"footnotes":""},"categories":[130],"tags":[137,33,31,30,1811,32,109],"class_list":{"0":"post-120332","1":"post","2":"type-post","3":"status-publish","4":"format-standard","5":"has-post-thumbnail","7":"category-viihde","8":"tag-entertainment","9":"tag-fi","10":"tag-finland","11":"tag-finnish","12":"tag-kerttu-rissanen","13":"tag-suomi","14":"tag-viihde"},"share_on_mastodon":{"url":"https:\/\/pubeurope.com\/@fi\/115744816808068038","error":""},"_links":{"self":[{"href":"https:\/\/www.europesays.com\/fi\/wp-json\/wp\/v2\/posts\/120332","targetHints":{"allow":["GET"]}}],"collection":[{"href":"https:\/\/www.europesays.com\/fi\/wp-json\/wp\/v2\/posts"}],"about":[{"href":"https:\/\/www.europesays.com\/fi\/wp-json\/wp\/v2\/types\/post"}],"author":[{"embeddable":true,"href":"https:\/\/www.europesays.com\/fi\/wp-json\/wp\/v2\/users\/2"}],"replies":[{"embeddable":true,"href":"https:\/\/www.europesays.com\/fi\/wp-json\/wp\/v2\/comments?post=120332"}],"version-history":[{"count":0,"href":"https:\/\/www.europesays.com\/fi\/wp-json\/wp\/v2\/posts\/120332\/revisions"}],"wp:featuredmedia":[{"embeddable":true,"href":"https:\/\/www.europesays.com\/fi\/wp-json\/wp\/v2\/media\/63150"}],"wp:attachment":[{"href":"https:\/\/www.europesays.com\/fi\/wp-json\/wp\/v2\/media?parent=120332"}],"wp:term":[{"taxonomy":"category","embeddable":true,"href":"https:\/\/www.europesays.com\/fi\/wp-json\/wp\/v2\/categories?post=120332"},{"taxonomy":"post_tag","embeddable":true,"href":"https:\/\/www.europesays.com\/fi\/wp-json\/wp\/v2\/tags?post=120332"}],"curies":[{"name":"wp","href":"https:\/\/api.w.org\/{rel}","templated":true}]}}