{"id":120333,"date":"2025-12-19T06:28:11","date_gmt":"2025-12-19T06:28:11","guid":{"rendered":"https:\/\/www.europesays.com\/fi\/120333\/"},"modified":"2025-12-19T06:28:11","modified_gmt":"2025-12-19T06:28:11","slug":"metsat-ovatkin-hiilinielu-ilmastopolitiikassa-kytee","status":"publish","type":"post","link":"https:\/\/www.europesays.com\/fi\/120333\/","title":{"rendered":"Mets\u00e4t ovatkin hiilinielu \u2013 Ilmastopolitiikassa kytee"},"content":{"rendered":"<p>Liikenne- ja viestint\u00e4ministeri Lulu Ranne (ps): \u201dP\u00e4\u00e4t\u00f6sten on perustuttava faktoihin.\u201d<\/p>\n<p><img decoding=\"async\" class=\"image image-show image-preview\" src=\"https:\/\/www.europesays.com\/fi\/wp-content\/uploads\/2025\/12\/881749e38691c8d65b9156a8a6261f1277950174f49413401764efc6da705d3b.jpg\" alt=\"\"\/><img decoding=\"async\" class=\"image image-show\" src=\"https:\/\/www.europesays.com\/fi\/wp-content\/uploads\/2025\/12\/1766125691_748_881749e38691c8d65b9156a8a6261f1277950174f49413401764efc6da705d3b.jpg\" alt=\"\"\/><\/p>\n<p>Liikenne- ja viestint\u00e4ministeri Lulu Ranne (ps). Outi J\u00e4rvinen<\/p>\n<p class=\"paragraph\">Liikenne- ja viestint\u00e4ministeri <strong>Lulu Ranne<\/strong> (ps) sanoo, ett\u00e4 ilmastolaki on nostettava p\u00f6yd\u00e4lle ensi vuonna \u201dkarvoineen p\u00e4ivineen\u201d.<\/p>\n<p class=\"paragraph\">\u2013 Lain arvioinnin ja sen pohjalta teht\u00e4vien p\u00e4\u00e4t\u00f6sten on perustuttava faktoihin ja realiteetteihin ja oltava taloudellisesti kest\u00e4vi\u00e4, Ranne kirjoittaa X-viestipalvelussa.<\/p>\n<p class=\"paragraph\"><strong>Sanna Marinin<\/strong> (sd) hallituksen ajamassa uudessa ilmastolaissa (2022) s\u00e4\u00e4det\u00e4\u00e4n kansallisista ilmastotavoitteista sek\u00e4 ilmastopolitiikan suunnitteluj\u00e4rjestelm\u00e4st\u00e4.<\/p>\n<p class=\"paragraph\">Ilmastolaissa ei aseteta toimia p\u00e4\u00e4st\u00f6jen v\u00e4hent\u00e4miseksi tai ilmastonmuutokseen sopeutumiseksi, vaan toimet m\u00e4\u00e4ritet\u00e4\u00e4n lain nojalla laadittavissa suunnitelmissa.<\/p>\n<p class=\"paragraph\">Luonnonvarakeskus kertoi maanantaina, ett\u00e4 tuoreen kasvihuonekaasuinventaarion ennakkotietojen mukaan mets\u00e4t eiv\u00e4t <a href=\"https:\/\/www.iltalehti.fi\/politiikka\/33532c9f-1820-47c6-80f1-6af7e19f3c82\" rel=\"nofollow noopener\" target=\"_blank\">olekaan suuri p\u00e4\u00e4st\u00f6l\u00e4hde<\/a> kuten aikaisemmin on arvioitu, vaan hiilinielu.<\/p>\n<p class=\"paragraph\">Puuston kasvu oli suurempaa kuin hakkuut ja luonnonpoistuma, jonka seurauksena metsien nettonielu oli 11,1 miljoonaa tonnia.<\/p>\n","protected":false},"excerpt":{"rendered":"Liikenne- ja viestint\u00e4ministeri Lulu Ranne (ps): \u201dP\u00e4\u00e4t\u00f6sten on perustuttava faktoihin.\u201d Liikenne- ja viestint\u00e4ministeri Lulu Ranne (ps). Outi J\u00e4rvinen&hellip;\n","protected":false},"author":2,"featured_media":120334,"comment_status":"","ping_status":"","sticky":false,"template":"","format":"standard","meta":{"footnotes":""},"categories":[112],"tags":[35,33,31,30,1096,961,637,118,885,32,119,709],"class_list":{"0":"post-120333","1":"post","2":"type-post","3":"status-publish","4":"format-standard","5":"has-post-thumbnail","7":"category-tiede","8":"tag-24h","9":"tag-fi","10":"tag-finland","11":"tag-finnish","12":"tag-ilmasto","13":"tag-luonnonsuojelu","14":"tag-politiikka","15":"tag-science","16":"tag-suomen-poliittiset-puolueet","17":"tag-suomi","18":"tag-tiede","19":"tag-ymparistoasiat"},"share_on_mastodon":{"url":"https:\/\/pubeurope.com\/@fi\/115744821196302060","error":""},"_links":{"self":[{"href":"https:\/\/www.europesays.com\/fi\/wp-json\/wp\/v2\/posts\/120333","targetHints":{"allow":["GET"]}}],"collection":[{"href":"https:\/\/www.europesays.com\/fi\/wp-json\/wp\/v2\/posts"}],"about":[{"href":"https:\/\/www.europesays.com\/fi\/wp-json\/wp\/v2\/types\/post"}],"author":[{"embeddable":true,"href":"https:\/\/www.europesays.com\/fi\/wp-json\/wp\/v2\/users\/2"}],"replies":[{"embeddable":true,"href":"https:\/\/www.europesays.com\/fi\/wp-json\/wp\/v2\/comments?post=120333"}],"version-history":[{"count":0,"href":"https:\/\/www.europesays.com\/fi\/wp-json\/wp\/v2\/posts\/120333\/revisions"}],"wp:featuredmedia":[{"embeddable":true,"href":"https:\/\/www.europesays.com\/fi\/wp-json\/wp\/v2\/media\/120334"}],"wp:attachment":[{"href":"https:\/\/www.europesays.com\/fi\/wp-json\/wp\/v2\/media?parent=120333"}],"wp:term":[{"taxonomy":"category","embeddable":true,"href":"https:\/\/www.europesays.com\/fi\/wp-json\/wp\/v2\/categories?post=120333"},{"taxonomy":"post_tag","embeddable":true,"href":"https:\/\/www.europesays.com\/fi\/wp-json\/wp\/v2\/tags?post=120333"}],"curies":[{"name":"wp","href":"https:\/\/api.w.org\/{rel}","templated":true}]}}