{"id":120335,"date":"2025-12-19T06:30:13","date_gmt":"2025-12-19T06:30:13","guid":{"rendered":"https:\/\/www.europesays.com\/fi\/120335\/"},"modified":"2025-12-19T06:30:13","modified_gmt":"2025-12-19T06:30:13","slug":"tyollistamistoiminnan-alalla-eniten-liikevaihtoa-kertyi-teollisuuden-ja-rakennusalan-henkiloston-vuokrauspalveluista-vuonna-2024","status":"publish","type":"post","link":"https:\/\/www.europesays.com\/fi\/120335\/","title":{"rendered":"Ty\u00f6llist\u00e4mistoiminnan alalla eniten liikevaihtoa kertyi teollisuuden ja rakennusalan henkil\u00f6st\u00f6n vuokrauspalveluista vuonna 2024"},"content":{"rendered":"<p>Ty\u00f6llist\u00e4mistoiminta-toimialan palveluiden liikevaihto yhteens\u00e4 supistui 5,7\u00a0% vuodesta 2023 <\/p>\n<p>Ty\u00f6llist\u00e4mistoiminta-toimialan palveluiden liikevaihto yhteens\u00e4 supistui 5,7\u00a0% vuodesta 2023. Liikevaihtoa toimialalta kertyi 3,3 miljardia euroa vuonna 2024.<\/p>\n<p>Ty\u00f6llist\u00e4mistoiminnan palveluiden liikevaihdosta valtaosa, 82,5\u00a0%, muodostui ty\u00f6voiman vuokrauspalveluiden myynnist\u00e4. Ty\u00f6nv\u00e4litys- ja muut henkil\u00f6st\u00f6n hankintapalvelut kattoivat 17,5\u00a0% toimialan palveluiden liikevaihdosta.<\/p>\n<p>Ty\u00f6llist\u00e4mistoiminnan palveluiden liikevaihdosta suurin osa muodostui teollisuuden henkil\u00f6st\u00f6n vuokrauspalveluista vuonna 2024. N\u00e4iden palveluiden liikevaihto-osuus ty\u00f6llist\u00e4mistoiminta-toimialan liikevaihdosta supistui kuitenkin hieman edelt\u00e4v\u00e4n vuoden 19,5\u00a0%:sta 17,2\u00a0%:iin ja my\u00f6s liikevaihto laski 16,8\u00a0% edellisvuodesta.<\/p>\n<p>Rakennusalan henkil\u00f6st\u00f6n vuokrauspalveluiden liikevaihto-osuus toimialan liikevaihdosta oli my\u00f6s merkitt\u00e4v\u00e4 ja kasvoi edellisvuoden 13,2\u00a0%:sta 14,7\u00a0%:iin. N\u00e4iden palveluiden liikevaihto kasvoi my\u00f6s 4,9\u00a0% vuotta aiempaan verrattuna.<\/p>\n<p>Vuonna 2024 kuljetus-, varasto- ja logistiikka-alan henkil\u00f6st\u00f6n vuokrauspalveluiden liikevaihto-osuus toimialan liikevaihdosta laski edelt\u00e4v\u00e4n vuoden 14,8\u00a0%:sta 11,6\u00a0%:iin ja liikevaihto supistui l\u00e4hes 26\u00a0%.<\/p>\n<p>My\u00f6s terveydenhoito- ja sosiaalialan henkil\u00f6st\u00f6n vuokrauspalveluiden osuus ty\u00f6llist\u00e4mistoiminnan palveluiden liikevaihdosta laski 7,5\u00a0%:sta 4,7\u00a0%:iin ja liikevaihto v\u00e4heni merkitt\u00e4v\u00e4sti, 41,5\u00a0% edellisvuodesta.<\/p>\n<p>Tilastosta ei k\u00e4y ilmi ulkomaisten yritysten Suomeen v\u00e4litt\u00e4m\u00e4 vuokraty\u00f6voima.<\/p>\n","protected":false},"excerpt":{"rendered":"Ty\u00f6llist\u00e4mistoiminta-toimialan palveluiden liikevaihto yhteens\u00e4 supistui 5,7\u00a0% vuodesta 2023 Ty\u00f6llist\u00e4mistoiminta-toimialan palveluiden liikevaihto yhteens\u00e4 supistui 5,7\u00a0% vuodesta 2023. Liikevaihtoa toimialalta&hellip;\n","protected":false},"author":2,"featured_media":31573,"comment_status":"","ping_status":"","sticky":false,"template":"","format":"standard","meta":{"footnotes":""},"categories":[76],"tags":[79,77,33,31,30,32,78],"class_list":{"0":"post-120335","1":"post","2":"type-post","3":"status-publish","4":"format-standard","5":"has-post-thumbnail","7":"category-talous","8":"tag-business","9":"tag-economy","10":"tag-fi","11":"tag-finland","12":"tag-finnish","13":"tag-suomi","14":"tag-talous"},"share_on_mastodon":{"url":"https:\/\/pubeurope.com\/@fi\/115744828703588500","error":""},"_links":{"self":[{"href":"https:\/\/www.europesays.com\/fi\/wp-json\/wp\/v2\/posts\/120335","targetHints":{"allow":["GET"]}}],"collection":[{"href":"https:\/\/www.europesays.com\/fi\/wp-json\/wp\/v2\/posts"}],"about":[{"href":"https:\/\/www.europesays.com\/fi\/wp-json\/wp\/v2\/types\/post"}],"author":[{"embeddable":true,"href":"https:\/\/www.europesays.com\/fi\/wp-json\/wp\/v2\/users\/2"}],"replies":[{"embeddable":true,"href":"https:\/\/www.europesays.com\/fi\/wp-json\/wp\/v2\/comments?post=120335"}],"version-history":[{"count":0,"href":"https:\/\/www.europesays.com\/fi\/wp-json\/wp\/v2\/posts\/120335\/revisions"}],"wp:featuredmedia":[{"embeddable":true,"href":"https:\/\/www.europesays.com\/fi\/wp-json\/wp\/v2\/media\/31573"}],"wp:attachment":[{"href":"https:\/\/www.europesays.com\/fi\/wp-json\/wp\/v2\/media?parent=120335"}],"wp:term":[{"taxonomy":"category","embeddable":true,"href":"https:\/\/www.europesays.com\/fi\/wp-json\/wp\/v2\/categories?post=120335"},{"taxonomy":"post_tag","embeddable":true,"href":"https:\/\/www.europesays.com\/fi\/wp-json\/wp\/v2\/tags?post=120335"}],"curies":[{"name":"wp","href":"https:\/\/api.w.org\/{rel}","templated":true}]}}