{"id":120336,"date":"2025-12-19T06:31:09","date_gmt":"2025-12-19T06:31:09","guid":{"rendered":"https:\/\/www.europesays.com\/fi\/120336\/"},"modified":"2025-12-19T06:31:09","modified_gmt":"2025-12-19T06:31:09","slug":"tiktok-allekirjoitti-sopimuksen-jolla-palvelu-turvannee-toimintansa-yhdysvalloissa","status":"publish","type":"post","link":"https:\/\/www.europesays.com\/fi\/120336\/","title":{"rendered":"Tiktok allekirjoitti sopimuksen, jolla palvelu turvannee toimintansa Yhdysvalloissa"},"content":{"rendered":"<p>Tiktokin jatko on ollut Yhdysvalloissa uhattuna sen j\u00e4lkeen, kun kongressi s\u00e4\u00e4ti viime vuonna lyhytvideopalvelun kielt\u00e4v\u00e4n lain.<\/p>\n<p class=\"article-body mb-nof-24 px-nof-16\">Videopalvelu Tiktok on allekirjoittanut yhteisty\u00f6sopimuksen, jonka on m\u00e4\u00e4r\u00e4 turvata palvelun toiminta Yhdysvalloissa.<\/p>\n<p class=\"article-body mb-nof-24 px-nof-16\">Tiktokin toimitusjohtaja <a class=\"article-personlink\" href=\"https:\/\/www.aamulehti.fi\/haku\/?query=Shou%20Chew\" rel=\"nofollow noopener\" target=\"_blank\">Shou Chew<\/a> kertoo asiasta ty\u00f6ntekij\u00f6ille sis\u00e4isess\u00e4 muistiossa, josta uutisoivat yhdysvaltalaismediat <a class=\"article-genericlink\" href=\"https:\/\/www.bloomberg.com\/news\/articles\/2025-12-18\/tiktok-says-it-signed-agreements-to-create-new-us-joint-venture?srnd=homepage-europe\" rel=\"nofollow noopener\" target=\"_blank\">Bloomberg<\/a> ja <a class=\"article-genericlink\" href=\"https:\/\/www.axios.com\/2025\/12\/18\/tiktok-sale\" rel=\"nofollow noopener\" target=\"_blank\">Axios<\/a>.<\/p>\n<p class=\"article-body mb-nof-24 px-nof-16\">Muistion mukaan Tiktok ja sen kiinalainen omistaja ByteDance ovat hyv\u00e4ksyneet uuden yksik\u00f6n, jonka p\u00e4\u00e4sijoittajia ovat Oracle, Silver Lake ja Arabiemiraateissa perustettu teknologiarahasto MGX.<\/p>\n<p class=\"article-body mb-nof-24 px-nof-16\">Oraclen perustaja ja hallituksen puheenjohtaja <a class=\"article-personlink\" href=\"https:\/\/www.aamulehti.fi\/haku\/?query=Larry%20Ellison\" rel=\"nofollow noopener\" target=\"_blank\">Larry Ellison<\/a> on Yhdysvaltain presidentti <a class=\"article-personlink\" href=\"https:\/\/www.aamulehti.fi\/haku\/?query=Donald%20Trumpin\" rel=\"nofollow noopener\" target=\"_blank\">Donald Trumpin<\/a> pitk\u00e4aikainen liittolainen.<\/p>\n<p class=\"article-body mb-nof-24 px-nof-16\">Tiktokin toimitusjohtajan mukaan kolmannes nyt sovitusta hankkeesta tulee olemaan ByteDancen nykyisten sijoittajien omistuksessa ja l\u00e4hes 20 prosenttia j\u00e4\u00e4 ByteDancen omistukseen.<\/p>\n<p>Tiktok-kieltoa lyk\u00e4tty useita kertoja<\/p>\n<p class=\"article-body mb-nof-24 px-nof-16\">Tiktokin jatko on ollut Yhdysvalloissa uhattuna sen j\u00e4lkeen, kun kongressi s\u00e4\u00e4ti viime vuonna lyhytvideopalvelun kielt\u00e4v\u00e4n lain.<\/p>\n<p class=\"article-body mb-nof-24 px-nof-16\">Kieltoa oli perusteltu kansallisella turvallisuudella. P\u00e4\u00e4tt\u00e4ji\u00e4 oli huolestuttanut muun muassa se, ett\u00e4 Tiktok ker\u00e4\u00e4 k\u00e4ytt\u00e4jist\u00e4\u00e4n runsaasti dataa, jota voitaisiin mahdollisesti k\u00e4ytt\u00e4\u00e4 Kiinan valtion vakoiluoperaatioissa.<\/p>\n<p class=\"article-body mb-nof-24 px-nof-16\">Kiellosta p\u00e4\u00e4tettiin presidentti <a class=\"article-personlink\" href=\"https:\/\/www.aamulehti.fi\/haku\/?query=Joe%20Bidenin\" rel=\"nofollow noopener\" target=\"_blank\">Joe Bidenin<\/a> kaudella, ja sen oli m\u00e4\u00e4r\u00e4 astua voimaan kuluvan vuoden tammikuussa. Trump on kuitenkin pident\u00e4nyt useaan otteeseen m\u00e4\u00e4r\u00e4aikaa uuden j\u00e4rjestelyn mahdollistamiseksi.<\/p>\n<p class=\"article-body mb-nof-24 px-nof-16\">Yhdysvaltalaismedioiden uutisoima sopimus vahvistaa pitk\u00e4lti Valkoisen talon syyskuussa antaman ilmoituksen, jonka mukaan Kiinan kanssa oli p\u00e4\u00e4sty sopuun uudesta hankkeesta, joka t\u00e4ytt\u00e4isi vuoden 2024 lain vaatimukset.<\/p>\n<p class=\"article-body mb-nof-24 px-nof-16\">Tiktokin toimitusjohtaja sanoo muistiossa, ett\u00e4 sopimuksessa sovitulla uudella yksik\u00f6ll\u00e4 on kaupan toteutuessa Yhdysvalloissa vastuu muun muassa palvelun tietosuojasta, algoritmien turvallisuudesta sek\u00e4 sis\u00e4ll\u00f6n moderoinnista.<\/p>\n","protected":false},"excerpt":{"rendered":"Tiktokin jatko on ollut Yhdysvalloissa uhattuna sen j\u00e4lkeen, kun kongressi s\u00e4\u00e4ti viime vuonna lyhytvideopalvelun kielt\u00e4v\u00e4n lain. Videopalvelu Tiktok&hellip;\n","protected":false},"author":2,"featured_media":1431,"comment_status":"","ping_status":"","sticky":false,"template":"","format":"standard","meta":{"footnotes":""},"categories":[14],"tags":[157,22,23,26,27,33,31,30,17,24,25,28,29,15,18,21,32,19,20,56,16,59,60,61],"class_list":{"0":"post-120336","1":"post","2":"type-post","3":"status-publish","4":"format-standard","5":"has-post-thumbnail","7":"category-ulkomaat","8":"tag-aamulehti","9":"tag-breaking-news","10":"tag-breakingnews","11":"tag-featured-news","12":"tag-featurednews","13":"tag-fi","14":"tag-finland","15":"tag-finnish","16":"tag-headlines","17":"tag-latest-news","18":"tag-latestnews","19":"tag-main-news","20":"tag-mainnews","21":"tag-news","22":"tag-otsikot","23":"tag-paauutiset","24":"tag-suomi","25":"tag-top-stories","26":"tag-topstories","27":"tag-ulkomaat","28":"tag-uutiset","29":"tag-world","30":"tag-world-news","31":"tag-worldnews"},"share_on_mastodon":{"url":"https:\/\/pubeurope.com\/@fi\/115744832487251862","error":""},"_links":{"self":[{"href":"https:\/\/www.europesays.com\/fi\/wp-json\/wp\/v2\/posts\/120336","targetHints":{"allow":["GET"]}}],"collection":[{"href":"https:\/\/www.europesays.com\/fi\/wp-json\/wp\/v2\/posts"}],"about":[{"href":"https:\/\/www.europesays.com\/fi\/wp-json\/wp\/v2\/types\/post"}],"author":[{"embeddable":true,"href":"https:\/\/www.europesays.com\/fi\/wp-json\/wp\/v2\/users\/2"}],"replies":[{"embeddable":true,"href":"https:\/\/www.europesays.com\/fi\/wp-json\/wp\/v2\/comments?post=120336"}],"version-history":[{"count":0,"href":"https:\/\/www.europesays.com\/fi\/wp-json\/wp\/v2\/posts\/120336\/revisions"}],"wp:featuredmedia":[{"embeddable":true,"href":"https:\/\/www.europesays.com\/fi\/wp-json\/wp\/v2\/media\/1431"}],"wp:attachment":[{"href":"https:\/\/www.europesays.com\/fi\/wp-json\/wp\/v2\/media?parent=120336"}],"wp:term":[{"taxonomy":"category","embeddable":true,"href":"https:\/\/www.europesays.com\/fi\/wp-json\/wp\/v2\/categories?post=120336"},{"taxonomy":"post_tag","embeddable":true,"href":"https:\/\/www.europesays.com\/fi\/wp-json\/wp\/v2\/tags?post=120336"}],"curies":[{"name":"wp","href":"https:\/\/api.w.org\/{rel}","templated":true}]}}