{"id":120346,"date":"2025-12-19T06:48:14","date_gmt":"2025-12-19T06:48:14","guid":{"rendered":"https:\/\/www.europesays.com\/fi\/120346\/"},"modified":"2025-12-19T06:48:14","modified_gmt":"2025-12-19T06:48:14","slug":"maria-veitola-yokylailee-jalleen-heidat-nahdaan-ohjelmassa","status":"publish","type":"post","link":"https:\/\/www.europesays.com\/fi\/120346\/","title":{"rendered":"Maria Veitola y\u00f6kyl\u00e4ilee j\u00e4lleen \u2013 Heid\u00e4t n\u00e4hd\u00e4\u00e4n ohjelmassa"},"content":{"rendered":"<p>Y\u00f6kyl\u00e4ss\u00e4 Maria Veitola -ohjelma saa jatkoa ensi helmikuussa. <\/p>\n<p><img decoding=\"async\" class=\"image image-show image-preview\" src=\"https:\/\/www.europesays.com\/fi\/wp-content\/uploads\/2025\/10\/cc1d4dbbcc68ca8cc5d0632115a2faf6536918d111553159ddf228a0eea225c3.jpg\" alt=\"\"\/><img decoding=\"async\" class=\"image image-show\" src=\"https:\/\/www.europesays.com\/fi\/wp-content\/uploads\/2025\/10\/1760794868_636_cc1d4dbbcc68ca8cc5d0632115a2faf6536918d111553159ddf228a0eea225c3.jpg\" alt=\"\"\/><\/p>\n<p>Maria Veitola on vieraillut jo useiden suomalaisten julkkisten luona y\u00f6kyl\u00e4ss\u00e4.  Roosa Br\u00f6ijer<\/p>\n<p class=\"paragraph\">Y\u00f6kyl\u00e4ss\u00e4 Maria Veitola -ohjelmasta n\u00e4hd\u00e4\u00e4n ensi vuonna jo kymmenes tuotantokausi. Vuosien varrella <a href=\"https:\/\/www.iltalehti.fi\/henkilot\/Maria Veitola\" class=\"article-link-person-page\" rel=\"nofollow noopener\" target=\"_blank\">Maria Veitola<\/a> on y\u00f6pynyt yli sadan tunnetun suomalaisen kodissa.<\/p>\n<p class=\"paragraph\">Helmikuussa alkavalla kaudella ovensa Veitolalle  avaavat <strong>Arja Saijonmaa<\/strong>, <strong>Niko Saarinen<\/strong>,<strong> <\/strong><strong>Hjallis Harkimo<\/strong> ja <strong>Jasmine Pajari<\/strong><strong>, <\/strong><a href=\"https:\/\/www.iltalehti.fi\/henkilot\/Chisu\" class=\"article-link-person-page\" rel=\"nofollow noopener\" target=\"_blank\">Christel<\/a> ja <strong>Jori Roosberg<\/strong>, <strong>Satu R\u00e4m\u00f6<\/strong>, <strong>Benjamin Peltonen<\/strong>, <strong>Martti Suosalo<\/strong>, <strong>Sofia Virta<\/strong>, <strong>Anna-Leena H\u00e4rk\u00f6nen<\/strong> sek\u00e4 <strong>Osmo<\/strong> ja <a href=\"https:\/\/www.iltalehti.fi\/henkilot\/Mikko Peltola\" class=\"article-link-person-page\" rel=\"nofollow noopener\" target=\"_blank\">Peltsi Peltola<\/a>.<\/p>\n<p class=\"paragraph\">\u2013 Siit\u00e4 on jo yli kymmenen vuotta, kun soitin ensimm\u00e4isen y\u00f6kyl\u00e4paikan ovikelloa. En tosin osannut odottaa, millainen reissujen reissu t\u00e4st\u00e4 oli tulossa. Olen y\u00f6kyl\u00e4illyt t\u00e4h\u00e4n menness\u00e4 105:ss\u00e4 kohteessa, ja uskoisin olevani Suomen kovin y\u00f6kyl\u00e4ilij\u00e4, Maria Veitola pohtii tiedotteessa.<\/p>\n<p class=\"paragraph\">Y\u00f6kyl\u00e4ss\u00e4 Maria Veitola on palkittu vuosien varrella useilla Kultainen Venla -palkinnoilla. Kymmenes kausi alkaa Arja Saijonmaan kotoa Tukholmasta. Veitola vierailee my\u00f6s muun muassa kirjailija Satu R\u00e4m\u00f6n kotona Islannissa.<\/p>\n<p class=\"paragraph\">Alkuvuodesta poliitikko Hjallis Harkimon <a href=\"https:\/\/www.iltalehti.fi\/politiikka\/d8036605-828e-40bc-85b8-e129a7a619d4\" rel=\"nofollow noopener\" target=\"_blank\">asuinkuvioista nousi er\u00e4\u00e4nlainen kohu<\/a>, kun Helsingin pormestarikisan aikaan kyseenalaistettiin, voiko sipoolainen Harkimo pyrki\u00e4 pormestariksi.<\/p>\n<p class=\"paragraph\">Sipoon-kodin lis\u00e4ksi Harkimolla oli kuitenkin asunto my\u00f6s Helsingiss\u00e4 ja h\u00e4nen virallinen osoitteensa oli kirjattu Helsinkiin. Jaksokuvauksen perusteella Y\u00f6kyl\u00e4ss\u00e4 Maria Veitola -ohjelmassa Veitola on kutsuttu juuri y\u00f6kyl\u00e4\u00e4n Harkimon ja Pajarin Sipoon-kotiin.<\/p>\n<p class=\"paragraph\">Y\u00f6kyl\u00e4ss\u00e4 Maria Veitola 10. tuotantokausi MTV:ll\u00e4 maanantaina 23.2.2026 alkaen.<\/p>\n","protected":false},"excerpt":{"rendered":"Y\u00f6kyl\u00e4ss\u00e4 Maria Veitola -ohjelma saa jatkoa ensi helmikuussa. Maria Veitola on vieraillut jo useiden suomalaisten julkkisten luona y\u00f6kyl\u00e4ss\u00e4.&hellip;\n","protected":false},"author":2,"featured_media":65597,"comment_status":"","ping_status":"","sticky":false,"template":"","format":"standard","meta":{"footnotes":""},"categories":[133],"tags":[35,137,33,31,30,2139,1999,32,206,8490,140,139,156,109],"class_list":{"0":"post-120346","1":"post","2":"type-post","3":"status-publish","4":"format-standard","5":"has-post-thumbnail","7":"category-televisiot","8":"tag-24h","9":"tag-entertainment","10":"tag-fi","11":"tag-finland","12":"tag-finnish","13":"tag-suomalaiset-televisiojuontajat","14":"tag-suomalaiset-tv-ohjelmat","15":"tag-suomi","16":"tag-televisiot","17":"tag-toimittajakunta","18":"tag-tv-ja-elokuvat","19":"tag-tv-ohjelmat","20":"tag-tv","21":"tag-viihde"},"share_on_mastodon":{"url":"https:\/\/pubeurope.com\/@fi\/115744899554176609","error":""},"_links":{"self":[{"href":"https:\/\/www.europesays.com\/fi\/wp-json\/wp\/v2\/posts\/120346","targetHints":{"allow":["GET"]}}],"collection":[{"href":"https:\/\/www.europesays.com\/fi\/wp-json\/wp\/v2\/posts"}],"about":[{"href":"https:\/\/www.europesays.com\/fi\/wp-json\/wp\/v2\/types\/post"}],"author":[{"embeddable":true,"href":"https:\/\/www.europesays.com\/fi\/wp-json\/wp\/v2\/users\/2"}],"replies":[{"embeddable":true,"href":"https:\/\/www.europesays.com\/fi\/wp-json\/wp\/v2\/comments?post=120346"}],"version-history":[{"count":0,"href":"https:\/\/www.europesays.com\/fi\/wp-json\/wp\/v2\/posts\/120346\/revisions"}],"wp:featuredmedia":[{"embeddable":true,"href":"https:\/\/www.europesays.com\/fi\/wp-json\/wp\/v2\/media\/65597"}],"wp:attachment":[{"href":"https:\/\/www.europesays.com\/fi\/wp-json\/wp\/v2\/media?parent=120346"}],"wp:term":[{"taxonomy":"category","embeddable":true,"href":"https:\/\/www.europesays.com\/fi\/wp-json\/wp\/v2\/categories?post=120346"},{"taxonomy":"post_tag","embeddable":true,"href":"https:\/\/www.europesays.com\/fi\/wp-json\/wp\/v2\/tags?post=120346"}],"curies":[{"name":"wp","href":"https:\/\/api.w.org\/{rel}","templated":true}]}}