{"id":120349,"date":"2025-12-19T06:52:11","date_gmt":"2025-12-19T06:52:11","guid":{"rendered":"https:\/\/www.europesays.com\/fi\/120349\/"},"modified":"2025-12-19T06:52:11","modified_gmt":"2025-12-19T06:52:11","slug":"han-selvisi-erikoisjoukot-ohjelmasta-kiloja-lahti-ruoasta-oli-pulaa","status":"publish","type":"post","link":"https:\/\/www.europesays.com\/fi\/120349\/","title":{"rendered":"H\u00e4n selvisi Erikoisjoukot-ohjelmasta \u2013 Kiloja l\u00e4hti, ruoasta oli pulaa"},"content":{"rendered":"<p>Erikoisjoukot-kausi tuli p\u00e4\u00e4t\u00f6kseens\u00e4 finaalijaksossa. Leirin l\u00e4p\u00e4issyt henkil\u00f6 tekee Iltalehdelle paljastuksia ohjelman kulisseista. VARO JUONIPALJASTUKSIA!<\/p>\n<p class=\"paragraph\">Erikoisjoukot-ohjelman finaalijaksossa kokelaiden viimeisess\u00e4 yksil\u00f6teht\u00e4v\u00e4ss\u00e4 testattiin kaikkea leirill\u00e4 opittua. Finalistit olivat urheilutoimittaja <strong>Noora Toivo<\/strong>, ministeri <strong>Mika Poutala<\/strong> (kd), ex-nyrkkeilij\u00e4 <strong>Robert Helenius<\/strong> ja salibandypelaaja <strong>Nico Salo<\/strong>.<\/p>\n<p class=\"paragraph\">Kokelaat joutuivat ensin hypp\u00e4\u00e4m\u00e4\u00e4n lentokoneesta, suunnistamaan kahden tunnin aikarajassa kouluttaja <strong>Janne Lehtosen<\/strong> luokse ja jatkamaan seuraaville teht\u00e4v\u00e4alueille. Toivo ep\u00e4onnistui l\u00f6yt\u00e4m\u00e4\u00e4n paikalle annetussa aikarajassa, jolloin h\u00e4n joutui ensimm\u00e4isen\u00e4 kotimatkalle.<\/p>\n<p>Noora Toivo ei l\u00e4p\u00e4issyt erikoisjoukkoleiri\u00e4. Nelonen<\/p>\n<p class=\"paragraph\">Lis\u00e4ksi kokelaiden taitoja testattiin muun muassa melonnassa, sukelluksessa, ammunnassa, aseen kokoamisessa vesitankissa sek\u00e4 panttivangin pelastusteht\u00e4v\u00e4ss\u00e4.<\/p>\n<p class=\"paragraph\">Monivaiheisten teht\u00e4vien perusteella kouluttajat arvioivat heid\u00e4n suoritustaan p\u00e4iv\u00e4n lopussa kokonaisuutena. Ensimm\u00e4isen\u00e4 kouluttajat pudottivat Salon, sill\u00e4 h\u00e4n ei onnistunut kasaamaan asetta vesitankissa annetussa viiden minuutin aikarajassa.<\/p>\n<p>Vesitankkiteht\u00e4v\u00e4 koitui Nico Salon kohtaloksi Erikoisjoukoissa. Nelonen<\/p>\n<p class=\"paragraph\">My\u00f6s Heleniuksen numerolappu revittiin irti, sill\u00e4 h\u00e4n oli tehnyt virheit\u00e4 panttivangin pelastusteht\u00e4v\u00e4ss\u00e4.<\/p>\n<p class=\"paragraph\">\u2013 Teit kaksi r\u00e4ike\u00e4\u00e4 virhett\u00e4: ammuit kaksi kameramiest\u00e4. He olisivat voineet olla yht\u00e4 hyvin sivullisia, kouluttaja <strong>Matias Pet\u00e4ist\u00f6<\/strong> perusteli Heleniukselle p\u00e4\u00e4t\u00f6st\u00e4.<\/p>\n<p class=\"paragraph\">Leirin l\u00e4p\u00e4isi ainoastaan Poutala.<\/p>\n<p>Robert Helenius ampui vahingossa kahta huomioliiveill\u00e4 ja suojav\u00e4lineill\u00e4 varustettua kameramiest\u00e4. Nelonen<\/p>\n<p>Juhlat<\/p>\n<p class=\"paragraph\">Poutala kertoo Iltalehdelle yll\u00e4ttyneens\u00e4 siit\u00e4, ett\u00e4 oli ainoa leirin l\u00e4p\u00e4issyt. H\u00e4n uskoi, ett\u00e4 my\u00f6s Helenius ja Salo l\u00e4p\u00e4isisiv\u00e4t leirin. Siihen h\u00e4n ei osaa ottaa kantaa, tekiv\u00e4tk\u00f6 kouluttajat oikean p\u00e4\u00e4t\u00f6ksen Heleniuksen ja Salon pudottamisen suhteen.<\/p>\n<p class=\"paragraph\">\u2013 Vikana p\u00e4iv\u00e4n\u00e4 emme n\u00e4hneet kertaakaan toisiamme tai suorituksiamme sen j\u00e4lkeen, kun hypp\u00e4simme lentokoneesta, ministeri kertoo.<\/p>\n<p class=\"paragraph\">\u2013 Kouluttajat tekev\u00e4t toki p\u00e4\u00e4t\u00f6ksens\u00e4 siit\u00e4, mik\u00e4 on riitt\u00e4v\u00e4 virhe heille, h\u00e4n tuumaa.<\/p>\n<p>Mika Poutala luuli, ett\u00e4 my\u00f6s Robert Helenius ja Nico Salo l\u00e4p\u00e4isisiv\u00e4t leirin. Nelonen<\/p>\n<p class=\"paragraph\">Poutalan mukaan he eiv\u00e4t juhlineet onnistunutta suoritustaan tai kuvausten p\u00e4\u00e4ttymist\u00e4 kovin kummoisesti kameroiden sammuttua. Ministerin mukaan he ainoastaan s\u00f6iv\u00e4t hyvin Heleniuksen, Salon, kouluttajien ja tuotantotiimin kanssa.<\/p>\n<p class=\"paragraph\">\u2013 Kun kamerat sammuivat, kouluttajat muuttuivat t\u00e4ysin. He olivat mukavia tyyppej\u00e4, jotka eiv\u00e4t kuittailleet en\u00e4\u00e4 koko ajan, h\u00e4n kertoo.<\/p>\n<p class=\"paragraph\">Pienimuotoinen juhlinta alkoi kuitenkin kotipuolella. Poutala kertoo l\u00e4hteneens\u00e4 sy\u00f6m\u00e4\u00e4n Hook-urheiluravintolaan perheens\u00e4, tuttujensa ja Salon kanssa.<\/p>\n<p class=\"paragraph\">\u2013 Ruoka oli ollut leirill\u00e4 paljon puheenaiheena, kun siell\u00e4 oli niin kova n\u00e4lk\u00e4, Poutala naurahtaa.<\/p>\n<p>Laihtuminen<\/p>\n<p class=\"paragraph\">Poutala nime\u00e4\u00e4kin leirin rankimmiksi asioiksi n\u00e4l\u00e4n, v\u00e4h\u00e4isen unen ja kokonaisrasituksen. Ministerin mukaan he saivat pieni\u00e4 annoksia noin nelj\u00e4sti p\u00e4iv\u00e4ss\u00e4. V\u00e4lill\u00e4 he eiv\u00e4t kuitenkaan saaneet aamu- tai iltapalaa tai lounasta.<\/p>\n<p>Mika Poutalan valittiin Kristillisdemokraattien uudeksi liikunta-, urheilu- ja nuorisoministeriksi kes\u00e4kuussa. Jani Korpela<\/p>\n<p class=\"paragraph\">Kokelaat joutuivat my\u00f6s jakamaan kattilallisen ruokaa kesken\u00e4\u00e4n. Poutalan mukaan he jakoivat ruoan tasaisesti, paitsi Helenius sai kokonsa takia enemm\u00e4n.<\/p>\n<p class=\"paragraph\">\u2013 Silti h\u00e4n laihtui selke\u00e4sti eniten, ministeri naurahtaa.<\/p>\n<p class=\"paragraph\">Poutala kertoo itse laihtuneensa yhteens\u00e4 noin viisi kiloa: 2,5 kiloa putosi treenien aikana noin kaksi kuukautta ennen kuvauksia, ja toiset 2,5 kiloa leirin aikana. Poutala toipui kuvausten j\u00e4lkeen omasta mielest\u00e4\u00e4n hyvin, mutta my\u00f6nt\u00e4\u00e4 n\u00e4l\u00e4n vaivanneen viel\u00e4 jonkin aikaa.<\/p>\n<p class=\"paragraph\">\u2013 Viikon leirin j\u00e4lkeen oli jatkuva n\u00e4lk\u00e4. S\u00f6in kaiken, mit\u00e4 sain k\u00e4teeni, h\u00e4n kertoo.<\/p>\n<p>Tuotanto puuttui<\/p>\n<p class=\"paragraph\">Poutala nostaa esille h\u00e4nen ja Salon paon kolmanneksi viimeisess\u00e4 jaksossa. Hiippailuteht\u00e4v\u00e4n l\u00e4p\u00e4issyt kaksikko joutui vihollisjoukon vangitsemiksi kokelaiden tukikohdassa, mutta onnistuivat pakenemaan. Poutala toteaa, ett\u00e4 heid\u00e4n pakenemisensa oli n\u00e4ytetty ohjelmassa \u201dhassusti\u201d.<\/p>\n<p class=\"paragraph\">\u2013 Olimme auton takapenkill\u00e4 sidottuina, kun auto pys\u00e4htyi. Katsoin salaa hupun alta, p\u00e4\u00e4sisink\u00f6 pakoon. Sitten l\u00e4hdin sandaalit jalassa juoksemaan. Sitten Nicokin p\u00e4\u00e4tti l\u00e4hte\u00e4, ministeri kertoo.<\/p>\n<p class=\"paragraph\">\u2013 Juoksin paikkaan, jossa ei ollut kameroita. Sitten yksi tuotannon tyyppi tuli vastaan ja sanoi, etten saanut menn\u00e4 pakoon. Silloin p\u00e4\u00e4tin antautua, koska en halunnut ottaa riski\u00e4, ett\u00e4 putoaisin, h\u00e4n jatkaa.<\/p>\n<p>Mika Poutalan mukaan tuotannon henkil\u00f6 kielsi h\u00e4nt\u00e4 jatkamasta pakomatkaansa. Nelonen<\/p>\n<p class=\"paragraph\">Kouluttajat olivat kuitenkin samassa jaksossa painottaneet kokelaille karkaamisen miettimist\u00e4, jos sellainen tilaisuus tulee. Poutalalla on teoria siihen, miksi tuotanto kuitenkin pys\u00e4ytti h\u00e4nen pakenemisensa.<\/p>\n<p class=\"paragraph\">\u2013 Luulen, ett\u00e4 se perustui turvallisuusasioihin. Jos olisin paennut mets\u00e4\u00e4n, kukaan ei olisi tiennyt, miss\u00e4 olen. Luulen, etteiv\u00e4t he olleet ottaneet huomioon, ett\u00e4 n\u00e4in voisi oikeasti tapahtua, Poutala pohtii.<\/p>\n<p>Orpon sanat<\/p>\n<p class=\"paragraph\">P\u00e4\u00e4ministeri <strong>Petteri Orpo<\/strong> (kok) <a href=\"https:\/\/www.iltalehti.fi\/politiikka\/7c099dc8-a31d-4969-b586-5f7de72b1cb2\" rel=\"nofollow noopener\" target=\"_blank\">otti lokakuussa kantaa<\/a> ministerien osallistumiseen tosi-tv-ohjelmiin. Orpo sanoi, ettei n\u00e4e ministereill\u00e4 mink\u00e4\u00e4nlaista mahdollisuutta osallistua tosi-tv-ohjelmiin, sill\u00e4 ne viev\u00e4t paljon aikaa.<\/p>\n<p class=\"paragraph\">Nyt Poutala kertoo keskustelleensa asiasta Orpon kanssa.<\/p>\n<p class=\"paragraph\">\u2013 Orpo n\u00e4kee, ettei se ole ministereille aikataulullisesti mahdollista. Ymm\u00e4rr\u00e4n t\u00e4m\u00e4n t\u00e4ysin. Mutta min\u00e4h\u00e4n en ollut ministeri, kun menin kuvauksiin, Poutala sanoo viitaten siihen, ett\u00e4 h\u00e4net <a href=\"https:\/\/www.iltalehti.fi\/politiikka\/3df5db7c-704b-4f8c-9a99-6f7b82474081\" rel=\"nofollow noopener\" target=\"_blank\">valittiin ministeriksi<\/a> vasta kes\u00e4kuussa.<\/p>\n<p class=\"paragraph\">\u2013 Nyt ministerin\u00e4 ymm\u00e4rr\u00e4n t\u00e4ysin sen, ettei ole aikaa menn\u00e4 tv-kuvauksiin, h\u00e4n lis\u00e4\u00e4.<\/p>\n<p>Petteri Orpo sanoi lokakuussa, ettei n\u00e4e ministereill\u00e4 mink\u00e4\u00e4nlaista mahdollisuutta osallistua paljon aikaa vieviin tosi-tv-ohjelmiin. Sipe Myllyniemi<\/p>\n<p class=\"paragraph\">Poutala voisi harkita tosi-tv-ohjelmiin menemist\u00e4, muttei ministerikaudellaan. H\u00e4n menisi uudestaan Erikoisjoukot-ohjelmaan, jos olisi tulossa esimerkiksi All Stars &#8211; tai talvituotantokausi.<\/p>\n","protected":false},"excerpt":{"rendered":"Erikoisjoukot-kausi tuli p\u00e4\u00e4t\u00f6kseens\u00e4 finaalijaksossa. Leirin l\u00e4p\u00e4issyt henkil\u00f6 tekee Iltalehdelle paljastuksia ohjelman kulisseista. VARO JUONIPALJASTUKSIA! Erikoisjoukot-ohjelman finaalijaksossa kokelaiden viimeisess\u00e4&hellip;\n","protected":false},"author":2,"featured_media":120350,"comment_status":"","ping_status":"","sticky":false,"template":"","format":"standard","meta":{"footnotes":""},"categories":[158],"tags":[35,33,31,30,142,886,159,888,885,887,32,160],"class_list":{"0":"post-120349","1":"post","2":"type-post","3":"status-publish","4":"format-standard","5":"has-post-thumbnail","7":"category-urheilu","8":"tag-24h","9":"tag-fi","10":"tag-finland","11":"tag-finnish","12":"tag-poliitikot","13":"tag-puolueet","14":"tag-sports","15":"tag-suomalaiset-poliitikot","16":"tag-suomen-poliittiset-puolueet","17":"tag-suomen-politiikka","18":"tag-suomi","19":"tag-urheilu"},"share_on_mastodon":{"url":"https:\/\/pubeurope.com\/@fi\/115744915325539494","error":""},"_links":{"self":[{"href":"https:\/\/www.europesays.com\/fi\/wp-json\/wp\/v2\/posts\/120349","targetHints":{"allow":["GET"]}}],"collection":[{"href":"https:\/\/www.europesays.com\/fi\/wp-json\/wp\/v2\/posts"}],"about":[{"href":"https:\/\/www.europesays.com\/fi\/wp-json\/wp\/v2\/types\/post"}],"author":[{"embeddable":true,"href":"https:\/\/www.europesays.com\/fi\/wp-json\/wp\/v2\/users\/2"}],"replies":[{"embeddable":true,"href":"https:\/\/www.europesays.com\/fi\/wp-json\/wp\/v2\/comments?post=120349"}],"version-history":[{"count":0,"href":"https:\/\/www.europesays.com\/fi\/wp-json\/wp\/v2\/posts\/120349\/revisions"}],"wp:featuredmedia":[{"embeddable":true,"href":"https:\/\/www.europesays.com\/fi\/wp-json\/wp\/v2\/media\/120350"}],"wp:attachment":[{"href":"https:\/\/www.europesays.com\/fi\/wp-json\/wp\/v2\/media?parent=120349"}],"wp:term":[{"taxonomy":"category","embeddable":true,"href":"https:\/\/www.europesays.com\/fi\/wp-json\/wp\/v2\/categories?post=120349"},{"taxonomy":"post_tag","embeddable":true,"href":"https:\/\/www.europesays.com\/fi\/wp-json\/wp\/v2\/tags?post=120349"}],"curies":[{"name":"wp","href":"https:\/\/api.w.org\/{rel}","templated":true}]}}