{"id":120354,"date":"2025-12-19T06:57:15","date_gmt":"2025-12-19T06:57:15","guid":{"rendered":"https:\/\/www.europesays.com\/fi\/120354\/"},"modified":"2025-12-19T06:57:15","modified_gmt":"2025-12-19T06:57:15","slug":"matkailijoiden-keskustelut-viihdyttavat-ja-valistavat-kosintaa-napapiirilla-pulkkavarkauksia-ja-pukkikimaraa","status":"publish","type":"post","link":"https:\/\/www.europesays.com\/fi\/120354\/","title":{"rendered":"Matkailijoiden keskustelut viihdytt\u00e4v\u00e4t ja valistavat \u2013 kosintaa napapiirill\u00e4, pulkkavarkauksia ja pukkikimaraa"},"content":{"rendered":"<p>\n      Aivan maagista \u2013 en malta odottaa p\u00e4\u00e4sev\u00e4ni takaisin! Upea el\u00e4intarha! Kosinta napapiirill\u00e4 on uskomattoman romanttista! Mill\u00e4 taksilla kannattaa matkustaa Rovaniemelt\u00e4 Hettaan?\n    <\/p>\n<p>\n      Joulupukin pajakyl\u00e4 on t\u00e4ytt\u00e4 rahastusta! Mahtava loma, mutta meilt\u00e4 varastettiin pulkka! Kuinka monta hanskaa tarvitsen? Millaiset lasketteluhousut matkanj\u00e4rjest\u00e4j\u00e4 tarjoaa?\n    <\/p>\n<p class=\"article__opinion-paragraph\">\n      Matkailijoiden Lappi-keskustelufoorumit ovat viihdytt\u00e4v\u00e4\u00e4 ja avartavaa luettavaa. Monelle loma Lapissa on ollut unelmien t\u00e4yttymys, toiset kauhistelevat hintatasoa. K\u00e4yt\u00e4nn\u00f6n toimimiseen liittyv\u00e4t kysymykset huvittavat paikallista, mutta kertovat my\u00f6s kuinka eksoottinen paikka Lappi on \u2013 ei n\u00e4iss\u00e4 oloissa kuka tahansa osaa toimia.\n    <\/p>\n<p class=\"article__opinion-paragraph\">\n      Vastuuntuntoiset suomalaiset k\u00e4yv\u00e4t aika ajoin oikomassa v\u00e4\u00e4rink\u00e4sityksi\u00e4 ja selvent\u00e4m\u00e4ss\u00e4, kuinka homma paikan p\u00e4\u00e4ll\u00e4 toimii. Ja kertomassa kuinka kaukana Santa\u2019s Arctic Holiday Getaway on Arctic Santa\u2019s Getaway Holidaysta.\n    <\/p>\n<p class=\"article__opinion-paragraph\">\n      Tai ett\u00e4 Santa Park ja Santa Claus Village ovat eri asia, mutta l\u00e4hell\u00e4 toisiaan ja molemmissa on pukki. Ja ett\u00e4 on siell\u00e4 Santa Claus Villagessa kolmaskin pukki \u2013 t\u00e4ll\u00e4 hetkell\u00e4 kukaan ei tied\u00e4, mik\u00e4 niist\u00e4 on se virallinen ja joku hollantilainen yritt\u00e4\u00e4 todistaa, ettei sellaista voi ollakaan.<\/p>\n","protected":false},"excerpt":{"rendered":"Aivan maagista \u2013 en malta odottaa p\u00e4\u00e4sev\u00e4ni takaisin! Upea el\u00e4intarha! Kosinta napapiirill\u00e4 on uskomattoman romanttista! Mill\u00e4 taksilla kannattaa&hellip;\n","protected":false},"author":2,"featured_media":120355,"comment_status":"","ping_status":"","sticky":false,"template":"","format":"standard","meta":{"footnotes":""},"categories":[14],"tags":[22,23,26,27,33,31,30,17,24,25,28,29,15,18,21,32,19,20,56,16,59,60,61],"class_list":{"0":"post-120354","1":"post","2":"type-post","3":"status-publish","4":"format-standard","5":"has-post-thumbnail","7":"category-ulkomaat","8":"tag-breaking-news","9":"tag-breakingnews","10":"tag-featured-news","11":"tag-featurednews","12":"tag-fi","13":"tag-finland","14":"tag-finnish","15":"tag-headlines","16":"tag-latest-news","17":"tag-latestnews","18":"tag-main-news","19":"tag-mainnews","20":"tag-news","21":"tag-otsikot","22":"tag-paauutiset","23":"tag-suomi","24":"tag-top-stories","25":"tag-topstories","26":"tag-ulkomaat","27":"tag-uutiset","28":"tag-world","29":"tag-world-news","30":"tag-worldnews"},"share_on_mastodon":{"url":"https:\/\/pubeurope.com\/@fi\/115744934906152685","error":""},"_links":{"self":[{"href":"https:\/\/www.europesays.com\/fi\/wp-json\/wp\/v2\/posts\/120354","targetHints":{"allow":["GET"]}}],"collection":[{"href":"https:\/\/www.europesays.com\/fi\/wp-json\/wp\/v2\/posts"}],"about":[{"href":"https:\/\/www.europesays.com\/fi\/wp-json\/wp\/v2\/types\/post"}],"author":[{"embeddable":true,"href":"https:\/\/www.europesays.com\/fi\/wp-json\/wp\/v2\/users\/2"}],"replies":[{"embeddable":true,"href":"https:\/\/www.europesays.com\/fi\/wp-json\/wp\/v2\/comments?post=120354"}],"version-history":[{"count":0,"href":"https:\/\/www.europesays.com\/fi\/wp-json\/wp\/v2\/posts\/120354\/revisions"}],"wp:featuredmedia":[{"embeddable":true,"href":"https:\/\/www.europesays.com\/fi\/wp-json\/wp\/v2\/media\/120355"}],"wp:attachment":[{"href":"https:\/\/www.europesays.com\/fi\/wp-json\/wp\/v2\/media?parent=120354"}],"wp:term":[{"taxonomy":"category","embeddable":true,"href":"https:\/\/www.europesays.com\/fi\/wp-json\/wp\/v2\/categories?post=120354"},{"taxonomy":"post_tag","embeddable":true,"href":"https:\/\/www.europesays.com\/fi\/wp-json\/wp\/v2\/tags?post=120354"}],"curies":[{"name":"wp","href":"https:\/\/api.w.org\/{rel}","templated":true}]}}