{"id":120356,"date":"2025-12-19T06:58:12","date_gmt":"2025-12-19T06:58:12","guid":{"rendered":"https:\/\/www.europesays.com\/fi\/120356\/"},"modified":"2025-12-19T06:58:12","modified_gmt":"2025-12-19T06:58:12","slug":"nain-valtat-ruuhkat-jouluruokaostoksilla-ilta-sanomat","status":"publish","type":"post","link":"https:\/\/www.europesays.com\/fi\/120356\/","title":{"rendered":"N\u00e4in v\u00e4lt\u00e4t ruuhkat jouluruokaostoksilla &#8211; Ilta-Sanomat"},"content":{"rendered":"<p>Yksi p\u00e4iv\u00e4 on todenn\u00e4k\u00f6isesti rauhallisempi kuin muut.<\/p>\n<p>N\u00e4in paljon rahaa ihmiset k\u00e4ytt\u00e4v\u00e4t joululahjoihin. Video julkaistu alun perin 27.11.2025.Video: N\u00e4in paljon rahaa ihmiset k\u00e4ytt\u00e4v\u00e4t joululahjoihin\n <\/p>\n<p>Lue tiivistelm\u00e4<\/p>\n<p class=\"article-body mb-nof-24 px-nof-16 sndp-summary-bullet-point-font\">Suuret ruokakauppaketjut arvioivat, ett\u00e4 joulun vilkkaimmat ostosp\u00e4iv\u00e4t ovat maanantai 22. joulukuuta ja tiistai 23. joulukuuta.<\/p>\n<p class=\"article-body mb-nof-24 px-nof-16 sndp-summary-bullet-point-font\">Rauhallisin joulunalusp\u00e4iv\u00e4 ruokakaupoissa on S-ryhm\u00e4n arvion mukaan sunnuntai 21. joulukuuta.<\/p>\n<p class=\"article-body mb-nof-24 px-nof-16 sndp-summary-bullet-point-font\">Jos ruuhkia haluaa v\u00e4ltt\u00e4\u00e4, kaupoissa kannattaa k\u00e4yd\u00e4 ennen aamuyhdeks\u00e4\u00e4 tai iltayhdeks\u00e4n j\u00e4lkeen.<\/p>\n<p class=\"article-body mb-nof-24 px-nof-16 sndp-summary-bullet-point-font\">Kauppaketjuista vinkataan, ett\u00e4 jouluruokaostokset kannattaa jakaa kahteen kertaan: pidemp\u00e4\u00e4n s\u00e4ilyv\u00e4t tuotteet voi ostaa viikonloppuna ja tuoretuotteet l\u00e4hemp\u00e4n\u00e4 joulua.<\/p>\n<p class=\"article-body mb-nof-24 px-nof-16\">Kun joulu l\u00e4henee, vilske ja vilin\u00e4 sen kuin yltyy ruokakauppojen hyllyjen v\u00e4liss\u00e4.<\/p>\n<p class=\"article-body mb-nof-24 px-nof-16\">Suuret ruokakauppaketjut arvioivat, ett\u00e4 vilkkaimmat ostosp\u00e4iv\u00e4t ovat maanantai 22. joulukuuta ja aatonaatto eli tiistai 23. joulukuuta.<\/p>\n<p class=\"article-body mb-nof-24 px-nof-16\">Ruuhka kuitenkin jakautuu tasaisemmin n\u00e4ille arkip\u00e4iville verrattuna viime vuoteen, jolloin ennen aattoa oli vain yksi arkip\u00e4iv\u00e4.<\/p>\n<p class=\"article-body mb-nof-24 px-nof-16\">Kaupoista arvioidaan, ett\u00e4 isommissa kaupungeissa aatonaatto saattaa olla korostetun ruuhkainen. Pienemmill\u00e4 paikkakunnilla puolestaan varaudutaan ehk\u00e4 jo aiemmin jouluun k\u00e4ym\u00e4ll\u00e4 hyviss\u00e4 ajoin jouluruokaostoksilla.<\/p>\n<p class=\"article-body mb-nof-24 px-nof-16\">S-ryhm\u00e4st\u00e4 arvioidaan, ett\u00e4 sunnuntai 21. joulukuuta olisi joulun alla rauhallisin ostop\u00e4iv\u00e4.<\/p>\n<p class=\"article-body mb-nof-24 px-nof-16\">Jos pahimmat ruuhkat joulunalusp\u00e4ivin\u00e4 haluaa v\u00e4ltt\u00e4\u00e4, paras aika k\u00e4yd\u00e4 ostoksilla on aikaisin aamusta, my\u00f6hemmin illasta tai y\u00f6ll\u00e4, S-ryhm\u00e4st\u00e4 vinkataan.<\/p>\n<p class=\"article-body mb-nof-24 px-nof-16\">\u2013\u00a0T\u00e4sm\u00e4vinkkin\u00e4\u00a0mainittakoon kellonaikoina\u00a0ennen\u00a0aamuyhdeks\u00e4\u00e4\u00a0ja iltayhdeks\u00e4n\u00a0j\u00e4lkeen, S-ryhm\u00e4n p\u00e4ivitt\u00e4istavarakaupan johtaja <a class=\"article-personlink\" href=\"https:\/\/www.is.fi\/haku\/?query=Antti%20Oksa\" rel=\"nofollow noopener\" target=\"_blank\">Antti Oksa<\/a> sanoo tiedotteessa.<\/p>\n<p><img decoding=\"async\" src=\"https:\/\/www.europesays.com\/fi\/wp-content\/uploads\/2025\/12\/1766127489_77_468.jpg\" alt=\"S-ryhm\u00e4n ennuste jouluruuhkista Prismoissa. Punaisempi v\u00e4ri merkitsee enemm\u00e4n ruuhkaa ja vihre\u00e4mpi puolestaan v\u00e4ljyytt\u00e4 kaupoilla. Ennuste perustuu viime vuoteen huomioiden pyhien sijoittumisen eri viikonp\u00e4iville kuin viime vuonna.\" class=\"_Img_1rerz_1\" style=\"aspect-ratio:0.8\" loading=\"eager\"\/><\/p>\n<p class=\"article-picture-caption\">S-ryhm\u00e4n ennuste jouluruuhkista Prismoissa. Punaisempi v\u00e4ri merkitsee enemm\u00e4n ruuhkaa ja vihre\u00e4mpi puolestaan v\u00e4ljyytt\u00e4 kaupoilla. Ennuste perustuu viime vuoteen huomioiden pyhien sijoittumisen eri viikonp\u00e4iville kuin viime vuonna.<\/p>\n<p class=\"article-body mb-nof-24 px-nof-16\">K-Citymarketin ketjujohtaja <a class=\"article-personlink\" href=\"https:\/\/www.is.fi\/haku\/?query=Ari%20S%C3%A4%C3%A4ksm%C3%A4ki\" rel=\"nofollow noopener\" target=\"_blank\">Ari S\u00e4\u00e4ksm\u00e4ki<\/a> sanoo, ett\u00e4 joulunalusp\u00e4ivien kauppareissut kannattaa suunnitella hyvin, vaikka ei normaalisti tekisi ostoslistoja, Ennen kauppareissua kannattaa pohtia, millaisen kokonaisuuden joulup\u00f6yd\u00e4st\u00e4 haluaa rakentaa.<\/p>\n<p class=\"article-body mb-nof-24 px-nof-16\">\u2013 Se helpottaa kaupassa stressi\u00e4 siit\u00e4, onko muistanut kaiken, ja silloin my\u00f6s t\u00e4ydennystarpeet j\u00e4\u00e4v\u00e4t v\u00e4hemm\u00e4lle.<\/p>\n<p class=\"article-body mb-nof-24 px-nof-16\">S\u00e4\u00e4ksm\u00e4ki vinkkaa, ett\u00e4 jouluruokaostokset kannattaa k\u00e4yd\u00e4 tekem\u00e4ss\u00e4 kahden k\u00e4ynnin taktiikalla.<\/p>\n<p class=\"article-body mb-nof-24 px-nof-16\">Viikonloppuna voi k\u00e4yd\u00e4 ostamassa pidemp\u00e4\u00e4n s\u00e4ilyvi\u00e4 tuotteita ja ostaa herkemmin pilaantuvat tuotteet l\u00e4hemp\u00e4n\u00e4 joulunpyhi\u00e4.<\/p>\n<p class=\"article-body mb-nof-24 px-nof-16\">Esimerkiksi sunnuntai voisi h\u00e4nest\u00e4 olla hyv\u00e4 p\u00e4iv\u00e4 k\u00e4yd\u00e4 ensimm\u00e4isen kerran jouluruokakaupoilla. T\u00e4ydennyskierroksen voi S\u00e4\u00e4ksm\u00e4en mukaan tehd\u00e4 esimerkiksi maanantaina tai tiistaina.<\/p>\n<p class=\"article-body mb-nof-24 px-nof-16\">\u2013 Ainakin itse toimin niin, ett\u00e4 ostan ensimm\u00e4isell\u00e4 kerralla hyvin s\u00e4ilyv\u00e4t ja tilaa viev\u00e4t tuotteet, eli juomat ja s\u00e4ilyv\u00e4t elintarvikkeet, kuten kahvit ja joulupuuron ainekset.<\/p>\n<p><img decoding=\"async\" src=\"https:\/\/www.europesays.com\/fi\/wp-content\/uploads\/2025\/12\/1766127490_39_468.jpg\" alt=\"Kaupoista arvioidaan, ett\u00e4 22. ja 23. joulukuuta ovat joulun alla kiireisimm\u00e4t p\u00e4iv\u00e4t ruokakaupoilla.\" class=\"_Img_1rerz_1\" style=\"aspect-ratio:1.5\" loading=\"eager\"\/><\/p>\n<p class=\"article-picture-caption\">Kaupoista arvioidaan, ett\u00e4 22. ja 23. joulukuuta ovat joulun alla kiireisimm\u00e4t p\u00e4iv\u00e4t ruokakaupoilla. Kuva:\u00a0Roni Rekomaa<\/p>\n<p class=\"article-body mb-nof-24 px-nof-16\">\u2013 My\u00f6s kinkku kannattaa ehdottomasti hankkia hyviss\u00e4 ajoin. P\u00e4iv\u00e4ykset niiss\u00e4 riitt\u00e4v\u00e4t usein hyvin joulun yli, ja kun on aikaisin liikkeell\u00e4, saa varmasti juuri sen tyyppisen kinkun, mik\u00e4 on itselle sopiva. My\u00f6s muissa lihatuotteissa ja juustoissa on hyvin p\u00e4iv\u00e4yksi\u00e4.<\/p>\n<p class=\"article-body mb-nof-24 px-nof-16\">L\u00e4hemp\u00e4n\u00e4 jouluaattoa kannattaa ostaa herkemmin pilaantuvat tuotteet, kuten tuore kala ja leip\u00e4 sek\u00e4 hedelm\u00e4t ja vihannekset, S\u00e4\u00e4ksm\u00e4ki luettelee.<\/p>\n<p class=\"article-body mb-nof-24 px-nof-16\">My\u00f6s Lidlin myyntip\u00e4\u00e4llikk\u00f6 <a class=\"article-personlink\" href=\"https:\/\/www.is.fi\/haku\/?query=Milla%20Perkola\" rel=\"nofollow noopener\" target=\"_blank\">Milla Perkola<\/a> on ostoskertojen jakamisen kannalla. H\u00e4n itse tekee isommat ostokset jo viikonloppuna ja hakee tuoretuotteet alkuviikosta.<\/p>\n<p class=\"article-body mb-nof-24 px-nof-16\">\u2013 P\u00e4iv\u00e4ysherkimm\u00e4t tuotteet, eli maito- ja tietyt kalatuotteet, haen vasta viimeisin\u00e4 p\u00e4ivin\u00e4. Toki jos haluaa itse graavata kalan, pit\u00e4\u00e4 mietti\u00e4 tarkemmin, milloin kalan ostaa.<\/p>\n<p class=\"article-body mb-nof-24 px-nof-16\">Perkola muistuttaa, ett\u00e4 k\u00e4ytt\u00f6tavaraosastolta voi viel\u00e4 napata viime hetken joululahjoja, jos jotain on p\u00e4\u00e4ssyt unohtumaan pukinkontista.<\/p>\n<p><img decoding=\"async\" src=\"https:\/\/www.europesays.com\/fi\/wp-content\/uploads\/2025\/12\/1766127491_478_468.jpg\" alt=\"Joulup\u00f6yd\u00e4n kokonaisuus kannattaa suunnitella ennen kuin l\u00e4htee jouluruokaostoksille, vaikka ei normaalisti tekisik\u00e4\u00e4n ostoslistoja.\" class=\"_Img_1rerz_1\" style=\"aspect-ratio:0.8255208333333334\" loading=\"eager\"\/><\/p>\n<p class=\"article-picture-caption\">Joulup\u00f6yd\u00e4n kokonaisuus kannattaa suunnitella ennen kuin l\u00e4htee jouluruokaostoksille, vaikka ei normaalisti tekisik\u00e4\u00e4n ostoslistoja. Kuva:\u00a0Ilkka M\u00e4kinen \/ IS<\/p>\n<p class=\"article-body mb-nof-24 px-nof-16\">Alkossa vilkkaimmat p\u00e4iv\u00e4t ovat niin ik\u00e4\u00e4n maanantai ja tiistai, mutta tiistaista odotetaan kaikkien kiireisint\u00e4, kertoo Alkon tuoteviestint\u00e4p\u00e4\u00e4llikk\u00f6 <a class=\"article-personlink\" href=\"https:\/\/www.is.fi\/haku\/?query=Matti%20Syrj%C3%A4\" rel=\"nofollow noopener\" target=\"_blank\">Matti Syrj\u00e4<\/a>. Ruuhkat todenn\u00e4k\u00f6isesti painottuvat isoihin kauppakeskuksiin ja niiden myym\u00e4l\u00f6ihin.<\/p>\n<p class=\"article-body mb-nof-24 px-nof-16\">Koska Alkon tuotteissa on pitk\u00e4 s\u00e4ilyvyys, joulup\u00f6yd\u00e4n juomat voi k\u00e4yd\u00e4 ostamassa jo vaikka kuluvalla viikolla, Syrj\u00e4 vinkkaa.<\/p>\n<p class=\"article-body mb-nof-24 px-nof-16\">\u2013 Jos on mieless\u00e4 jotain tiettyj\u00e4 tuotemerkkej\u00e4, mit\u00e4 varmasti haluaa, niin saatavuus on parempi, kun suuri ostospiikki ei ole viel\u00e4 tullut. Jos ei ole niin t\u00e4rke\u00e4\u00e4, ett\u00e4 saa tietty\u00e4 tuotetta, niin silloin ehdottomasti ehtii ensi viikollakin.<\/p>\n<p><img decoding=\"async\" src=\"https:\/\/www.europesays.com\/fi\/wp-content\/uploads\/2025\/12\/1766127492_420_468.jpg\" alt=\"Joulukinkussa on yleens\u00e4 hyv\u00e4 s\u00e4ilyvyys, joten sen voi ostaa jo hyviss\u00e4 ajoin ennen joulua.\" class=\"_Img_1rerz_1\" style=\"aspect-ratio:1.3333333333333333\" loading=\"eager\"\/><\/p>\n<p class=\"article-picture-caption\">Joulukinkussa on yleens\u00e4 hyv\u00e4 s\u00e4ilyvyys, joten sen voi ostaa jo hyviss\u00e4 ajoin ennen joulua. Kuva:\u00a0Jade Ollikainen<\/p>\n<p class=\"article-body mb-nof-24 px-nof-16\">Ruokakapoista voi tarpeen tullen k\u00e4yd\u00e4 hakemassa t\u00e4ydennyksi\u00e4, jos jotain tarvitseekin lis\u00e4\u00e4 tai jotain unohtui ostaa.<\/p>\n<p class=\"article-body mb-nof-24 px-nof-16\">Joulun alla useampi S-ryhm\u00e4n myym\u00e4l\u00e4 laajentaa aukioloaikojaan ja tavallista useampi Prisma on auki vuorokauden ymp\u00e4ri.<\/p>\n<p class=\"article-body mb-nof-24 px-nof-16\">S-ryhm\u00e4n myym\u00e4l\u00e4t ovat p\u00e4\u00e4s\u00e4\u00e4nt\u00f6isesti auki jouluaattona, mutta monet sulkevat ovensa tavallista aiemmin. Joulup\u00e4iv\u00e4n\u00e4 ja tapaninp\u00e4iv\u00e4n\u00e4 jotkut myym\u00e4l\u00f6ist\u00e4 ovat auki rajoitetusti.<\/p>\n<p class=\"article-body mb-nof-24 px-nof-16\">K-ryhm\u00e4n useimmat myym\u00e4l\u00e4t ovat joulunpyhien l\u00e4pi auki sunnuntain aukioloaikoja vastaavilla ajoilla. 24 tuntia vuorokaudessa auki olevat K-Citymarketit ovat my\u00f6s joulunpyhin\u00e4 auki 24 tuntia.<\/p>\n<p class=\"article-body mb-nof-24 px-nof-16\">Maanantaina ja tiistaina Lidlin myym\u00e4l\u00e4t ovat auki normaaleina arkip\u00e4iv\u00e4n aukioloaikoina. Tapaninp\u00e4iv\u00e4n\u00e4 Lidlit ovat p\u00e4\u00e4osin auki sunnuntain aukioloaikojen mukaisesti. Joulup\u00e4iv\u00e4n\u00e4 myym\u00e4l\u00e4t ovat kiinni.<\/p>\n<p class=\"article-body mb-nof-24 px-nof-16\">\u2013 Haluamme mahdollistaa henkil\u00f6kunnalle vapaata ja jouluun rauhoittumista, Lidlin myyntip\u00e4\u00e4llikk\u00f6 Perkola sanoo.<\/p>\n<p class=\"article-body mb-nof-24 px-nof-16\">Alkon myym\u00e4l\u00e4t ovat maanantaina 22. joulukuuta auki normaalisti. Aatonaattona myym\u00e4l\u00e4t ovat auki perjantain aukioloaikojen mukaisesti. Jouluaattona myym\u00e4l\u00e4t ovat auki kello 9\u201312. Joulup\u00e4iv\u00e4n\u00e4 ja tapaninp\u00e4iv\u00e4n\u00e4 Alkon myym\u00e4l\u00e4t ovat kiinni.<\/p>\n","protected":false},"excerpt":{"rendered":"Yksi p\u00e4iv\u00e4 on todenn\u00e4k\u00f6isesti rauhallisempi kuin muut. N\u00e4in paljon rahaa ihmiset k\u00e4ytt\u00e4v\u00e4t joululahjoihin. Video julkaistu alun perin 27.11.2025.Video:&hellip;\n","protected":false},"author":2,"featured_media":120357,"comment_status":"","ping_status":"","sticky":false,"template":"","format":"standard","meta":{"footnotes":""},"categories":[12],"tags":[22,23,26,27,33,31,30,17,34,24,25,28,29,15,18,21,32,19,20,16],"class_list":{"0":"post-120356","1":"post","2":"type-post","3":"status-publish","4":"format-standard","5":"has-post-thumbnail","7":"category-suomi","8":"tag-breaking-news","9":"tag-breakingnews","10":"tag-featured-news","11":"tag-featurednews","12":"tag-fi","13":"tag-finland","14":"tag-finnish","15":"tag-headlines","16":"tag-ilta-sanomat","17":"tag-latest-news","18":"tag-latestnews","19":"tag-main-news","20":"tag-mainnews","21":"tag-news","22":"tag-otsikot","23":"tag-paauutiset","24":"tag-suomi","25":"tag-top-stories","26":"tag-topstories","27":"tag-uutiset"},"share_on_mastodon":{"url":"https:\/\/pubeurope.com\/@fi\/115744939357112023","error":""},"_links":{"self":[{"href":"https:\/\/www.europesays.com\/fi\/wp-json\/wp\/v2\/posts\/120356","targetHints":{"allow":["GET"]}}],"collection":[{"href":"https:\/\/www.europesays.com\/fi\/wp-json\/wp\/v2\/posts"}],"about":[{"href":"https:\/\/www.europesays.com\/fi\/wp-json\/wp\/v2\/types\/post"}],"author":[{"embeddable":true,"href":"https:\/\/www.europesays.com\/fi\/wp-json\/wp\/v2\/users\/2"}],"replies":[{"embeddable":true,"href":"https:\/\/www.europesays.com\/fi\/wp-json\/wp\/v2\/comments?post=120356"}],"version-history":[{"count":0,"href":"https:\/\/www.europesays.com\/fi\/wp-json\/wp\/v2\/posts\/120356\/revisions"}],"wp:featuredmedia":[{"embeddable":true,"href":"https:\/\/www.europesays.com\/fi\/wp-json\/wp\/v2\/media\/120357"}],"wp:attachment":[{"href":"https:\/\/www.europesays.com\/fi\/wp-json\/wp\/v2\/media?parent=120356"}],"wp:term":[{"taxonomy":"category","embeddable":true,"href":"https:\/\/www.europesays.com\/fi\/wp-json\/wp\/v2\/categories?post=120356"},{"taxonomy":"post_tag","embeddable":true,"href":"https:\/\/www.europesays.com\/fi\/wp-json\/wp\/v2\/tags?post=120356"}],"curies":[{"name":"wp","href":"https:\/\/api.w.org\/{rel}","templated":true}]}}