{"id":120360,"date":"2025-12-19T07:12:09","date_gmt":"2025-12-19T07:12:09","guid":{"rendered":"https:\/\/www.europesays.com\/fi\/120360\/"},"modified":"2025-12-19T07:12:09","modified_gmt":"2025-12-19T07:12:09","slug":"lauri-markkasella-nivusvaivoja-hs-fi","status":"publish","type":"post","link":"https:\/\/www.europesays.com\/fi\/120360\/","title":{"rendered":"Lauri Markkasella nivusvaivoja | HS.fi"},"content":{"rendered":"<p>Koripallo|Suomalaist\u00e4hti ei p\u00e4\u00e4ssyt kent\u00e4lle.<\/p>\n<p class=\"article-body mb-nof-24 px-nof-16\">Koripallojoukkue Utah Jazzin suomalainen t\u00e4htipelaaja<a class=\"article-personlink\" href=\"https:\/\/www.hs.fi\/haku\/?query=%20Lauri%20Markkanen\" rel=\"nofollow noopener\" target=\"_blank\"> Lauri Markkanen<\/a> on loukkaantunut. H\u00e4n joutui j\u00e4tt\u00e4m\u00e4\u00e4n perjantain vastaisena y\u00f6n\u00e4 Suomen aikaa pelatun NBA-ottelun v\u00e4liin.<\/p>\n<p class=\"article-body mb-nof-24 px-nof-16\">Seura tiedotti, ett\u00e4 Markkanen kamppailee nivusvaivojen kanssa.<\/p>\n<p class=\"article-body mb-nof-24 px-nof-16\">Jyv\u00e4skyl\u00e4l\u00e4inen pelaa parasta kautta yhdeks\u00e4nvuotisella NBA-urallaan. H\u00e4n on tehnyt keskim\u00e4\u00e4rin 27,8 pistett\u00e4, ottanut 7,0 levypalloa ja antanut 2,1 koriin johtanutta sy\u00f6tt\u00f6\u00e4 ottelua kohden.<\/p>\n<p class=\"article-body mb-nof-24 px-nof-16\">Torstain ottelu oli vasta kauden toinen peli, jonka Markkanen joutui j\u00e4tt\u00e4m\u00e4\u00e4n v\u00e4liin. H\u00e4n ei p\u00e4\u00e4ssyt 8.12. kent\u00e4lle Oklahoma City Thunderia vastaan. Jazz h\u00e4visi tuolloin 30 pisteell\u00e4.<\/p>\n<p class=\"article-body mb-nof-24 px-nof-16\">Utah Jazz k\u00e4rsi torstaina kotihallissaan 135\u2013143 -tappion Los Angeles Lakersille.<\/p>\n<p class=\"article-body mb-nof-24 px-nof-16\">Lakersin tehokkain pelaaja oli <a class=\"article-personlink\" href=\"https:\/\/www.hs.fi\/haku\/?query=Luka%20Doncic\" rel=\"nofollow noopener\" target=\"_blank\">Luka Doncic<\/a> 45 pisteell\u00e4\u00e4n. Jazzin pistelinko oli puolestaan <a class=\"article-personlink\" href=\"https:\/\/www.hs.fi\/haku\/?query=Keyonte%20George\" rel=\"nofollow noopener\" target=\"_blank\">Keyonte George<\/a>, jonka saldo oli 34.<\/p>\n<p class=\"article-body mb-nof-24 px-nof-16\">Markkasen seura on l\u00e4ntisess\u00e4 konferenssissa sijalla kaksitoista ja Lakers sijalla kolme.<\/p>\n","protected":false},"excerpt":{"rendered":"Koripallo|Suomalaist\u00e4hti ei p\u00e4\u00e4ssyt kent\u00e4lle. Koripallojoukkue Utah Jazzin suomalainen t\u00e4htipelaaja Lauri Markkanen on loukkaantunut. H\u00e4n joutui j\u00e4tt\u00e4m\u00e4\u00e4n perjantain vastaisena&hellip;\n","protected":false},"author":2,"featured_media":120361,"comment_status":"","ping_status":"","sticky":false,"template":"","format":"standard","meta":{"footnotes":""},"categories":[136],"tags":[407,137,33,31,30,46,408,32,109],"class_list":{"0":"post-120360","1":"post","2":"type-post","3":"status-publish","4":"format-standard","5":"has-post-thumbnail","7":"category-julkkikset","8":"tag-celebrities","9":"tag-entertainment","10":"tag-fi","11":"tag-finland","12":"tag-finnish","13":"tag-helsingin-sanomat","14":"tag-julkkikset","15":"tag-suomi","16":"tag-viihde"},"share_on_mastodon":{"url":"https:\/\/pubeurope.com\/@fi\/115744993635635606","error":""},"_links":{"self":[{"href":"https:\/\/www.europesays.com\/fi\/wp-json\/wp\/v2\/posts\/120360","targetHints":{"allow":["GET"]}}],"collection":[{"href":"https:\/\/www.europesays.com\/fi\/wp-json\/wp\/v2\/posts"}],"about":[{"href":"https:\/\/www.europesays.com\/fi\/wp-json\/wp\/v2\/types\/post"}],"author":[{"embeddable":true,"href":"https:\/\/www.europesays.com\/fi\/wp-json\/wp\/v2\/users\/2"}],"replies":[{"embeddable":true,"href":"https:\/\/www.europesays.com\/fi\/wp-json\/wp\/v2\/comments?post=120360"}],"version-history":[{"count":0,"href":"https:\/\/www.europesays.com\/fi\/wp-json\/wp\/v2\/posts\/120360\/revisions"}],"wp:featuredmedia":[{"embeddable":true,"href":"https:\/\/www.europesays.com\/fi\/wp-json\/wp\/v2\/media\/120361"}],"wp:attachment":[{"href":"https:\/\/www.europesays.com\/fi\/wp-json\/wp\/v2\/media?parent=120360"}],"wp:term":[{"taxonomy":"category","embeddable":true,"href":"https:\/\/www.europesays.com\/fi\/wp-json\/wp\/v2\/categories?post=120360"},{"taxonomy":"post_tag","embeddable":true,"href":"https:\/\/www.europesays.com\/fi\/wp-json\/wp\/v2\/tags?post=120360"}],"curies":[{"name":"wp","href":"https:\/\/api.w.org\/{rel}","templated":true}]}}