{"id":120362,"date":"2025-12-19T07:15:21","date_gmt":"2025-12-19T07:15:21","guid":{"rendered":"https:\/\/www.europesays.com\/fi\/120362\/"},"modified":"2025-12-19T07:15:21","modified_gmt":"2025-12-19T07:15:21","slug":"yokylassa-maria-veitola-juhlakausi-starttaa","status":"publish","type":"post","link":"https:\/\/www.europesays.com\/fi\/120362\/","title":{"rendered":"Y\u00f6kyl\u00e4ss\u00e4 Maria Veitola juhlakausi starttaa"},"content":{"rendered":"<p><a class=\"cursor-pointer underline\" data-testid=\"internal-link\" role=\"link\" data-sentry-element=\"Link\" data-sentry-component=\"InternalLink\" data-sentry-source-file=\"InternalLink.tsx\" href=\"https:\/\/www.mtvuutiset.fi\/aihe\/yokylassa-maria-veitola\/7151942\" rel=\"nofollow noopener\" target=\"_blank\"><strong class=\"typography-bold\">Y\u00f6kyl\u00e4ss\u00e4 Maria Veitola<\/strong><\/a><strong class=\"typography-bold\"> juhlii kymmenett\u00e4 juhlakauttaan MTV:ll\u00e4 23.2. alkaen. Maria Veitola on y\u00f6pynyt yli sadan tunnetun suomalaisen kodissa ja matka jatkuu j\u00e4lleen.\u00a0<\/strong><\/p>\n<p><a class=\"cursor-pointer underline\" data-testid=\"internal-link\" role=\"link\" data-sentry-element=\"Link\" data-sentry-component=\"InternalLink\" data-sentry-source-file=\"InternalLink.tsx\" href=\"https:\/\/www.mtvuutiset.fi\/aihe\/maria-veitola\/4755446\" rel=\"nofollow noopener\" target=\"_blank\"><strong class=\"typography-bold\">Maria Veitolan<\/strong><\/a> y\u00f6kyl\u00e4ilyt kuljettavat t\u00e4ll\u00e4 kaudella poikkeuksellisiin maisemiin Suomen halki aina maailman laidalle saakka. Juhlakautta vietet\u00e4\u00e4n upeiden maisemien lis\u00e4ksi suurien tunteiden, tarinoiden ja ikimuistoisten kohtaamisten sek\u00e4 uusien haasteiden \u00e4\u00e4rell\u00e4.<\/p>\n<p>Uusi kausi k\u00e4ynnistyy <strong class=\"typography-bold\">Arja Saijonmaan<\/strong> jaksolla. Alkavalla kaudella ovensa ja mielenmaisemansa Marialle avaavat my\u00f6s <a class=\"cursor-pointer underline\" data-testid=\"internal-link\" role=\"link\" data-sentry-element=\"Link\" data-sentry-component=\"InternalLink\" data-sentry-source-file=\"InternalLink.tsx\" href=\"https:\/\/www.mtvuutiset.fi\/aihe\/niko-saarinen\/2890038\" rel=\"nofollow noopener\" target=\"_blank\"><strong class=\"typography-bold\">Niko Saarinen<\/strong><\/a><strong class=\"typography-bold\">, <\/strong><a class=\"cursor-pointer underline\" data-testid=\"internal-link\" role=\"link\" data-sentry-element=\"Link\" data-sentry-component=\"InternalLink\" data-sentry-source-file=\"InternalLink.tsx\" href=\"https:\/\/www.mtvuutiset.fi\/aihe\/hjallis-harkimo\/2874680\" rel=\"nofollow noopener\" target=\"_blank\"><strong class=\"typography-bold\">Hjallis Harkimo<\/strong><\/a> ja <strong class=\"typography-bold\">Jasmine Pajari, Christel<\/strong> ja <strong class=\"typography-bold\">Jori Roosberg, <\/strong><a class=\"cursor-pointer underline\" data-testid=\"internal-link\" role=\"link\" data-sentry-element=\"Link\" data-sentry-component=\"InternalLink\" data-sentry-source-file=\"InternalLink.tsx\" href=\"https:\/\/www.mtvuutiset.fi\/aihe\/satu-ramo\/9194870\" rel=\"nofollow noopener\" target=\"_blank\"><strong class=\"typography-bold\">Satu R\u00e4m\u00f6<\/strong><\/a><strong class=\"typography-bold\">, <\/strong><a class=\"cursor-pointer underline\" data-testid=\"internal-link\" role=\"link\" data-sentry-element=\"Link\" data-sentry-component=\"InternalLink\" data-sentry-source-file=\"InternalLink.tsx\" href=\"https:\/\/www.mtvuutiset.fi\/aihe\/benjamin-peltonen\/7143226\" rel=\"nofollow noopener\" target=\"_blank\"><strong class=\"typography-bold\">Benjamin Peltonen<\/strong><\/a><strong class=\"typography-bold\">, <\/strong><a class=\"cursor-pointer underline\" data-testid=\"internal-link\" role=\"link\" data-sentry-element=\"Link\" data-sentry-component=\"InternalLink\" data-sentry-source-file=\"InternalLink.tsx\" href=\"https:\/\/www.mtvuutiset.fi\/aihe\/martti-suosalo\/2945746\" rel=\"nofollow noopener\" target=\"_blank\"><strong class=\"typography-bold\">Martti Suosalo<\/strong><\/a><strong class=\"typography-bold\">, <\/strong><a class=\"cursor-pointer underline\" data-testid=\"internal-link\" role=\"link\" data-sentry-element=\"Link\" data-sentry-component=\"InternalLink\" data-sentry-source-file=\"InternalLink.tsx\" href=\"https:\/\/www.mtvuutiset.fi\/aihe\/sofia-virta\/8787502\" rel=\"nofollow noopener\" target=\"_blank\"><strong class=\"typography-bold\">Sofia Virta<\/strong><\/a><strong class=\"typography-bold\">, <\/strong><a class=\"cursor-pointer underline\" data-testid=\"internal-link\" role=\"link\" data-sentry-element=\"Link\" data-sentry-component=\"InternalLink\" data-sentry-source-file=\"InternalLink.tsx\" href=\"https:\/\/www.mtvuutiset.fi\/aihe\/anna-leena-harkonen\/3139112\" rel=\"nofollow noopener\" target=\"_blank\"><strong class=\"typography-bold\">Anna-Leena H\u00e4rk\u00f6nen<\/strong><\/a> sek\u00e4 <strong class=\"typography-bold\">Osmo<\/strong> ja <a class=\"cursor-pointer underline\" data-testid=\"internal-link\" role=\"link\" data-sentry-element=\"Link\" data-sentry-component=\"InternalLink\" data-sentry-source-file=\"InternalLink.tsx\" href=\"https:\/\/www.mtvuutiset.fi\/aihe\/peltsi-ja-osmo\/9083836\" rel=\"nofollow noopener\" target=\"_blank\"><strong class=\"typography-bold\">Peltsi Peltola<\/strong><\/a>.<\/p>\n<p>\u2013 Siit\u00e4 on jo yli kymmenen vuotta, kun soitin ensimm\u00e4isen y\u00f6kyl\u00e4paikan ovikelloa. En tosin osannut odottaa, millainen reissujen reissu t\u00e4st\u00e4 oli tulossa. Olen y\u00f6kyl\u00e4illyt t\u00e4h\u00e4n menness\u00e4 105:ss\u00e4 kohteessa, ja uskoisin olevani Suomen kovin y\u00f6kyl\u00e4ilij\u00e4, Maria Veitola kertoo.<\/p>\n<p>\u2013 T\u00e4m\u00e4 kymmenes Y\u00f6kyl\u00e4ss\u00e4 Maria Veitola -kausi on todellinen juhlakausi. Suurkiitos n\u00e4ist\u00e4 uusista ja kaikista aiemmista kohtaamisista. Olen saanut kokea ja oppia niin paljon, ja toivon, ett\u00e4 saan jatkaa uusiin ihmisiin, heid\u00e4n ajatuksiinsa ja el\u00e4m\u00e4ntapoihinsa tutustumista loppuel\u00e4m\u00e4ni. Jaettu ihmisyys on parasta.<\/p>\n<p>JAKSOT:<\/p>\n<p><img alt=\"yokylassa_maria_veitola_S10_EPS1_arja_saijonmaa_maria_veitola_01\" data-testid=\"crops-image\" class=\"h-full w-full object-cover transition duration-700 ease-in-out hover:scale-[1.05]\" fetchpriority=\"low\" loading=\"lazy\" width=\"1024\" height=\"576\" decoding=\"async\" style=\"color:transparent;background-size:cover;background-position:50% 50%;background-repeat:no-repeat;background-image:url(&quot;data:image\/svg+xml;base64,Cjxzdmcgd2lkdGg9IjEwMjQiIGhlaWdodD0iNTc2IiB2ZXJzaW9uPSIxLjEiIHhtbG5zPSJodHRwOi8vd3d3LnczLm9yZy8yMDAwL3N2ZyIgeG1sbnM6eGxpbms9Imh0dHA6Ly93d3cudzMub3JnLzE5OTkveGxpbmsiPgogIDxkZWZzPgogICAgPGxpbmVhckdyYWRpZW50IGlkPSJnIj4KICAgICAgPHN0b3Agc3RvcC1jb2xvcj0iIzBCMTgyMyIgb2Zmc2V0PSIyMCUiIC8+CiAgICAgIDxzdG9wIHN0b3AtY29sb3I9IiMxQTI3MzIiIG9mZnNldD0iNTAlIiAvPgogICAgICA8c3RvcCBzdG9wLWNvbG9yPSIjMEIxODIzIiBvZmZzZXQ9IjcwJSIgLz4KICAgIDwvbGluZWFyR3JhZGllbnQ+CiAgPC9kZWZzPgogIDxyZWN0IHdpZHRoPSIxMDI0IiBoZWlnaHQ9IjU3NiIgZmlsbD0iIzBCMTgyMyIgLz4KICA8cmVjdCBpZD0iciIgd2lkdGg9IjEwMjQiIGhlaWdodD0iNTc2IiBmaWxsPSJ1cmwoI2cpIiAvPgogIDxhbmltYXRlIHhsaW5rOmhyZWY9IiNyIiBhdHRyaWJ1dGVOYW1lPSJ4IiBmcm9tPSItMTAyNCIgdG89IjEwMjQiIGR1cj0iMXMiIHJlcGVhdENvdW50PSJpbmRlZmluaXRlIiAgLz4KPC9zdmc+&quot;)\" src=\"https:\/\/www.europesays.com\/fi\/wp-content\/uploads\/2025\/12\/1766128513_158_image\"\/><\/p>\n<p>Kausi 10, 1\/10. Arja Saijonmaa. Arja Saijonmaa kutsuu Marian y\u00f6kyl\u00e4\u00e4n Tukholman kotiinsa. Arjan poikkeuksellinen ura saunan, musiikin ja ihmisoikeuksien parissa avautuu tarinoiden, p\u00e4iv\u00e4kirjojen ja arkistojen \u00e4\u00e4rell\u00e4. Voivatko laulut ja runot muuttaa maailmaa? Mit\u00e4 menestyksen taakse k\u00e4tkeytyy \u2013 mik\u00e4 on Arjan suurin tragedia \u2013 ja mit\u00e4 vapaus ja et\u00e4isyys merkitsev\u00e4t h\u00e4nelle?<br \/>\u00a0<\/p>\n<p><img alt=\"yokylassa_maria_veitola_S10_EPS2_niko_saarinen_maria_veitola_02\" class=\"h-full w-full object-cover transition duration-700 ease-in-out hover:scale-[1.05]\" fetchpriority=\"low\" loading=\"lazy\" width=\"368\" height=\"613\" decoding=\"async\" style=\"color:transparent;background-size:cover;background-position:50% 50%;background-repeat:no-repeat;background-image:url(&quot;data:image\/svg+xml;base64,Cjxzdmcgd2lkdGg9IjM2OCIgaGVpZ2h0PSI2MTMiIHZlcnNpb249IjEuMSIgeG1sbnM9Imh0dHA6Ly93d3cudzMub3JnLzIwMDAvc3ZnIiB4bWxuczp4bGluaz0iaHR0cDovL3d3dy53My5vcmcvMTk5OS94bGluayI+CiAgPGRlZnM+CiAgICA8bGluZWFyR3JhZGllbnQgaWQ9ImciPgogICAgICA8c3RvcCBzdG9wLWNvbG9yPSIjMEIxODIzIiBvZmZzZXQ9IjIwJSIgLz4KICAgICAgPHN0b3Agc3RvcC1jb2xvcj0iIzFBMjczMiIgb2Zmc2V0PSI1MCUiIC8+CiAgICAgIDxzdG9wIHN0b3AtY29sb3I9IiMwQjE4MjMiIG9mZnNldD0iNzAlIiAvPgogICAgPC9saW5lYXJHcmFkaWVudD4KICA8L2RlZnM+CiAgPHJlY3Qgd2lkdGg9IjM2OCIgaGVpZ2h0PSI2MTMiIGZpbGw9IiMwQjE4MjMiIC8+CiAgPHJlY3QgaWQ9InIiIHdpZHRoPSIzNjgiIGhlaWdodD0iNjEzIiBmaWxsPSJ1cmwoI2cpIiAvPgogIDxhbmltYXRlIHhsaW5rOmhyZWY9IiNyIiBhdHRyaWJ1dGVOYW1lPSJ4IiBmcm9tPSItMzY4IiB0bz0iMzY4IiBkdXI9IjFzIiByZXBlYXRDb3VudD0iaW5kZWZpbml0ZSIgIC8+Cjwvc3ZnPg==&quot;)\" src=\"https:\/\/www.europesays.com\/fi\/wp-content\/uploads\/2025\/12\/1766128514_82_image\"\/><\/p>\n<p>Kausi 10, 2\/10. Niko Saarinen. Maria saa kutsun Niko Saarisen luo y\u00f6kyl\u00e4\u00e4n. Nikon kanssa puhutaan poikkeuksellisen pitk\u00e4st\u00e4 urasta, menestyksen hinnasta ja siit\u00e4, puuttuuko el\u00e4m\u00e4st\u00e4 siit\u00e4 huolimatta jotain? Niko avaa rehellisesti kokemuksiaan rakastumisesta, loppuunpalamisesta ja itsetuhoisuudesta. Maria saa tavata Nikon \u00e4idin Outin. Niko istuttaa Marian Nikotellen-podcastin studioon, jossa aiheilla ei ole rajoja!<\/p>\n<p><img alt=\"yokylassa_maria_veitola_S10_EPS3_hjallis_harkimo_jasmine_pajari_maria_veitola_01\" data-testid=\"crops-image\" class=\"h-full w-full object-cover transition duration-700 ease-in-out hover:scale-[1.05]\" fetchpriority=\"low\" loading=\"lazy\" width=\"1024\" height=\"576\" decoding=\"async\" style=\"color:transparent;background-size:cover;background-position:50% 50%;background-repeat:no-repeat;background-image:url(&quot;data:image\/svg+xml;base64,Cjxzdmcgd2lkdGg9IjEwMjQiIGhlaWdodD0iNTc2IiB2ZXJzaW9uPSIxLjEiIHhtbG5zPSJodHRwOi8vd3d3LnczLm9yZy8yMDAwL3N2ZyIgeG1sbnM6eGxpbms9Imh0dHA6Ly93d3cudzMub3JnLzE5OTkveGxpbmsiPgogIDxkZWZzPgogICAgPGxpbmVhckdyYWRpZW50IGlkPSJnIj4KICAgICAgPHN0b3Agc3RvcC1jb2xvcj0iIzBCMTgyMyIgb2Zmc2V0PSIyMCUiIC8+CiAgICAgIDxzdG9wIHN0b3AtY29sb3I9IiMxQTI3MzIiIG9mZnNldD0iNTAlIiAvPgogICAgICA8c3RvcCBzdG9wLWNvbG9yPSIjMEIxODIzIiBvZmZzZXQ9IjcwJSIgLz4KICAgIDwvbGluZWFyR3JhZGllbnQ+CiAgPC9kZWZzPgogIDxyZWN0IHdpZHRoPSIxMDI0IiBoZWlnaHQ9IjU3NiIgZmlsbD0iIzBCMTgyMyIgLz4KICA8cmVjdCBpZD0iciIgd2lkdGg9IjEwMjQiIGhlaWdodD0iNTc2IiBmaWxsPSJ1cmwoI2cpIiAvPgogIDxhbmltYXRlIHhsaW5rOmhyZWY9IiNyIiBhdHRyaWJ1dGVOYW1lPSJ4IiBmcm9tPSItMTAyNCIgdG89IjEwMjQiIGR1cj0iMXMiIHJlcGVhdENvdW50PSJpbmRlZmluaXRlIiAgLz4KPC9zdmc+&quot;)\" src=\"https:\/\/www.europesays.com\/fi\/wp-content\/uploads\/2025\/12\/1766128515_850_image\"\/><\/p>\n<p>Kausi 10, 3\/10. Hjallis Harkimo ja Jasmine Pajari. Hjallis Harkimo ja Jasmine Pajari ovat kutsuneet Marian y\u00f6kyl\u00e4\u00e4n Sipooseen. Hjallis puhuu tunteista, perheen merkityksest\u00e4 ja isoista menetyksist\u00e4. Jasmine opettaa r\u00e4pyl\u00e4uinnin salat sek\u00e4 kertoo, mink\u00e4laista on kasvaa kahden kulttuurin perheess\u00e4. Maria p\u00e4\u00e4see osallistumaan Harkimoiden perheillalliselle. Osaako Hjallis hidastaa ty\u00f6tahtia? Saunotaan ja puhutaan rakkaudesta.<\/p>\n<p><img alt=\"yokylassa_maria_veitola_S10_EPS4_christel_roosberg_jori_roosberg_02\" class=\"h-full w-full object-cover transition duration-700 ease-in-out hover:scale-[1.05]\" fetchpriority=\"low\" loading=\"lazy\" width=\"368\" height=\"613\" decoding=\"async\" style=\"color:transparent;background-size:cover;background-position:50% 50%;background-repeat:no-repeat;background-image:url(&quot;data:image\/svg+xml;base64,Cjxzdmcgd2lkdGg9IjM2OCIgaGVpZ2h0PSI2MTMiIHZlcnNpb249IjEuMSIgeG1sbnM9Imh0dHA6Ly93d3cudzMub3JnLzIwMDAvc3ZnIiB4bWxuczp4bGluaz0iaHR0cDovL3d3dy53My5vcmcvMTk5OS94bGluayI+CiAgPGRlZnM+CiAgICA8bGluZWFyR3JhZGllbnQgaWQ9ImciPgogICAgICA8c3RvcCBzdG9wLWNvbG9yPSIjMEIxODIzIiBvZmZzZXQ9IjIwJSIgLz4KICAgICAgPHN0b3Agc3RvcC1jb2xvcj0iIzFBMjczMiIgb2Zmc2V0PSI1MCUiIC8+CiAgICAgIDxzdG9wIHN0b3AtY29sb3I9IiMwQjE4MjMiIG9mZnNldD0iNzAlIiAvPgogICAgPC9saW5lYXJHcmFkaWVudD4KICA8L2RlZnM+CiAgPHJlY3Qgd2lkdGg9IjM2OCIgaGVpZ2h0PSI2MTMiIGZpbGw9IiMwQjE4MjMiIC8+CiAgPHJlY3QgaWQ9InIiIHdpZHRoPSIzNjgiIGhlaWdodD0iNjEzIiBmaWxsPSJ1cmwoI2cpIiAvPgogIDxhbmltYXRlIHhsaW5rOmhyZWY9IiNyIiBhdHRyaWJ1dGVOYW1lPSJ4IiBmcm9tPSItMzY4IiB0bz0iMzY4IiBkdXI9IjFzIiByZXBlYXRDb3VudD0iaW5kZWZpbml0ZSIgIC8+Cjwvc3ZnPg==&quot;)\" src=\"https:\/\/www.europesays.com\/fi\/wp-content\/uploads\/2025\/12\/1766128515_597_image\"\/><\/p>\n<p>Kausi 10, 4\/10. Christel ja Jori Roosberg. Christel ja Jori Roosberg ovat kutsuneet Marian y\u00f6kyl\u00e4\u00e4n idyllisiin maalaismaisemiin Roosberg Ranchille. P\u00e4iv\u00e4n aikana ranchille saadaan vieraita Kehtokoulusta ja my\u00f6s tuttu vieras saapuu tekem\u00e4\u00e4n biisi\u00e4. Kes\u00e4isen kalap\u00f6yd\u00e4n \u00e4\u00e4ress\u00e4 kuullaan, kuinka parin rakkaustarina sai alkunsa ja kuinka uusperhearki yhdess\u00e4 on muotoutunut. Maria saa haasteen kokeilla biisin tekemist\u00e4.<\/p>\n<p><img alt=\"yokylassa_maria_veitola_S10_EPS5_satu_ramo_maria_veitola_01\" class=\"h-full w-full object-cover transition duration-700 ease-in-out hover:scale-[1.05]\" fetchpriority=\"low\" loading=\"lazy\" width=\"368\" height=\"613\" decoding=\"async\" style=\"color:transparent;background-size:cover;background-position:50% 50%;background-repeat:no-repeat;background-image:url(&quot;data:image\/svg+xml;base64,Cjxzdmcgd2lkdGg9IjM2OCIgaGVpZ2h0PSI2MTMiIHZlcnNpb249IjEuMSIgeG1sbnM9Imh0dHA6Ly93d3cudzMub3JnLzIwMDAvc3ZnIiB4bWxuczp4bGluaz0iaHR0cDovL3d3dy53My5vcmcvMTk5OS94bGluayI+CiAgPGRlZnM+CiAgICA8bGluZWFyR3JhZGllbnQgaWQ9ImciPgogICAgICA8c3RvcCBzdG9wLWNvbG9yPSIjMEIxODIzIiBvZmZzZXQ9IjIwJSIgLz4KICAgICAgPHN0b3Agc3RvcC1jb2xvcj0iIzFBMjczMiIgb2Zmc2V0PSI1MCUiIC8+CiAgICAgIDxzdG9wIHN0b3AtY29sb3I9IiMwQjE4MjMiIG9mZnNldD0iNzAlIiAvPgogICAgPC9saW5lYXJHcmFkaWVudD4KICA8L2RlZnM+CiAgPHJlY3Qgd2lkdGg9IjM2OCIgaGVpZ2h0PSI2MTMiIGZpbGw9IiMwQjE4MjMiIC8+CiAgPHJlY3QgaWQ9InIiIHdpZHRoPSIzNjgiIGhlaWdodD0iNjEzIiBmaWxsPSJ1cmwoI2cpIiAvPgogIDxhbmltYXRlIHhsaW5rOmhyZWY9IiNyIiBhdHRyaWJ1dGVOYW1lPSJ4IiBmcm9tPSItMzY4IiB0bz0iMzY4IiBkdXI9IjFzIiByZXBlYXRDb3VudD0iaW5kZWZpbml0ZSIgIC8+Cjwvc3ZnPg==&quot;)\" src=\"https:\/\/www.europesays.com\/fi\/wp-content\/uploads\/2025\/12\/1766128516_812_image\"\/><\/p>\n<p>Kausi 10, 5\/10. Satu R\u00e4m\u00f6. Kirjailija Satu R\u00e4m\u00f6 on kutsunut Marian kyl\u00e4\u00e4n kotiinsa Islannin L\u00e4nsivuonoille. Kuinka Satu Forssasta p\u00e4\u00e4tyi maailman laidalle ja mink\u00e4lainen on ollut matka menestyskirjailijaksi? Mit\u00e4 Satu ik\u00e4v\u00f6i Suomesta? Maria ja Satu keskustelevat perheest\u00e4 ja parisuhteen rooleista. Saunarituaalin j\u00e4lkeen asettaudutaan kalakeiton \u00e4\u00e4relle. Mille asioille Satu sanoo ei?<br \/>\u00a0<\/p>\n<p><img alt=\"yokylassa_maria_veitola_S10_EPS6_benjamin_peltonen_maria_veitola_01\" data-testid=\"crops-image\" class=\"h-full w-full object-cover transition duration-700 ease-in-out hover:scale-[1.05]\" fetchpriority=\"low\" loading=\"lazy\" width=\"1024\" height=\"576\" decoding=\"async\" style=\"color:transparent;background-size:cover;background-position:50% 50%;background-repeat:no-repeat;background-image:url(&quot;data:image\/svg+xml;base64,Cjxzdmcgd2lkdGg9IjEwMjQiIGhlaWdodD0iNTc2IiB2ZXJzaW9uPSIxLjEiIHhtbG5zPSJodHRwOi8vd3d3LnczLm9yZy8yMDAwL3N2ZyIgeG1sbnM6eGxpbms9Imh0dHA6Ly93d3cudzMub3JnLzE5OTkveGxpbmsiPgogIDxkZWZzPgogICAgPGxpbmVhckdyYWRpZW50IGlkPSJnIj4KICAgICAgPHN0b3Agc3RvcC1jb2xvcj0iIzBCMTgyMyIgb2Zmc2V0PSIyMCUiIC8+CiAgICAgIDxzdG9wIHN0b3AtY29sb3I9IiMxQTI3MzIiIG9mZnNldD0iNTAlIiAvPgogICAgICA8c3RvcCBzdG9wLWNvbG9yPSIjMEIxODIzIiBvZmZzZXQ9IjcwJSIgLz4KICAgIDwvbGluZWFyR3JhZGllbnQ+CiAgPC9kZWZzPgogIDxyZWN0IHdpZHRoPSIxMDI0IiBoZWlnaHQ9IjU3NiIgZmlsbD0iIzBCMTgyMyIgLz4KICA8cmVjdCBpZD0iciIgd2lkdGg9IjEwMjQiIGhlaWdodD0iNTc2IiBmaWxsPSJ1cmwoI2cpIiAvPgogIDxhbmltYXRlIHhsaW5rOmhyZWY9IiNyIiBhdHRyaWJ1dGVOYW1lPSJ4IiBmcm9tPSItMTAyNCIgdG89IjEwMjQiIGR1cj0iMXMiIHJlcGVhdENvdW50PSJpbmRlZmluaXRlIiAgLz4KPC9zdmc+&quot;)\" src=\"https:\/\/www.europesays.com\/fi\/wp-content\/uploads\/2025\/12\/1766128517_727_image\"\/><\/p>\n<p>Kausi 10, 6\/10. Benjamin Peltonen. Maria y\u00f6kyl\u00e4ilee Benjamin Peltosen luona, miss\u00e4 puhutaan uran alkumetrien menestyksest\u00e4 ja karikoista, manageripettymyksist\u00e4 ja siit\u00e4, kuuluuko keikoista saada rahaa. Miten Benjamin ja puoliso Joni tapasivat? Anna ja Lauri Heiskari saapuvat illalliselle. Someveteraani kertoo, mit\u00e4 kaikkea kulissien takana oikeasti tapahtuu ja onko menestyksell\u00e4 ollut jokin hinta.<br \/>\u00a0<\/p>\n<p><img alt=\"yokylassa_maria_veitola_S10_EPS7_martti_suosalo_maria_veitola_01\" class=\"h-full w-full object-cover transition duration-700 ease-in-out hover:scale-[1.05]\" fetchpriority=\"low\" loading=\"lazy\" width=\"368\" height=\"613\" decoding=\"async\" style=\"color:transparent;background-size:cover;background-position:50% 50%;background-repeat:no-repeat;background-image:url(&quot;data:image\/svg+xml;base64,Cjxzdmcgd2lkdGg9IjM2OCIgaGVpZ2h0PSI2MTMiIHZlcnNpb249IjEuMSIgeG1sbnM9Imh0dHA6Ly93d3cudzMub3JnLzIwMDAvc3ZnIiB4bWxuczp4bGluaz0iaHR0cDovL3d3dy53My5vcmcvMTk5OS94bGluayI+CiAgPGRlZnM+CiAgICA8bGluZWFyR3JhZGllbnQgaWQ9ImciPgogICAgICA8c3RvcCBzdG9wLWNvbG9yPSIjMEIxODIzIiBvZmZzZXQ9IjIwJSIgLz4KICAgICAgPHN0b3Agc3RvcC1jb2xvcj0iIzFBMjczMiIgb2Zmc2V0PSI1MCUiIC8+CiAgICAgIDxzdG9wIHN0b3AtY29sb3I9IiMwQjE4MjMiIG9mZnNldD0iNzAlIiAvPgogICAgPC9saW5lYXJHcmFkaWVudD4KICA8L2RlZnM+CiAgPHJlY3Qgd2lkdGg9IjM2OCIgaGVpZ2h0PSI2MTMiIGZpbGw9IiMwQjE4MjMiIC8+CiAgPHJlY3QgaWQ9InIiIHdpZHRoPSIzNjgiIGhlaWdodD0iNjEzIiBmaWxsPSJ1cmwoI2cpIiAvPgogIDxhbmltYXRlIHhsaW5rOmhyZWY9IiNyIiBhdHRyaWJ1dGVOYW1lPSJ4IiBmcm9tPSItMzY4IiB0bz0iMzY4IiBkdXI9IjFzIiByZXBlYXRDb3VudD0iaW5kZWZpbml0ZSIgIC8+Cjwvc3ZnPg==&quot;)\" src=\"https:\/\/www.europesays.com\/fi\/wp-content\/uploads\/2025\/12\/1766128517_611_image\"\/><\/p>\n<p>Kausi 10, 7\/10. Martti Suosalo. Y\u00f6kyl\u00e4ily vie Marian It\u00e4-Suomen Parikkalaan, kun Martti Suosalo on kutsunut h\u00e4net y\u00f6kyl\u00e4\u00e4n Sirkus Suosalon mukaan. Mik\u00e4 saa perustamaan sirkuksen ja l\u00e4htem\u00e4\u00e4n kiertueelle pikkupaikkakunnille? Tavataan olympiavoittaja Hannu Siitonen, joka vie kaksikon tutustumaan suojeltuun kuukkelimets\u00e4\u00e4n. Illalla otetaan puhelu Martin vaimolle Virpi Suutarille. Aamiaisella puhutaan yst\u00e4vyydest\u00e4.<\/p>\n<p><img alt=\"yokylassa_maria_veitola_S10_EPS8_sofia_virta_maria_veitola_02\" class=\"h-full w-full object-cover transition duration-700 ease-in-out hover:scale-[1.05]\" fetchpriority=\"low\" loading=\"lazy\" width=\"368\" height=\"613\" decoding=\"async\" style=\"color:transparent;background-size:cover;background-position:50% 50%;background-repeat:no-repeat;background-image:url(&quot;data:image\/svg+xml;base64,Cjxzdmcgd2lkdGg9IjM2OCIgaGVpZ2h0PSI2MTMiIHZlcnNpb249IjEuMSIgeG1sbnM9Imh0dHA6Ly93d3cudzMub3JnLzIwMDAvc3ZnIiB4bWxuczp4bGluaz0iaHR0cDovL3d3dy53My5vcmcvMTk5OS94bGluayI+CiAgPGRlZnM+CiAgICA8bGluZWFyR3JhZGllbnQgaWQ9ImciPgogICAgICA8c3RvcCBzdG9wLWNvbG9yPSIjMEIxODIzIiBvZmZzZXQ9IjIwJSIgLz4KICAgICAgPHN0b3Agc3RvcC1jb2xvcj0iIzFBMjczMiIgb2Zmc2V0PSI1MCUiIC8+CiAgICAgIDxzdG9wIHN0b3AtY29sb3I9IiMwQjE4MjMiIG9mZnNldD0iNzAlIiAvPgogICAgPC9saW5lYXJHcmFkaWVudD4KICA8L2RlZnM+CiAgPHJlY3Qgd2lkdGg9IjM2OCIgaGVpZ2h0PSI2MTMiIGZpbGw9IiMwQjE4MjMiIC8+CiAgPHJlY3QgaWQ9InIiIHdpZHRoPSIzNjgiIGhlaWdodD0iNjEzIiBmaWxsPSJ1cmwoI2cpIiAvPgogIDxhbmltYXRlIHhsaW5rOmhyZWY9IiNyIiBhdHRyaWJ1dGVOYW1lPSJ4IiBmcm9tPSItMzY4IiB0bz0iMzY4IiBkdXI9IjFzIiByZXBlYXRDb3VudD0iaW5kZWZpbml0ZSIgIC8+Cjwvc3ZnPg==&quot;)\" src=\"https:\/\/www.europesays.com\/fi\/wp-content\/uploads\/2025\/12\/1766128518_644_image\"\/><\/p>\n<p>Kausi 10, 8\/10. Sofia Virta. Poliitikko Sofia Virta on kutsunut Marian y\u00f6kyl\u00e4\u00e4n. Vauhdikkaan ja energisen Sofian kyydiss\u00e4 Maria p\u00e4\u00e4see tutustumaan niin kansanedustajan arkeen kuin vapaa-aikaankin. Mik\u00e4 pit\u00e4\u00e4 Sofian stressaavan ty\u00f6n ohella voimissaan ja mik\u00e4 el\u00e4m\u00e4ss\u00e4 kantaa, kun murheita ilmenee? Toisena p\u00e4iv\u00e4n\u00e4 Maria p\u00e4\u00e4see tutustumaan Urhon ja Sofian yhteiseen harrastukseen.<\/p>\n<p><img alt=\"yokylassa_maria_veitola_S10_EPS9_annaleena_harkonen_maria_veitola_02\" class=\"h-full w-full object-cover transition duration-700 ease-in-out hover:scale-[1.05]\" fetchpriority=\"low\" loading=\"lazy\" width=\"368\" height=\"613\" decoding=\"async\" style=\"color:transparent;background-size:cover;background-position:50% 50%;background-repeat:no-repeat;background-image:url(&quot;data:image\/svg+xml;base64,Cjxzdmcgd2lkdGg9IjM2OCIgaGVpZ2h0PSI2MTMiIHZlcnNpb249IjEuMSIgeG1sbnM9Imh0dHA6Ly93d3cudzMub3JnLzIwMDAvc3ZnIiB4bWxuczp4bGluaz0iaHR0cDovL3d3dy53My5vcmcvMTk5OS94bGluayI+CiAgPGRlZnM+CiAgICA8bGluZWFyR3JhZGllbnQgaWQ9ImciPgogICAgICA8c3RvcCBzdG9wLWNvbG9yPSIjMEIxODIzIiBvZmZzZXQ9IjIwJSIgLz4KICAgICAgPHN0b3Agc3RvcC1jb2xvcj0iIzFBMjczMiIgb2Zmc2V0PSI1MCUiIC8+CiAgICAgIDxzdG9wIHN0b3AtY29sb3I9IiMwQjE4MjMiIG9mZnNldD0iNzAlIiAvPgogICAgPC9saW5lYXJHcmFkaWVudD4KICA8L2RlZnM+CiAgPHJlY3Qgd2lkdGg9IjM2OCIgaGVpZ2h0PSI2MTMiIGZpbGw9IiMwQjE4MjMiIC8+CiAgPHJlY3QgaWQ9InIiIHdpZHRoPSIzNjgiIGhlaWdodD0iNjEzIiBmaWxsPSJ1cmwoI2cpIiAvPgogIDxhbmltYXRlIHhsaW5rOmhyZWY9IiNyIiBhdHRyaWJ1dGVOYW1lPSJ4IiBmcm9tPSItMzY4IiB0bz0iMzY4IiBkdXI9IjFzIiByZXBlYXRDb3VudD0iaW5kZWZpbml0ZSIgIC8+Cjwvc3ZnPg==&quot;)\" src=\"https:\/\/www.europesays.com\/fi\/wp-content\/uploads\/2025\/12\/1766128519_909_image\"\/><\/p>\n<p>Kausi 10, 9\/10. Anna-Leena H\u00e4rk\u00f6nen. Maria y\u00f6kyl\u00e4ilee Anna-Leena H\u00e4rk\u00f6sen luona. P\u00e4iv\u00e4ll\u00e4 askarrellaan ja keskustellaan nuorena alkaneesta kirjailijan urasta ja siit\u00e4, mik\u00e4 on ollut menestyksen hinta. Yll\u00e4tyksen\u00e4 Marialle Anna-Leena haluaa toteuttaa Marian kanssa yhden haaveistaan. Iltaa vietet\u00e4\u00e4n yhdess\u00e4 Anna-Leenan yst\u00e4v\u00e4n, Maarit Poussan, kanssa. Anna-Leena kertoo, miten on oppinut vet\u00e4m\u00e4\u00e4n rajat.<\/p>\n<p><img alt=\"yokylassa_maria_veitola_S10_EPS10_mikko_peltola_osmo_peltola_maria_veitola_02\" data-testid=\"crops-image\" class=\"h-full w-full object-cover transition duration-700 ease-in-out hover:scale-[1.05]\" fetchpriority=\"low\" loading=\"lazy\" width=\"1024\" height=\"576\" decoding=\"async\" style=\"color:transparent;background-size:cover;background-position:50% 50%;background-repeat:no-repeat;background-image:url(&quot;data:image\/svg+xml;base64,Cjxzdmcgd2lkdGg9IjEwMjQiIGhlaWdodD0iNTc2IiB2ZXJzaW9uPSIxLjEiIHhtbG5zPSJodHRwOi8vd3d3LnczLm9yZy8yMDAwL3N2ZyIgeG1sbnM6eGxpbms9Imh0dHA6Ly93d3cudzMub3JnLzE5OTkveGxpbmsiPgogIDxkZWZzPgogICAgPGxpbmVhckdyYWRpZW50IGlkPSJnIj4KICAgICAgPHN0b3Agc3RvcC1jb2xvcj0iIzBCMTgyMyIgb2Zmc2V0PSIyMCUiIC8+CiAgICAgIDxzdG9wIHN0b3AtY29sb3I9IiMxQTI3MzIiIG9mZnNldD0iNTAlIiAvPgogICAgICA8c3RvcCBzdG9wLWNvbG9yPSIjMEIxODIzIiBvZmZzZXQ9IjcwJSIgLz4KICAgIDwvbGluZWFyR3JhZGllbnQ+CiAgPC9kZWZzPgogIDxyZWN0IHdpZHRoPSIxMDI0IiBoZWlnaHQ9IjU3NiIgZmlsbD0iIzBCMTgyMyIgLz4KICA8cmVjdCBpZD0iciIgd2lkdGg9IjEwMjQiIGhlaWdodD0iNTc2IiBmaWxsPSJ1cmwoI2cpIiAvPgogIDxhbmltYXRlIHhsaW5rOmhyZWY9IiNyIiBhdHRyaWJ1dGVOYW1lPSJ4IiBmcm9tPSItMTAyNCIgdG89IjEwMjQiIGR1cj0iMXMiIHJlcGVhdENvdW50PSJpbmRlZmluaXRlIiAgLz4KPC9zdmc+&quot;)\" src=\"https:\/\/www.mtvuutiset.fi\/_next\/image?url=https%3A%2F%2Fapi.mtvuutiset.fi%2Fgraphql%2Fcaas%2Fv1%2Fmedia%2F9272068%2Fdata%2Fe2a01340848ea26de3be2fe6c0cd5421%2Flandscape16_9%2F1024%2Fyokylassa-maria-veitola-s10-eps10-mikko-peltola-osmo-peltola-maria-veitola-02.jpg&amp;w=1600&amp;q=80\"\/><\/p>\n<p>Kausi 10, 10\/10. Osmo ja Peltsi Peltola. Maria saa kokea yll\u00e4tt\u00e4v\u00e4n k\u00e4\u00e4nteen heti y\u00f6kyl\u00e4ilyn alkaessa. Y\u00f6ss\u00e4 kiit\u00e4v\u00e4n junan kyydiss\u00e4 ehdit\u00e4\u00e4n nukkumisen lis\u00e4ksi ottaa selv\u00e4\u00e4, kuinka Marialta sujuu peruskoulun kotiteht\u00e4v\u00e4t ja keskustellaan siit\u00e4, mit\u00e4 Osmon unissa tapahtuu. Rovaniemell\u00e4 seikkailut viev\u00e4t kolmikon maastopy\u00f6r\u00e4ilyn ja retkeilyn pariin.<\/p>\n<p>Juhlakauden kunniaksi my\u00f6s kaikki aiemmat Y\u00f6kyl\u00e4ss\u00e4 Maria Veitola -kaudet ovat <a class=\"underline\" data-testid=\"external-link\" href=\"https:\/\/www.mtv.fi\/ohjelma\/6e0ba18a3d80d3238b5b\/yokylassa-maria-veitola\" rel=\"noopener noreferrer nofollow\" data-sentry-component=\"ExternalLink\" data-sentry-source-file=\"ExternalLink.tsx\" target=\"_blank\">MTV Katsomossa<\/a>.Y\u00f6kyl\u00e4ss\u00e4 Maria Veitola alkaa <a class=\"underline\" data-testid=\"external-link\" href=\"https:\/\/www.mtv.fi\/ohjelma\/6e0ba18a3d80d3238b5b\/yokylassa-maria-veitola\" rel=\"noopener noreferrer nofollow\" data-sentry-component=\"ExternalLink\" data-sentry-source-file=\"ExternalLink.tsx\" target=\"_blank\">MTV Katsomossa<\/a> ja MTV3-kanavalla ma 23.2. klo 21. MTV Katsomo+ -tilauksella kaksi seuraavaa jaksoa ennakkoon.<\/p>\n","protected":false},"excerpt":{"rendered":"Y\u00f6kyl\u00e4ss\u00e4 Maria Veitola juhlii kymmenett\u00e4 juhlakauttaan MTV:ll\u00e4 23.2. alkaen. Maria Veitola on y\u00f6pynyt yli sadan tunnetun suomalaisen kodissa&hellip;\n","protected":false},"author":2,"featured_media":120363,"comment_status":"","ping_status":"","sticky":false,"template":"","format":"standard","meta":{"footnotes":""},"categories":[133],"tags":[137,33,31,30,32,206,156,109],"class_list":{"0":"post-120362","1":"post","2":"type-post","3":"status-publish","4":"format-standard","5":"has-post-thumbnail","7":"category-televisiot","8":"tag-entertainment","9":"tag-fi","10":"tag-finland","11":"tag-finnish","12":"tag-suomi","13":"tag-televisiot","14":"tag-tv","15":"tag-viihde"},"share_on_mastodon":{"url":"https:\/\/pubeurope.com\/@fi\/115745005793789492","error":""},"_links":{"self":[{"href":"https:\/\/www.europesays.com\/fi\/wp-json\/wp\/v2\/posts\/120362","targetHints":{"allow":["GET"]}}],"collection":[{"href":"https:\/\/www.europesays.com\/fi\/wp-json\/wp\/v2\/posts"}],"about":[{"href":"https:\/\/www.europesays.com\/fi\/wp-json\/wp\/v2\/types\/post"}],"author":[{"embeddable":true,"href":"https:\/\/www.europesays.com\/fi\/wp-json\/wp\/v2\/users\/2"}],"replies":[{"embeddable":true,"href":"https:\/\/www.europesays.com\/fi\/wp-json\/wp\/v2\/comments?post=120362"}],"version-history":[{"count":0,"href":"https:\/\/www.europesays.com\/fi\/wp-json\/wp\/v2\/posts\/120362\/revisions"}],"wp:featuredmedia":[{"embeddable":true,"href":"https:\/\/www.europesays.com\/fi\/wp-json\/wp\/v2\/media\/120363"}],"wp:attachment":[{"href":"https:\/\/www.europesays.com\/fi\/wp-json\/wp\/v2\/media?parent=120362"}],"wp:term":[{"taxonomy":"category","embeddable":true,"href":"https:\/\/www.europesays.com\/fi\/wp-json\/wp\/v2\/categories?post=120362"},{"taxonomy":"post_tag","embeddable":true,"href":"https:\/\/www.europesays.com\/fi\/wp-json\/wp\/v2\/tags?post=120362"}],"curies":[{"name":"wp","href":"https:\/\/api.w.org\/{rel}","templated":true}]}}