{"id":120370,"date":"2025-12-19T07:23:08","date_gmt":"2025-12-19T07:23:08","guid":{"rendered":"https:\/\/www.europesays.com\/fi\/120370\/"},"modified":"2025-12-19T07:23:08","modified_gmt":"2025-12-19T07:23:08","slug":"lindex-ei-loytanyt-ratkaisua-stockmannin-kohtaloon","status":"publish","type":"post","link":"https:\/\/www.europesays.com\/fi\/120370\/","title":{"rendered":"Lindex ei l\u00f6yt\u00e4nyt ratkaisua Stockmannin kohtaloon"},"content":{"rendered":"<p>Stockmann|Lindex-konserni haluaisi eroon Stockmannin liiketoiminnasta, mutta se on vaikeaa liiketoiminnan tappioiden takia. P\u00f6rssiyhti\u00f6 Stockmann muutti nimens\u00e4 Lindexiksi vuonna 2024.<\/p>\n<p>Lue tiivistelm\u00e4<\/p>\n<p class=\"article-body mb-nof-24 px-nof-16 sndp-summary-bullet-point-font\">Lindex-konserni ei ole l\u00f6yt\u00e4nyt ratkaisua Stockmannin tavarataloliiketoiminnan kohtaloon vuoden loppuun menness\u00e4 asetetusta takarajasta huolimatta.<\/p>\n<p class=\"article-body mb-nof-24 px-nof-16 sndp-summary-bullet-point-font\">Tavarataloliiketoiminnan eriytt\u00e4minen on vaikeaa, koska liiketoiminta on tappiollista ja ostajaa ei ole l\u00f6ytynyt kahden vuoden etsinn\u00e4st\u00e4 huolimatta.<\/p>\n<p class=\"article-body mb-nof-24 px-nof-16 sndp-summary-bullet-point-font\">P\u00f6rssiyhti\u00f6 Stockmann muutti nimens\u00e4 Lindexiksi vuonna 2024, ja vaateketju Lindex on kannatellut huonosti menestyv\u00e4\u00e4 tavarataloliiketoimintaa.<\/p>\n<p class=\"article-body mb-nof-24 px-nof-16\">Lindex-konsernin piti l\u00f6yt\u00e4\u00e4 ratkaisu Stockmannin eli yhti\u00f6n tavarataloliiketoiminnan kohtaloon vuoden loppuun menness\u00e4.<\/p>\n<p class=\"article-body mb-nof-24 px-nof-16\">N\u00e4in ei kuitenkaan ole tapahtumassa. Yhti\u00f6 kertoi perjantaina, ett\u00e4 tavarataloliiketoiminnan eriytt\u00e4minen olisi hallituksen mielest\u00e4 edelleen paras strateginen etenemistapa.<\/p>\n<p class=\"article-body mb-nof-24 px-nof-16\">Eriytt\u00e4minen voisi tarkoittaa esimerkiksi Stockmannin listaamista erillisen\u00e4 p\u00f6rssiin tai myymist\u00e4 uusille omistajille. K\u00e4yt\u00e4nn\u00f6ss\u00e4 eriytt\u00e4minen on vaikeaa, koska tavarataloliiketoiminta menestyy niin huonosti.<\/p>\n<p class=\"article-body mb-nof-24 px-nof-16\">My\u00f6sk\u00e4\u00e4n ostajaa ei ole l\u00f6ytynyt kahden vuoden etsinn\u00e4st\u00e4 huolimatta.<\/p>\n<p class=\"article-body mb-nof-24 px-nof-16\">Jopa tavarataloliiketoiminnan kassavirta on edelleen negatiivinen, eli yhti\u00f6\u00f6n tulee sis\u00e4\u00e4n v\u00e4hemm\u00e4n rahaa kuin mit\u00e4 sielt\u00e4 l\u00e4htee. Kannattavuus on t\u00e4n\u00e4 vuonna parantunut mutta ei riitt\u00e4v\u00e4sti.<\/p>\n<p class=\"article-body mb-nof-24 px-nof-16\">Tavarataloja rasittavat pitk\u00e4t vuokrasopimukset, jotka lasketaan yhti\u00f6n velaksi ja sy\u00f6v\u00e4t yhti\u00f6n tulosta.<\/p>\n<p class=\"article-body mb-nof-24 px-nof-16\">\u201dT\u00e4m\u00e4 vaikuttaa kaikkien harkittavien vaihtoehtojen toteutettavuuteen ja niiden mahdolliseen lopputulokseen\u201d, Lindex kirjoittaa tiedotteessaan.<\/p>\n<p class=\"article-body mb-nof-24 px-nof-16\">P\u00f6rssiyhti\u00f6 Stockmann muutti nimens\u00e4 Lindexiksi vuonna 2024. Vaateketju Lindex on jo vuosien ajan ollut konsernin kannattavin osa. Se on kannatellut kehnosti sujuvaa tavarataloliiketoimintaa.<\/p>\n<p class=\"article-body mb-nof-24 px-nof-16\">Ratkaisua Stockmannien kohtalosta on lyk\u00e4tty eteenp\u00e4in jo kahdesti. Alun perin selvityksen piti valmistua viime vuoden loppuun menness\u00e4, sitten viime kes\u00e4kuussa ja viimeksi takaraja oli t\u00e4m\u00e4n vuoden lopussa.<\/p>\n<p class=\"article-body mb-nof-24 px-nof-16\">Ruotsalaisen tavarataloketju \u00c5hlensin kolme vuotta sitten ostanut ja voitolle k\u00e4\u00e4nt\u00e4nyt <a class=\"article-personlink\" href=\"https:\/\/www.hs.fi\/haku\/?query=Ayad%20Al-Saffar\" rel=\"nofollow noopener\" target=\"_blank\">Ayad Al-Saffar<\/a> oli kiinnostunut Stockmannista.<\/p>\n<p class=\"article-body mb-nof-24 px-nof-16\">H\u00e4n kuitenkin vet\u00e4ytyi neuvotteluista syksyll\u00e4. HS kertoi lokakuussa, ett\u00e4 ongelmaksi muodostui todenn\u00e4k\u00f6isesti Helsingin keskustan tavaratalon pitk\u00e4 vuokrasopimus.<\/p>\n<p class=\"article-body mb-nof-24 px-nof-16\">Stockmann myi Helsingin keskustan tavaratalokiinteist\u00f6n vuonna 2022 el\u00e4kevakuutusyhti\u00f6 Kevalle 400 miljoonalla eurolla. Sopimukseen liittyi pitk\u00e4aikainen vuokrasopimus.<\/p>\n<p class=\"article-body mb-nof-24 px-nof-16\">\u201dEi tule Stockmannia. Olisin halunnut sen, mutta se ei onnistunut\u201d, Al-Saffar kertoi Ruotsissa <a class=\"article-genericlink\" href=\"https:\/\/www.market.se\/affarsnyheter\/affarsutveckling\/ahlensagarens-besked-om-affarerna-i-finland\/\" rel=\"nofollow noopener\" target=\"_blank\">Market-lehden<\/a> mukaan.<\/p>\n<p class=\"article-body mb-nof-24 px-nof-16\">Lindexin hallitus kertoo jatkavansa Stockmannin \u201dstrategisten vaihtoehtojen arviointia\u201d. Uutta takarajaa selvityksille se ei en\u00e4\u00e4 m\u00e4\u00e4rittele.<\/p>\n","protected":false},"excerpt":{"rendered":"Stockmann|Lindex-konserni haluaisi eroon Stockmannin liiketoiminnasta, mutta se on vaikeaa liiketoiminnan tappioiden takia. P\u00f6rssiyhti\u00f6 Stockmann muutti nimens\u00e4 Lindexiksi vuonna&hellip;\n","protected":false},"author":2,"featured_media":120371,"comment_status":"","ping_status":"","sticky":false,"template":"","format":"standard","meta":{"footnotes":""},"categories":[76],"tags":[79,77,33,31,30,46,32,78],"class_list":{"0":"post-120370","1":"post","2":"type-post","3":"status-publish","4":"format-standard","5":"has-post-thumbnail","7":"category-talous","8":"tag-business","9":"tag-economy","10":"tag-fi","11":"tag-finland","12":"tag-finnish","13":"tag-helsingin-sanomat","14":"tag-suomi","15":"tag-talous"},"share_on_mastodon":{"url":"https:\/\/pubeurope.com\/@fi\/115745036998766355","error":""},"_links":{"self":[{"href":"https:\/\/www.europesays.com\/fi\/wp-json\/wp\/v2\/posts\/120370","targetHints":{"allow":["GET"]}}],"collection":[{"href":"https:\/\/www.europesays.com\/fi\/wp-json\/wp\/v2\/posts"}],"about":[{"href":"https:\/\/www.europesays.com\/fi\/wp-json\/wp\/v2\/types\/post"}],"author":[{"embeddable":true,"href":"https:\/\/www.europesays.com\/fi\/wp-json\/wp\/v2\/users\/2"}],"replies":[{"embeddable":true,"href":"https:\/\/www.europesays.com\/fi\/wp-json\/wp\/v2\/comments?post=120370"}],"version-history":[{"count":0,"href":"https:\/\/www.europesays.com\/fi\/wp-json\/wp\/v2\/posts\/120370\/revisions"}],"wp:featuredmedia":[{"embeddable":true,"href":"https:\/\/www.europesays.com\/fi\/wp-json\/wp\/v2\/media\/120371"}],"wp:attachment":[{"href":"https:\/\/www.europesays.com\/fi\/wp-json\/wp\/v2\/media?parent=120370"}],"wp:term":[{"taxonomy":"category","embeddable":true,"href":"https:\/\/www.europesays.com\/fi\/wp-json\/wp\/v2\/categories?post=120370"},{"taxonomy":"post_tag","embeddable":true,"href":"https:\/\/www.europesays.com\/fi\/wp-json\/wp\/v2\/tags?post=120370"}],"curies":[{"name":"wp","href":"https:\/\/api.w.org\/{rel}","templated":true}]}}