{"id":120376,"date":"2025-12-19T07:26:13","date_gmt":"2025-12-19T07:26:13","guid":{"rendered":"https:\/\/www.europesays.com\/fi\/120376\/"},"modified":"2025-12-19T07:26:13","modified_gmt":"2025-12-19T07:26:13","slug":"teollisuusliitto-hakee-aluetoimitsijaa-sisa-suomen-alueelle","status":"publish","type":"post","link":"https:\/\/www.europesays.com\/fi\/120376\/","title":{"rendered":"Teollisuusliitto hakee aluetoimitsijaa Sis\u00e4-Suomen alueelle"},"content":{"rendered":"<p>Etsimme Sis\u00e4-Suomen toiminta-alueelle positiivista, motivoitunutta, rohkeaa ja ennakkoluulotonta aluetoimitsijaa \u2013 sinua, joka olet valmis jakamaan osaamistasi ja oppimaan uutta.<\/p>\n<p>Sinut tunnetaan ratkaisukeskeisyydest\u00e4si ja sujuvista vuorovaikutus- ja neuvottelutaidoistasi. Ihmisten kanssa toimiminen on sinulle helppoa ja luontevaa. Osaat ilmaista itse\u00e4si sujuvasti my\u00f6s kirjallisesti. Kielitaitoasikin tarvitaan. Kaiken lis\u00e4ksi olet kiva ty\u00f6kaveri.<\/p>\n<p>Aluetoimitsijan ty\u00f6 on monipuolista ja vaihtelevaa. P\u00e4\u00e4asiallisina ty\u00f6teht\u00e4vin\u00e4 ovat j\u00e4senten ty\u00f6suhdeasioiden hoitaminen, ammattiosastojen sek\u00e4 luottamushenkil\u00f6iden tukeminen ja ty\u00f6paikkojen j\u00e4rjest\u00e4misty\u00f6. P\u00e4\u00e4set vaikuttamaan tilaisuuksien ja koulutusten sis\u00e4lt\u00f6\u00f6n sek\u00e4 toteuttamaan niit\u00e4. Ty\u00f6p\u00e4iv\u00e4t ovat ep\u00e4s\u00e4\u00e4nn\u00f6llisi\u00e4 ja ajoittain my\u00f6s viikonloput kuluvat ty\u00f6n merkeiss\u00e4. Alueella sutjakasti liikkuminen edellytt\u00e4\u00e4 oman auton k\u00e4ytt\u00f6\u00e4.<\/p>\n<p>Ty\u00f6teht\u00e4v\u00e4t sijoittuvat p\u00e4\u00e4asiassa Pirkanmaan sek\u00e4 etel\u00e4isen Keski-Suomen alueelle.\u00a0\u00a0 Alueella on yli 20 000 ty\u00f6markkinoiden k\u00e4ytett\u00e4viss\u00e4 olevaa j\u00e4sent\u00e4 Teollisuusliiton eri sopimusaloilta. Aluekeskus sijaitsee Tampereella.<\/p>\n<p>Valituksi tulevalle takaamme mielenkiintoisen ty\u00f6teht\u00e4v\u00e4n, tavoitekeskeisen ja ty\u00f6lle omistautuneen ty\u00f6yhteis\u00f6n sek\u00e4 hyv\u00e4t kehittymismahdollisuudet. Toivomme teht\u00e4v\u00e4\u00e4n valittavan aloittavan maaliskuussa 2026 tai sopimuksen mukaan.<\/p>\n<p>L\u00e4het\u00e4 hakemuksesi viimeist\u00e4\u00e4n 18.1.2026. <a href=\"https:\/\/teollisuusliitto.rekrytointi.com\/paikat\/?o=A_A&amp;jid=150\" target=\"_blank\" rel=\"noopener nofollow\">Hae t\u00e4st\u00e4<\/a>.<\/p>\n<p>Lis\u00e4tietoja voit kysell\u00e4 aluep\u00e4\u00e4llikk\u00f6 <strong>Jan Laineelta<\/strong> s\u00e4hk\u00f6postitse <a href=\"https:\/\/www.teollisuusliitto.fi\/cdn-cgi\/l\/email-protection\" class=\"__cf_email__\" data-cfemail=\"6f050e0141030e06010a2f1b0a000303061c1a1a1c0306061b1b00410906\" rel=\"nofollow noopener\" target=\"_blank\">[email\u00a0protected]<\/a> tai puhelimitse numerosta 040\u00a0720 4087.<\/p>\n<p>Lis\u00e4tietoja antaa my\u00f6s aluetoiminnasta vastaava p\u00e4\u00e4llikk\u00f6 <strong>Merja Rinne<\/strong> s\u00e4hk\u00f6postitse <a href=\"https:\/\/www.teollisuusliitto.fi\/cdn-cgi\/l\/email-protection\" class=\"__cf_email__\" data-cfemail=\"543931263e357a263d3a3a311420313b38383d27212127383d3d20203b7a323d\" rel=\"nofollow noopener\" target=\"_blank\">[email\u00a0protected]<\/a> tai 22.12.2025 kello 9\u201312 ja 9.1.2026 kello 12\u201316 puhelimitse numerossa 050\u00a0306 4437.<\/p>\n","protected":false},"excerpt":{"rendered":"Etsimme Sis\u00e4-Suomen toiminta-alueelle positiivista, motivoitunutta, rohkeaa ja ennakkoluulotonta aluetoimitsijaa \u2013 sinua, joka olet valmis jakamaan osaamistasi ja oppimaan&hellip;\n","protected":false},"author":2,"featured_media":120377,"comment_status":"","ping_status":"","sticky":false,"template":"","format":"standard","meta":{"footnotes":""},"categories":[5],"tags":[22,23,26,27,33,31,30,17,24,25,28,29,15,18,21,32,19,20,16],"class_list":{"0":"post-120376","1":"post","2":"type-post","3":"status-publish","4":"format-standard","5":"has-post-thumbnail","7":"category-otsikot","8":"tag-breaking-news","9":"tag-breakingnews","10":"tag-featured-news","11":"tag-featurednews","12":"tag-fi","13":"tag-finland","14":"tag-finnish","15":"tag-headlines","16":"tag-latest-news","17":"tag-latestnews","18":"tag-main-news","19":"tag-mainnews","20":"tag-news","21":"tag-otsikot","22":"tag-paauutiset","23":"tag-suomi","24":"tag-top-stories","25":"tag-topstories","26":"tag-uutiset"},"share_on_mastodon":{"url":"https:\/\/pubeurope.com\/@fi\/115745048800956010","error":""},"_links":{"self":[{"href":"https:\/\/www.europesays.com\/fi\/wp-json\/wp\/v2\/posts\/120376","targetHints":{"allow":["GET"]}}],"collection":[{"href":"https:\/\/www.europesays.com\/fi\/wp-json\/wp\/v2\/posts"}],"about":[{"href":"https:\/\/www.europesays.com\/fi\/wp-json\/wp\/v2\/types\/post"}],"author":[{"embeddable":true,"href":"https:\/\/www.europesays.com\/fi\/wp-json\/wp\/v2\/users\/2"}],"replies":[{"embeddable":true,"href":"https:\/\/www.europesays.com\/fi\/wp-json\/wp\/v2\/comments?post=120376"}],"version-history":[{"count":0,"href":"https:\/\/www.europesays.com\/fi\/wp-json\/wp\/v2\/posts\/120376\/revisions"}],"wp:featuredmedia":[{"embeddable":true,"href":"https:\/\/www.europesays.com\/fi\/wp-json\/wp\/v2\/media\/120377"}],"wp:attachment":[{"href":"https:\/\/www.europesays.com\/fi\/wp-json\/wp\/v2\/media?parent=120376"}],"wp:term":[{"taxonomy":"category","embeddable":true,"href":"https:\/\/www.europesays.com\/fi\/wp-json\/wp\/v2\/categories?post=120376"},{"taxonomy":"post_tag","embeddable":true,"href":"https:\/\/www.europesays.com\/fi\/wp-json\/wp\/v2\/tags?post=120376"}],"curies":[{"name":"wp","href":"https:\/\/api.w.org\/{rel}","templated":true}]}}