{"id":120378,"date":"2025-12-19T07:27:11","date_gmt":"2025-12-19T07:27:11","guid":{"rendered":"https:\/\/www.europesays.com\/fi\/120378\/"},"modified":"2025-12-19T07:27:11","modified_gmt":"2025-12-19T07:27:11","slug":"humisevat-hehtaarit-nyt-kaikkien-katsottavissa-osa-dokumenttisarjasta-on-kuvattu-ylojarvella-luonto-ja-elaimet","status":"publish","type":"post","link":"https:\/\/www.europesays.com\/fi\/120378\/","title":{"rendered":"Humisevat hehtaarit nyt kaikkien katsottavissa &#8211; Osa dokumenttisarjasta on kuvattu Yl\u00f6j\u00e4rvell\u00e4 &#8211; Luonto ja el\u00e4imet"},"content":{"rendered":"<p>K\u00e4yt\u00e4mme ev\u00e4steit\u00e4 parantaaksemme sivuston k\u00e4ytt\u00f6kokemusta. Klikkaamalla \u201cHyv\u00e4ksyn\u201d, hyv\u00e4ksyt kaikkien ev\u00e4steiden k\u00e4yt\u00f6n. Voit muokata valintojasi klikkamalla &#8221;Ev\u00e4steasetukset&#8221;. Ev\u00e4steasetuksista saat tarkempaa tietoa k\u00e4ytt\u00e4mist\u00e4mme ev\u00e4steist\u00e4. Voit tutustua tietosuojaselosteeseen <a href=\"https:\/\/ylojarvenuutiset.fi\/tietosuoja\/\" rel=\"nofollow noopener\" target=\"_blank\">t\u00e4\u00e4ll\u00e4<\/a>.<\/p>\n<p>\nV\u00e4ltt\u00e4m\u00e4tt\u00f6m\u00e4t ev\u00e4steet ovat ehdottoman v\u00e4ltt\u00e4m\u00e4tt\u00f6mi\u00e4 verkkosivuston moitteettoman toiminnan kannalta. N\u00e4m\u00e4 ev\u00e4steet varmistavat verkkosivuston perustoiminnot ja suojausominaisuudet anonyymisti.<\/p>\n<p>\nThe technical storage or access is necessary for the legitimate purpose of storing preferences that are not requested by the subscriber or user.<\/p>\n<p>\nAnalyyttiikkaev\u00e4steit\u00e4 k\u00e4ytet\u00e4\u00e4n selvitt\u00e4m\u00e4\u00e4n ja ymm\u00e4rt\u00e4m\u00e4\u00e4n, kuinka k\u00e4vij\u00e4t ovat vuorovaikutuksessa verkkosivuston kanssa. N\u00e4m\u00e4 ev\u00e4steet auttavat tarjoamaan tietoa k\u00e4vij\u00e4m\u00e4\u00e4r\u00e4st\u00e4, poistumisprosentista, liikenteen l\u00e4hteest\u00e4 jne.<br \/>\nAnalyyttiikkaev\u00e4steit\u00e4 k\u00e4ytet\u00e4\u00e4n selvitt\u00e4m\u00e4\u00e4n ja ymm\u00e4rt\u00e4m\u00e4\u00e4n, kuinka k\u00e4vij\u00e4t ovat vuorovaikutuksessa verkkosivuston kanssa. N\u00e4m\u00e4 ev\u00e4steet auttavat tarjoamaan tietoa k\u00e4vij\u00e4m\u00e4\u00e4r\u00e4st\u00e4, poistumisprosentista, liikenteen l\u00e4hteest\u00e4 jne.<\/p>\n<p>\nMainosev\u00e4steit\u00e4 k\u00e4ytet\u00e4\u00e4n tarjoamaan vierailijoille relevantteja mainoksia ja markkinointikampanjoita. N\u00e4m\u00e4 ev\u00e4steet seuraavat k\u00e4vij\u00f6it\u00e4 eri verkkosivustoilla ja ker\u00e4\u00e4v\u00e4t tietoja r\u00e4\u00e4t\u00e4l\u00f6ityjen mainosten n\u00e4ytt\u00e4miseksi.<\/p>\n","protected":false},"excerpt":{"rendered":"K\u00e4yt\u00e4mme ev\u00e4steit\u00e4 parantaaksemme sivuston k\u00e4ytt\u00f6kokemusta. Klikkaamalla \u201cHyv\u00e4ksyn\u201d, hyv\u00e4ksyt kaikkien ev\u00e4steiden k\u00e4yt\u00f6n. Voit muokata valintojasi klikkamalla &#8221;Ev\u00e4steasetukset&#8221;. Ev\u00e4steasetuksista saat&hellip;\n","protected":false},"author":2,"featured_media":120379,"comment_status":"","ping_status":"","sticky":false,"template":"","format":"standard","meta":{"footnotes":""},"categories":[117],"tags":[21712,33,31,30,11788,72,982,476,118,32,119,477],"class_list":{"0":"post-120378","1":"post","2":"type-post","3":"status-publish","4":"format-standard","5":"has-post-thumbnail","7":"category-luonto","8":"tag-anni-kytomaki","9":"tag-fi","10":"tag-finland","11":"tag-finnish","12":"tag-luonnonperintosaatio","13":"tag-luonto","14":"tag-martti-syrja","15":"tag-nature","16":"tag-science","17":"tag-suomi","18":"tag-tiede","19":"tag-wildlife"},"share_on_mastodon":{"url":"https:\/\/pubeurope.com\/@fi\/115745052661539427","error":""},"_links":{"self":[{"href":"https:\/\/www.europesays.com\/fi\/wp-json\/wp\/v2\/posts\/120378","targetHints":{"allow":["GET"]}}],"collection":[{"href":"https:\/\/www.europesays.com\/fi\/wp-json\/wp\/v2\/posts"}],"about":[{"href":"https:\/\/www.europesays.com\/fi\/wp-json\/wp\/v2\/types\/post"}],"author":[{"embeddable":true,"href":"https:\/\/www.europesays.com\/fi\/wp-json\/wp\/v2\/users\/2"}],"replies":[{"embeddable":true,"href":"https:\/\/www.europesays.com\/fi\/wp-json\/wp\/v2\/comments?post=120378"}],"version-history":[{"count":0,"href":"https:\/\/www.europesays.com\/fi\/wp-json\/wp\/v2\/posts\/120378\/revisions"}],"wp:featuredmedia":[{"embeddable":true,"href":"https:\/\/www.europesays.com\/fi\/wp-json\/wp\/v2\/media\/120379"}],"wp:attachment":[{"href":"https:\/\/www.europesays.com\/fi\/wp-json\/wp\/v2\/media?parent=120378"}],"wp:term":[{"taxonomy":"category","embeddable":true,"href":"https:\/\/www.europesays.com\/fi\/wp-json\/wp\/v2\/categories?post=120378"},{"taxonomy":"post_tag","embeddable":true,"href":"https:\/\/www.europesays.com\/fi\/wp-json\/wp\/v2\/tags?post=120378"}],"curies":[{"name":"wp","href":"https:\/\/api.w.org\/{rel}","templated":true}]}}