{"id":120392,"date":"2025-12-19T07:51:17","date_gmt":"2025-12-19T07:51:17","guid":{"rendered":"https:\/\/www.europesays.com\/fi\/120392\/"},"modified":"2025-12-19T07:51:17","modified_gmt":"2025-12-19T07:51:17","slug":"katalan-liukas-aamu-osassa-suomea","status":"publish","type":"post","link":"https:\/\/www.europesays.com\/fi\/120392\/","title":{"rendered":"\u201dKatalan\u201d liukas aamu osassa Suomea"},"content":{"rendered":"<p>Lumi peitt\u00e4\u00e4 paikoin j\u00e4\u00e4n, ja liukkaus voi yll\u00e4tt\u00e4\u00e4 niin autoilijat kuin jalankulkijatkin.<\/p>\n<p>Viikonlopuksi luvassa lauhaa ja tuulista.Video: Foreca<\/p>\n<p>Lue tiivistelm\u00e4<\/p>\n<p class=\"article-body mb-nof-24 px-nof-16 sndp-summary-bullet-point-font\">Ilmatieteen laitos varoittaa perjantaille vaarallisesta liukkaasta s\u00e4\u00e4st\u00e4 Etel\u00e4-Lapissa ja Pohjois-Pohjanmaalla.<\/p>\n<p class=\"article-body mb-nof-24 px-nof-16 sndp-summary-bullet-point-font\">P\u00e4ivyst\u00e4v\u00e4 meteorologi Jari Tuovinen kertoo, ett\u00e4 tuore lumi on voinut peitt\u00e4\u00e4 alleen j\u00e4\u00e4n.<\/p>\n<p class=\"article-body mb-nof-24 px-nof-16 sndp-summary-bullet-point-font\">Viimeisen 12 tunnin aikana isossa osassa Lappia on satanut 8\u201315 sentti\u00e4 lunta.<\/p>\n<p class=\"article-body mb-nof-24 px-nof-16 sndp-summary-bullet-point-font\">Ruotsissa liukas ajokeli on aiheuttanut liikenneh\u00e4iri\u00f6it\u00e4 Torniosta alkavalla E4-tiell\u00e4.<\/p>\n<p class=\"article-body mb-nof-24 px-nof-16\">Perjantaiaamu valkenee katalassa s\u00e4\u00e4ss\u00e4 osassa Suomea.<\/p>\n<p class=\"article-body mb-nof-24 px-nof-16\">Ilmatieteen laitos on antanut perjantaille varoituksen vaarallisesta tai mahdollisesti vaarallista s\u00e4\u00e4st\u00e4 liikenteelle sek\u00e4 jalankulkijoille. Varoituskartta hehkuu Lapissa, Pohjois-Pohjanmaalla ja Kainuussa.<\/p>\n<p class=\"article-body mb-nof-24 px-nof-16\">Ilmatieteen laitoksen p\u00e4ivyst\u00e4v\u00e4n meteorologi <a class=\"article-personlink\" href=\"https:\/\/www.is.fi\/haku\/?query=Jari%20Tuovinen\" rel=\"nofollow noopener\" target=\"_blank\">Jari Tuovinen<\/a> kertoo, ett\u00e4 aamun salakavalasti liukkain s\u00e4\u00e4 on Etel\u00e4-Lapissa ja Pohjois-Pohjanmaalla. Tuore lumi on voinut peitt\u00e4\u00e4 alleen j\u00e4\u00e4n, joka on muodostunut kun vett\u00e4 on satanut kylm\u00e4n maan p\u00e4\u00e4lle.<\/p>\n<p class=\"article-body mb-nof-24 px-nof-16\">\u2013 Lumi on voinut peitt\u00e4\u00e4 alleen j\u00e4\u00e4n. Se voi olla katalan liukas, Tuovinen varoittaa.<\/p>\n<p class=\"article-body mb-nof-24 px-nof-16\">\u2013 Onneksi se pahin alue on suhteellisen pieni.<\/p>\n<p class=\"article-body mb-nof-24 px-nof-16\">Vaikka varoitukset ovat voimassa koko perjantain, painottuu katalin s\u00e4\u00e4 aamuun ja aamup\u00e4iv\u00e4\u00e4n, meteorologi kertoo. Meri-Lapissa s\u00e4\u00e4 on pysynyt lauhana ja sade on siint\u00e4nyt maahan my\u00f6s r\u00e4nn\u00e4n ja veden muodossa.<\/p>\n<p class=\"article-body mb-nof-24 px-nof-16\">Liikenteess\u00e4 n\u00e4kyvyys paranee aamua vasten ja tuulikin heikkenee. Ratin takana kannattaa silti olla tarkkana.<\/p>\n<p class=\"article-body mb-nof-24 px-nof-16\">\u2013 Jos esimerkiksi rekka tai nopeasti ohittava ajoneuvo pyyh\u00e4lt\u00e4\u00e4 ohi, niin tiell\u00e4 voi tulla vastaan lumipilvi.<\/p>\n<p class=\"article-body mb-nof-24 px-nof-16\">Perjantain vastaisena y\u00f6n\u00e4 on satanut reippaasti varsinkin Lapissa, mutta my\u00f6s Pohjois-Pohjanmaalla ja Koillismaalla.<\/p>\n<p class=\"article-body mb-nof-24 px-nof-16\">Viimeisen kahdentoista tunnin aikana isossa osaa Lappia on satanut 8\u201315 sentti\u00e4 lunta, Tuovinen kertoo. Suomineidon p\u00e4\u00e4laella kertym\u00e4 on aavistuksen v\u00e4hemm\u00e4n.<\/p>\n<p class=\"article-body mb-nof-24 px-nof-16\">Puuskaisten tuulien takia lukemia on kuitenkin hankala m\u00e4\u00e4ritt\u00e4\u00e4.<\/p>\n<p class=\"article-body mb-nof-24 px-nof-16\">Meteorologi luonnehtii alkutalven s\u00e4\u00e4t\u00e4 erikoiseksi. L\u00e4mp\u00f6tilat ovat sahanneet paljon, ja nollaraja jatkaa kipuamista hyvinkin pohjoiseen pitkin Suomi-neidon vartta.<\/p>\n<p class=\"article-body mb-nof-24 px-nof-16\">\u2013 Rovaniemest\u00e4 etel\u00e4\u00e4n on 1\u20132 astetta plussaa ja Oulussa nelj\u00e4 astetta. Jos maa on siell\u00e4 pakkasella ja routaan on satanut vett\u00e4, niin se on voinut j\u00e4\u00e4d\u00e4 siihen liukkaan alustan p\u00e4\u00e4lle.<\/p>\n<p class=\"article-body mb-nof-24 px-nof-16\">Sateet ovat v\u00e4hitellen v\u00e4istym\u00e4ss\u00e4 it\u00e4\u00e4n, ja It\u00e4-Lapissa lunta kertyy viel\u00e4 l\u00e4hituntien aikana viel\u00e4 sentti tai pari.<\/p>\n<p class=\"article-body mb-nof-24 px-nof-16\">\u2013 Illalla ja ensi y\u00f6n\u00e4 uusi sadealue levi\u00e4\u00e4 Ruotsista Lappiin ja L\u00e4nsi-Suomeen. Nollaraja kohoaa Keski-Lapin tuntumaan.<\/p>\n<p class=\"article-body mb-nof-24 px-nof-16\">Etel\u00e4-Lapissa sateet tulevat useissa olomuodoissa \u2013 veten\u00e4, r\u00e4nt\u00e4n\u00e4 ja lumena. Keski- ja Pohjois-Lapissa sade on p\u00e4\u00e4osin lunta.<\/p>\n<p class=\"article-body mb-nof-24 px-nof-16\">Iltaa kohden uusi sadealue levi\u00e4\u00e4 Lappiinkin. Nollaraja nousee y\u00f6n aikana j\u00e4lleen Keski-Lapin tuntumaan. Etel\u00e4-Lapissa tulee kaikkia sateenolomuotoja, Keski- ja Pohjois-Lapissa lunta.<\/p>\n<p class=\"article-body mb-nof-24 px-nof-16\">L\u00e4nsinaapurissa liukas ajokeli on aiheuttanut liikenneh\u00e4iri\u00f6it\u00e4 Torniosta alkavalla E4-tiell\u00e4, erityisesti R\u00e5ne\u00e5n ja Kalixin v\u00e4lisell\u00e4 osuudella.<\/p>\n<p class=\"article-body mb-nof-24 px-nof-16\">Useita autoja on j\u00e4\u00e4nyt tien varteen pys\u00e4hdyksiin liukkaan ajokelin vuoksi. Ongelmat alkoivat jo torstai-iltana, ja y\u00f6n aikana jonot ovat olleet eritt\u00e4in pitki\u00e4, kertoo <a class=\"article-genericlink\" href=\"https:\/\/www.expressen.se\/nyheter\/expressen-direkt\/?post=aa6f6e19-5640-41be-a7ad-05b591dcb8af\" rel=\"nofollow noopener\" target=\"_blank\">Expressen<\/a>.<\/p>\n<p class=\"article-body mb-nof-24 px-nof-16\">Ruotsin liikennevirasto Trafikverket on kehottanut autoilijoita ajamaan varovasti, sopeuttamaan nopeuden keliolosuhteisiin ja varaamaan matkoihin tavallista enemm\u00e4n aikaa.<\/p>\n<p class=\"article-body mb-nof-24 px-nof-16\">My\u00f6s poliisi on k\u00e4rsinyt tilanteesta ja joutunut seisomaan pitki\u00e4 aikoja jonoissa y\u00f6n aikana, Expressen kertoo.<\/p>\n","protected":false},"excerpt":{"rendered":"Lumi peitt\u00e4\u00e4 paikoin j\u00e4\u00e4n, ja liukkaus voi yll\u00e4tt\u00e4\u00e4 niin autoilijat kuin jalankulkijatkin. Viikonlopuksi luvassa lauhaa ja tuulista.Video: Foreca&hellip;\n","protected":false},"author":2,"featured_media":120393,"comment_status":"","ping_status":"","sticky":false,"template":"","format":"standard","meta":{"footnotes":""},"categories":[12],"tags":[22,23,26,27,33,31,30,17,34,24,25,28,29,15,18,21,32,19,20,16],"class_list":{"0":"post-120392","1":"post","2":"type-post","3":"status-publish","4":"format-standard","5":"has-post-thumbnail","7":"category-suomi","8":"tag-breaking-news","9":"tag-breakingnews","10":"tag-featured-news","11":"tag-featurednews","12":"tag-fi","13":"tag-finland","14":"tag-finnish","15":"tag-headlines","16":"tag-ilta-sanomat","17":"tag-latest-news","18":"tag-latestnews","19":"tag-main-news","20":"tag-mainnews","21":"tag-news","22":"tag-otsikot","23":"tag-paauutiset","24":"tag-suomi","25":"tag-top-stories","26":"tag-topstories","27":"tag-uutiset"},"share_on_mastodon":{"url":"https:\/\/pubeurope.com\/@fi\/115745147076111218","error":""},"_links":{"self":[{"href":"https:\/\/www.europesays.com\/fi\/wp-json\/wp\/v2\/posts\/120392","targetHints":{"allow":["GET"]}}],"collection":[{"href":"https:\/\/www.europesays.com\/fi\/wp-json\/wp\/v2\/posts"}],"about":[{"href":"https:\/\/www.europesays.com\/fi\/wp-json\/wp\/v2\/types\/post"}],"author":[{"embeddable":true,"href":"https:\/\/www.europesays.com\/fi\/wp-json\/wp\/v2\/users\/2"}],"replies":[{"embeddable":true,"href":"https:\/\/www.europesays.com\/fi\/wp-json\/wp\/v2\/comments?post=120392"}],"version-history":[{"count":0,"href":"https:\/\/www.europesays.com\/fi\/wp-json\/wp\/v2\/posts\/120392\/revisions"}],"wp:featuredmedia":[{"embeddable":true,"href":"https:\/\/www.europesays.com\/fi\/wp-json\/wp\/v2\/media\/120393"}],"wp:attachment":[{"href":"https:\/\/www.europesays.com\/fi\/wp-json\/wp\/v2\/media?parent=120392"}],"wp:term":[{"taxonomy":"category","embeddable":true,"href":"https:\/\/www.europesays.com\/fi\/wp-json\/wp\/v2\/categories?post=120392"},{"taxonomy":"post_tag","embeddable":true,"href":"https:\/\/www.europesays.com\/fi\/wp-json\/wp\/v2\/tags?post=120392"}],"curies":[{"name":"wp","href":"https:\/\/api.w.org\/{rel}","templated":true}]}}