{"id":120394,"date":"2025-12-19T07:52:09","date_gmt":"2025-12-19T07:52:09","guid":{"rendered":"https:\/\/www.europesays.com\/fi\/120394\/"},"modified":"2025-12-19T07:52:09","modified_gmt":"2025-12-19T07:52:09","slug":"retkeilyn-palveluohjelma-tampereesta-halutaan-rakentaa-retkeilypaakaupunki-tampereen-kaupunki","status":"publish","type":"post","link":"https:\/\/www.europesays.com\/fi\/120394\/","title":{"rendered":"Retkeilyn palveluohjelma: Tampereesta halutaan rakentaa retkeilyp\u00e4\u00e4kaupunki [Tampereen kaupunki"},"content":{"rendered":"<p>Asunto- ja kiinteist\u00f6lautakunta hyv\u00e4ksyi 18.12.2025 kokouksessaan Retkeilyn palveluohjelman muutamin t\u00e4ydennyksin. Lautakunta kiinnitti muun muassa huomiota lasten ja nuorten retkeilyinnostuksen lis\u00e4\u00e4miseen osana p\u00e4iv\u00e4koti- ja koulup\u00e4ivi\u00e4, jotta kiinnostus liikkumiseen ja retkeilyyn her\u00e4isiv\u00e4t ja jatkuisivat my\u00f6hemmin aikuisena.<\/p>\n<p>Palveluohjelma luo suuntaviivat kaupungin retkeilypalveluiden kehitt\u00e4miselle ja nykyisten kohteiden hoidolle vuosina 2026\u20132035. Tavoitteisiin kuuluu hyvinvoinnin ja terveyden edist\u00e4minen sek\u00e4 el\u00e4mysten tuottaminen. Asukkaille ja vierailijoille sek\u00e4 yhdistys- ja yritystoiminnalle halutaan tarjota laadukkaat puitteet monipuoliseen luonnossa liikkumiseen eri tavoin. Ensimm\u00e4isess\u00e4 vaiheessa parannetaan l\u00e4hiretkeilyn palveluverkostoa sek\u00e4 peruskorjataan olemassa olevien rakenteita.<\/p>\n<p>\u2013 Rakennamme Tampereesta retkeilyp\u00e4\u00e4kaupunkia pitk\u00e4j\u00e4nteisesti ja suunnitelmallisesti talousarvion puitteissa. Kunnianhimoisilla retkeilypalveluilla tavoittelemme sit\u00e4, ett\u00e4 kasvava joukko liikkuisi luonnossa, mik\u00e4 lis\u00e4\u00e4 hyvinvointia ja terveytt\u00e4. J\u00e4rjest\u00e4mme palveluita laadukkaasti ja vastuullisesti eri tahojen kanssa yhdess\u00e4 tekem\u00e4ll\u00e4, kertoo lautakunnan puheenjohtaja, apulaispormestari <strong>Jaakko Mustakallio<\/strong>.<\/p>\n<p>Ensi vuonna panostetaan erityisesti Kintulammin pitkospuiden peruskorjaukseen sek\u00e4 Hervantaj\u00e4rven reittien kulutuskest\u00e4vyyden parantamiseen.<\/p>\n<p>\u2013 \u00a0Kintulammin ja Hervantaj\u00e4rven reitist\u00f6jen parannukset ovat kunnossapidollisesti kiireellisimpi\u00e4. My\u00f6s Teeren taival -reitin rakentaminen valmiiksi on ohjelmassa, mutta se edellytt\u00e4\u00e4 vireill\u00e4 olevan ulkoilureittitoimituksen vahvistumista. Lis\u00e4ksi vuoden 2026 aikana Kaukaj\u00e4rven Solkivuoreen on suunnitteilla taukopaikan ja opastetun polun toteutus, kertoo mets\u00e4talousp\u00e4\u00e4llikk\u00f6 <strong>Anne Tuominen<\/strong>.<\/p>\n<p>Retkeilyn palveluohjelman toteutuksen kustannusarvio vuosina 2026\u20132035 on yhteens\u00e4 7,7 miljoonaa euroa. Ensi vuodelle on saatu 150 000 euron lis\u00e4m\u00e4\u00e4r\u00e4raha, joten kokonaisbudjetti on vuonna 2026 kaikkiaan 610 000 euroa.<\/p>\n<p>Kunnossapitokustannukset ovat ohjelmakaudella keskim\u00e4\u00e4rin 560 000 euroa vuodessa ja investoinnit 210 000 euroa per vuosi. Uusien kohteiden suunnittelu ja toteutus etenev\u00e4t m\u00e4\u00e4r\u00e4rahoituksen mahdollistamalla tahdilla.<\/p>\n<p>Uusia taukopaikkoja ja opastusta maastossa lis\u00e4t\u00e4\u00e4n<\/p>\n<p>Palveluohjelma ohjaa retkeilyn ja luontoliikkumisen kohteiden ja reittien huoltoa ja yll\u00e4pitoa, kehitett\u00e4vien kohteiden toteutussuunnittelua ja niiden toteutusta sek\u00e4 yhteisty\u00f6t\u00e4 ja viestint\u00e4\u00e4.<\/p>\n<p>Palveluohjelmaa toteutetaan valmistelemalla alueelliset toteutussuunnitelmat Tampereen kahdeksalle retkeilyn alueelle. Toteutussuunnitelmien perusteella rakennetaan uusia retkeily-, melonta- ja maastopy\u00f6r\u00e4ilyreittej\u00e4 sek\u00e4 taukopaikkoja ja varauslaavuja palveluineen ja lis\u00e4t\u00e4\u00e4n opastusta maastossa.\u00a0<\/p>\n<p>Lis\u00e4m\u00e4\u00e4r\u00e4rahalla toteutetaan uusia opastettuja reittej\u00e4 noin 10 kilometri\u00e4. Uusia taukopaikkoja valmistuu kolme (Koiraj\u00e4rvi, Solkivuori, Kaulamoinen) ja n\u00e4ist\u00e4 kahdessa tulee olemaan nuotiopaikka ja laavu.<\/p>\n<p>\u2013 Lis\u00e4m\u00e4\u00e4r\u00e4rahalla saamme uusien kohteiden suunnitteluun, toteutukseen ja viestint\u00e4\u00e4n lis\u00e4\u00e4 yhteens\u00e4 2 henkil\u00f6ty\u00f6vuotta sek\u00e4 materiaalit ja kalustoa lis\u00e4\u00e4ntyv\u00e4n ty\u00f6n toteutukseen. Ja erillism\u00e4\u00e4r\u00e4rahalla saamme valmiiksi Kintulammin ja Hangasniemen esteett\u00f6m\u00e4t reitit sek\u00e4 kalastuslaiturit, kertoo Tuominen.<\/p>\n<p>Palveluohjelman luonnos oli kuntalaisille n\u00e4ht\u00e4vill\u00e4 syksyll\u00e4, ja palautetta saatiin erityisesti retkeilypalveluiden j\u00e4rjest\u00e4misen periaatteista liittyen esimerkiksi saavutettavuuteen, kest\u00e4vyyteen ja vastuullisuuteen. Useissa palautteissa nostettiin esiin my\u00f6s viestinn\u00e4n merkitys esimerkiksi erityisryhmien n\u00e4k\u00f6kulmasta.<\/p>\n<p>Palautteet on huomioitu t\u00e4ydent\u00e4m\u00e4ll\u00e4 erityisesti retkeilypalveluiden j\u00e4rjest\u00e4misen periaatteita sek\u00e4 viestinn\u00e4n ja vuorovaikutuksen toimenpiteit\u00e4.<\/p>\n","protected":false},"excerpt":{"rendered":"Asunto- ja kiinteist\u00f6lautakunta hyv\u00e4ksyi 18.12.2025 kokouksessaan Retkeilyn palveluohjelman muutamin t\u00e4ydennyksin. Lautakunta kiinnitti muun muassa huomiota lasten ja nuorten&hellip;\n","protected":false},"author":2,"featured_media":120395,"comment_status":"","ping_status":"","sticky":false,"template":"","format":"standard","meta":{"footnotes":""},"categories":[5],"tags":[22,23,26,27,33,31,30,17,24,25,28,29,15,18,21,32,19,20,16],"class_list":{"0":"post-120394","1":"post","2":"type-post","3":"status-publish","4":"format-standard","5":"has-post-thumbnail","7":"category-otsikot","8":"tag-breaking-news","9":"tag-breakingnews","10":"tag-featured-news","11":"tag-featurednews","12":"tag-fi","13":"tag-finland","14":"tag-finnish","15":"tag-headlines","16":"tag-latest-news","17":"tag-latestnews","18":"tag-main-news","19":"tag-mainnews","20":"tag-news","21":"tag-otsikot","22":"tag-paauutiset","23":"tag-suomi","24":"tag-top-stories","25":"tag-topstories","26":"tag-uutiset"},"share_on_mastodon":{"url":"https:\/\/pubeurope.com\/@fi\/115745151268057200","error":""},"_links":{"self":[{"href":"https:\/\/www.europesays.com\/fi\/wp-json\/wp\/v2\/posts\/120394","targetHints":{"allow":["GET"]}}],"collection":[{"href":"https:\/\/www.europesays.com\/fi\/wp-json\/wp\/v2\/posts"}],"about":[{"href":"https:\/\/www.europesays.com\/fi\/wp-json\/wp\/v2\/types\/post"}],"author":[{"embeddable":true,"href":"https:\/\/www.europesays.com\/fi\/wp-json\/wp\/v2\/users\/2"}],"replies":[{"embeddable":true,"href":"https:\/\/www.europesays.com\/fi\/wp-json\/wp\/v2\/comments?post=120394"}],"version-history":[{"count":0,"href":"https:\/\/www.europesays.com\/fi\/wp-json\/wp\/v2\/posts\/120394\/revisions"}],"wp:featuredmedia":[{"embeddable":true,"href":"https:\/\/www.europesays.com\/fi\/wp-json\/wp\/v2\/media\/120395"}],"wp:attachment":[{"href":"https:\/\/www.europesays.com\/fi\/wp-json\/wp\/v2\/media?parent=120394"}],"wp:term":[{"taxonomy":"category","embeddable":true,"href":"https:\/\/www.europesays.com\/fi\/wp-json\/wp\/v2\/categories?post=120394"},{"taxonomy":"post_tag","embeddable":true,"href":"https:\/\/www.europesays.com\/fi\/wp-json\/wp\/v2\/tags?post=120394"}],"curies":[{"name":"wp","href":"https:\/\/api.w.org\/{rel}","templated":true}]}}