{"id":120411,"date":"2025-12-19T08:17:09","date_gmt":"2025-12-19T08:17:09","guid":{"rendered":"https:\/\/www.europesays.com\/fi\/120411\/"},"modified":"2025-12-19T08:17:09","modified_gmt":"2025-12-19T08:17:09","slug":"jalkapallosuuruus-age-hareide-on-kuollut","status":"publish","type":"post","link":"https:\/\/www.europesays.com\/fi\/120411\/","title":{"rendered":"Jalkapallosuuruus \u00c5ge Hareide on kuollut"},"content":{"rendered":"<p>Norjalaisella jalkapallopersoonalla todettiin aivokasvain.<\/p>\n<p class=\"article-body mb-nof-24 px-nof-16\">Norjan yleisradioyhti\u00f6 NRK kertoi, ett\u00e4 maan jalkapallohistorian suurimpiin nimiin kuulunut <a class=\"article-personlink\" href=\"https:\/\/www.is.fi\/haku\/?query=%C3%85ge%20Hareide\" rel=\"nofollow noopener\" target=\"_blank\">\u00c5ge Hareide <\/a>on kuollut 72-vuotiaana.<\/p>\n<p class=\"article-body mb-nof-24 px-nof-16\">Suru-uutisen NRK:lle vahvisti h\u00e4nen poikansa <a class=\"article-personlink\" href=\"https:\/\/www.is.fi\/haku\/?query=Bendik%20Hareide\" rel=\"nofollow noopener\" target=\"_blank\">Bendik Hareide<\/a>.<\/p>\n<p class=\"article-body mb-nof-24 px-nof-16\">\u2013 Is\u00e4 nukkui pois kotona perheens\u00e4 ymp\u00e4r\u00f6im\u00e4n\u00e4. Nyt h\u00e4n on pelannut viimeisen ottelunsa. Olemme ikuisesti kiitollisia kaikesta rakkaudesta, jota olemme saaneet aikana, jolloin h\u00e4n oli sairas, sanoi Bendik Hareide sanoi <a class=\"article-genericlink\" href=\"https:\/\/www.nrk.no\/sport\/age-hareide-er-dod_-_-en-av-de-tre-store-1.17699210\" rel=\"nofollow noopener\" target=\"_blank\">NRK:lle<\/a>.<\/p>\n<p class=\"article-body mb-nof-24 px-nof-16\">Pelaaja- ja valmentajasuuruuden terveysongelmat alkoivat kes\u00e4ll\u00e4. Bendik Hareide kertoi viime kuussa julkisuuteen, ett\u00e4 h\u00e4nen is\u00e4ll\u00e4\u00e4n on aivokasvain.<\/p>\n<p class=\"article-body mb-nof-24 px-nof-16\">NRK:n urheilukommentaattori <a class=\"article-personlink\" href=\"https:\/\/www.is.fi\/haku\/?query=Jan%20Petter%20Saltvedt\" rel=\"nofollow noopener\" target=\"_blank\">Jan Petter Saltvedt<\/a> kertoi, ett\u00e4 pelaajauransa ja eritt\u00e4in laajan ja menestyksekk\u00e4\u00e4n valmentajauransa yhdistelm\u00e4 teki Hareidesta ainutlaatuisen.<\/p>\n<p class=\"article-body mb-nof-24 px-nof-16\">\u2013 Valmentajana Hareide on yksi kolmesta suuresta norjalaisen jalkapallohistorian henkil\u00f6st\u00e4 <a class=\"article-personlink\" href=\"https:\/\/www.is.fi\/haku\/?query=Egil%20Olsenin\" rel=\"nofollow noopener\" target=\"_blank\">Egil Olsenin<\/a> ja <a class=\"article-personlink\" href=\"https:\/\/www.is.fi\/haku\/?query=Nils%20Arne%20Eggenin\" rel=\"nofollow noopener\" target=\"_blank\">Nils Arne Eggenin<\/a> kanssa, Saltvedt sanoi.<\/p>\n<p class=\"article-body mb-nof-24 px-nof-16\">Hareiden valmentajaura p\u00e4\u00e4ttyi viime vuonna sen j\u00e4lkeen, kun h\u00e4n lopetti Islannin maajoukkueen luotsina. Norjan ja Islannin lis\u00e4ksi h\u00e4n valmensi Tanskan maajoukkuetta.<\/p>\n<p class=\"article-body mb-nof-24 px-nof-16\">Norjalaislegenda puki Norjan maajoukkuepaidan ylleen 50 ottelussa. H\u00e4n pelasi kotimaansa seurojen lis\u00e4ksi Englannissa Manchester Cityss\u00e4 ja Norwichissa.<\/p>\n","protected":false},"excerpt":{"rendered":"Norjalaisella jalkapallopersoonalla todettiin aivokasvain. Norjan yleisradioyhti\u00f6 NRK kertoi, ett\u00e4 maan jalkapallohistorian suurimpiin nimiin kuulunut \u00c5ge Hareide on kuollut&hellip;\n","protected":false},"author":2,"featured_media":120412,"comment_status":"","ping_status":"","sticky":false,"template":"","format":"standard","meta":{"footnotes":""},"categories":[14],"tags":[22,23,26,27,33,31,30,17,34,24,25,28,29,15,18,21,32,19,20,56,16,59,60,61],"class_list":{"0":"post-120411","1":"post","2":"type-post","3":"status-publish","4":"format-standard","5":"has-post-thumbnail","7":"category-ulkomaat","8":"tag-breaking-news","9":"tag-breakingnews","10":"tag-featured-news","11":"tag-featurednews","12":"tag-fi","13":"tag-finland","14":"tag-finnish","15":"tag-headlines","16":"tag-ilta-sanomat","17":"tag-latest-news","18":"tag-latestnews","19":"tag-main-news","20":"tag-mainnews","21":"tag-news","22":"tag-otsikot","23":"tag-paauutiset","24":"tag-suomi","25":"tag-top-stories","26":"tag-topstories","27":"tag-ulkomaat","28":"tag-uutiset","29":"tag-world","30":"tag-world-news","31":"tag-worldnews"},"share_on_mastodon":{"url":"https:\/\/pubeurope.com\/@fi\/115745249297308942","error":""},"_links":{"self":[{"href":"https:\/\/www.europesays.com\/fi\/wp-json\/wp\/v2\/posts\/120411","targetHints":{"allow":["GET"]}}],"collection":[{"href":"https:\/\/www.europesays.com\/fi\/wp-json\/wp\/v2\/posts"}],"about":[{"href":"https:\/\/www.europesays.com\/fi\/wp-json\/wp\/v2\/types\/post"}],"author":[{"embeddable":true,"href":"https:\/\/www.europesays.com\/fi\/wp-json\/wp\/v2\/users\/2"}],"replies":[{"embeddable":true,"href":"https:\/\/www.europesays.com\/fi\/wp-json\/wp\/v2\/comments?post=120411"}],"version-history":[{"count":0,"href":"https:\/\/www.europesays.com\/fi\/wp-json\/wp\/v2\/posts\/120411\/revisions"}],"wp:featuredmedia":[{"embeddable":true,"href":"https:\/\/www.europesays.com\/fi\/wp-json\/wp\/v2\/media\/120412"}],"wp:attachment":[{"href":"https:\/\/www.europesays.com\/fi\/wp-json\/wp\/v2\/media?parent=120411"}],"wp:term":[{"taxonomy":"category","embeddable":true,"href":"https:\/\/www.europesays.com\/fi\/wp-json\/wp\/v2\/categories?post=120411"},{"taxonomy":"post_tag","embeddable":true,"href":"https:\/\/www.europesays.com\/fi\/wp-json\/wp\/v2\/tags?post=120411"}],"curies":[{"name":"wp","href":"https:\/\/api.w.org\/{rel}","templated":true}]}}