{"id":120413,"date":"2025-12-19T08:18:10","date_gmt":"2025-12-19T08:18:10","guid":{"rendered":"https:\/\/www.europesays.com\/fi\/120413\/"},"modified":"2025-12-19T08:18:10","modified_gmt":"2025-12-19T08:18:10","slug":"turun-kauppahallissa-takana-ennatyksellinen-vuosi-kaynteja-lahes-miljoona","status":"publish","type":"post","link":"https:\/\/www.europesays.com\/fi\/120413\/","title":{"rendered":"Turun Kauppahallissa takana enn\u00e4tyksellinen vuosi \u2013 k\u00e4yntej\u00e4 l\u00e4hes miljoona"},"content":{"rendered":"<p>K\u00e4vij\u00e4m\u00e4\u00e4r\u00e4t ovat olleet korkealla l\u00e4pi vuoden ja vilkkaimmat p\u00e4iv\u00e4t ovat ker\u00e4nneet yli 5\u202f000 k\u00e4vij\u00e4\u00e4 saman katon alle.<strong>\u00a0<\/strong>Hallin joulukuu on ollut erityisen vilkas, ja k\u00e4vij\u00f6it\u00e4 ennustetaan kuukauden ajalle yli 100\u202f000.<\/p>\n<p>Erityisesti tapahtumien ja juhlapyhien yhteydess\u00e4 halli on toiminut el\u00e4v\u00e4n\u00e4 kohtaamispaikkana niin kaupunkilaisille kuin matkailijoille. Vuoden aikana Kauppahallissa on j\u00e4rjestetty tapahtumia ja teemap\u00e4ivi\u00e4, jotka ovat korostaneet hallin monimuotoista ja kansainv\u00e4list\u00e4 ilmapiiri\u00e4. Monipuolinen ruokakulttuuri ja vahva paikallinen identiteetti kohtaavat hallissa tavalla, joka heijastaa nykyp\u00e4iv\u00e4n kaupunkia ja sen el\u00e4v\u00e4\u00e4 arkea.<\/p>\n<p>Kauppahalli t\u00e4ytt\u00e4\u00e4 130 vuotta<\/p>\n<p>Tuleva vuosi on Kauppahallille erityinen. Edess\u00e4 on viimeinen kokonainen toimintavuosi nykyisiss\u00e4 tiloissa ennen peruskorjausta. Tuleva vuosi on merkityksellinen my\u00f6s historiallisesti: Kauppahalli t\u00e4ytt\u00e4\u00e4 ensi vuonna py\u00f6re\u00e4t 130 vuotta. Juhlavuosi osuu ainutlaatuisella tavalla yhteen hallin viimeisen toimintavuoden kanssa nykyisiss\u00e4 tiloissa ennen peruskorjausta.<\/p>\n<p>&#8211; Kauppahalli on ollut 130 vuoden ajan osa kaupunkilaisten arkea, juhlaa ja ruokakulttuuria. On hienoa n\u00e4hd\u00e4, ett\u00e4 halli el\u00e4\u00e4 juuri nyt vahvaa ja elinvoimaista aikaa. T\u00e4m\u00e4 vuosi luo hyv\u00e4n pohjan hallin tulevaan juhlavuoteen, kertoo Turun kaupungin kauppapaikkap\u00e4\u00e4llikk\u00f6 <strong>Hanna Sj\u00f6bring<\/strong>.<\/p>\n<p>Vuodenvaihteen l\u00e4hestyess\u00e4 katse on jo tulevassa: Kauppahalli jatkaa toimintaansa aktiivisesti my\u00f6s vuonna 2026 ja valmistautuu seuraavaan vaiheeseen historiassaan.<\/p>\n<p>&#8211; Edess\u00e4 on viel\u00e4 kokonainen vuosi tutussa Kauppahallissa, joka jo kipe\u00e4sti kaipaa perusteellista remonttia. Tehd\u00e4\u00e4n yhdess\u00e4 tulevastakin vuodesta hyv\u00e4 ja merkityksellinen, kannustaa Turun kauppahalliyhdistyksen puheenjohtaja <strong>Johan Hellsten<\/strong>.\u00a0<\/p>\n<p>&#8211; Sen j\u00e4lkeen voimme valmistautua muuttoon ja keskitty\u00e4 siihen, ett\u00e4 uudesta v\u00e4liaikaisesta Kauppahallista saadaan toimiva ja kaikille viihtyis\u00e4, Hellsten lis\u00e4\u00e4.<\/p>\n","protected":false},"excerpt":{"rendered":"K\u00e4vij\u00e4m\u00e4\u00e4r\u00e4t ovat olleet korkealla l\u00e4pi vuoden ja vilkkaimmat p\u00e4iv\u00e4t ovat ker\u00e4nneet yli 5\u202f000 k\u00e4vij\u00e4\u00e4 saman katon alle.\u00a0Hallin joulukuu&hellip;\n","protected":false},"author":2,"featured_media":120414,"comment_status":"","ping_status":"","sticky":false,"template":"","format":"standard","meta":{"footnotes":""},"categories":[12],"tags":[22,23,26,27,33,31,30,17,24,25,28,29,15,18,21,32,19,20,16],"class_list":{"0":"post-120413","1":"post","2":"type-post","3":"status-publish","4":"format-standard","5":"has-post-thumbnail","7":"category-suomi","8":"tag-breaking-news","9":"tag-breakingnews","10":"tag-featured-news","11":"tag-featurednews","12":"tag-fi","13":"tag-finland","14":"tag-finnish","15":"tag-headlines","16":"tag-latest-news","17":"tag-latestnews","18":"tag-main-news","19":"tag-mainnews","20":"tag-news","21":"tag-otsikot","22":"tag-paauutiset","23":"tag-suomi","24":"tag-top-stories","25":"tag-topstories","26":"tag-uutiset"},"share_on_mastodon":{"url":"https:\/\/pubeurope.com\/@fi\/115745253341747969","error":""},"_links":{"self":[{"href":"https:\/\/www.europesays.com\/fi\/wp-json\/wp\/v2\/posts\/120413","targetHints":{"allow":["GET"]}}],"collection":[{"href":"https:\/\/www.europesays.com\/fi\/wp-json\/wp\/v2\/posts"}],"about":[{"href":"https:\/\/www.europesays.com\/fi\/wp-json\/wp\/v2\/types\/post"}],"author":[{"embeddable":true,"href":"https:\/\/www.europesays.com\/fi\/wp-json\/wp\/v2\/users\/2"}],"replies":[{"embeddable":true,"href":"https:\/\/www.europesays.com\/fi\/wp-json\/wp\/v2\/comments?post=120413"}],"version-history":[{"count":0,"href":"https:\/\/www.europesays.com\/fi\/wp-json\/wp\/v2\/posts\/120413\/revisions"}],"wp:featuredmedia":[{"embeddable":true,"href":"https:\/\/www.europesays.com\/fi\/wp-json\/wp\/v2\/media\/120414"}],"wp:attachment":[{"href":"https:\/\/www.europesays.com\/fi\/wp-json\/wp\/v2\/media?parent=120413"}],"wp:term":[{"taxonomy":"category","embeddable":true,"href":"https:\/\/www.europesays.com\/fi\/wp-json\/wp\/v2\/categories?post=120413"},{"taxonomy":"post_tag","embeddable":true,"href":"https:\/\/www.europesays.com\/fi\/wp-json\/wp\/v2\/tags?post=120413"}],"curies":[{"name":"wp","href":"https:\/\/api.w.org\/{rel}","templated":true}]}}