{"id":120415,"date":"2025-12-19T08:19:09","date_gmt":"2025-12-19T08:19:09","guid":{"rendered":"https:\/\/www.europesays.com\/fi\/120415\/"},"modified":"2025-12-19T08:19:09","modified_gmt":"2025-12-19T08:19:09","slug":"pasilan-asemalle-ei-paase-enaa-lapi-yon","status":"publish","type":"post","link":"https:\/\/www.europesays.com\/fi\/120415\/","title":{"rendered":"Pasilan asemalle ei p\u00e4\u00e4se en\u00e4\u00e4 l\u00e4pi y\u00f6n"},"content":{"rendered":"<p>Asunnottomuus|My\u00f6s h\u00e4iri\u00f6k\u00e4ytt\u00e4ytyminen ja p\u00e4ihteist\u00e4 aiheutuvat ongelmat ovat lis\u00e4\u00e4ntyneet kauppakeskus Triplassa.<\/p>\n<p>Lue tiivistelm\u00e4<\/p>\n<p class=\"article-body mb-nof-24 px-nof-16 sndp-summary-bullet-point-font\">Pasilan asema on suljettu \u00f6isin kello 2\u20134 syyskuusta l\u00e4htien, jolloin junia ei liiku.<\/p>\n<p class=\"article-body mb-nof-24 px-nof-16 sndp-summary-bullet-point-font\">Kauppakeskus Triplan toimitusjohtaja P\u00e4ivi Salonen sanoo, ett\u00e4 muutoksella halutaan hillit\u00e4 asemalla y\u00f6pyvien asunnottomien m\u00e4\u00e4r\u00e4\u00e4.<\/p>\n<p class=\"article-body mb-nof-24 px-nof-16 sndp-summary-bullet-point-font\">Asunnottomien m\u00e4\u00e4r\u00e4 k\u00e4\u00e4ntyi kasvuun viime vuonna ensimm\u00e4ist\u00e4 kertaa yli 10 vuoteen Helsingiss\u00e4.<\/p>\n<p class=\"article-body mb-nof-24 px-nof-16 sndp-summary-bullet-point-font\">Kauppakeskuksessa on lis\u00e4tty vartiointia, koska h\u00e4iri\u00f6k\u00e4ytt\u00e4ytyminen ja ilkivalta ovat lis\u00e4\u00e4ntyneet.<\/p>\n<p class=\"article-body mb-nof-24 px-nof-16\">Kauppakeskus Triplassa sijaitsevan Pasilan aseman aukioloaikoja on supistettu vaivihkaa.<\/p>\n<p class=\"article-body mb-nof-24 px-nof-16\">Syyskuusta l\u00e4htien asema on suljettu aamu\u00f6isin kello 2\u20134 eli silloin, kun junia ei liiku. Samanlainen k\u00e4yt\u00e4nt\u00f6 on my\u00f6s Helsingin p\u00e4\u00e4\u00adrautatie\u00adasemalla.<\/p>\n<p class=\"article-body mb-nof-24 px-nof-16\">K\u00e4yt\u00e4nn\u00f6ss\u00e4 nykyisin Triplassa p\u00e4\u00e4see \u00f6isin liikkumaan vain ymp\u00e4ri vuorokauden aukioleviin liikkeisiin, kuten Alepaan tai Prismaan.<\/p>\n<p class=\"article-body mb-nof-24 px-nof-16\">\u201dAsemalla on k\u00e4yt\u00f6ss\u00e4 hyvin pienet kulkuv\u00e4yl\u00e4t, mist\u00e4 p\u00e4\u00e4see liikkeisiin asioimaan, mutta yleiset alueet eiv\u00e4t ole samalla tavalla en\u00e4\u00e4 vapaasti k\u00e4velt\u00e4viss\u00e4 kuin aikaisemmin\u201d, sanoo Triplan kauppakeskuksen toimitusjohtaja <a class=\"article-personlink\" href=\"https:\/\/www.hs.fi\/haku\/?query=P%C3%A4ivi%20Salonen\" rel=\"nofollow noopener\" target=\"_blank\">P\u00e4ivi Salonen<\/a>.<\/p>\n<p class=\"article-body mb-nof-24 px-nof-16\">Muutosta on tehty kes\u00e4n j\u00e4lkeen hiljalleen. Kauppakeskus on etsinyt ratkaisua, joka ei ty\u00f6llist\u00e4 vartijoita liikaa, sanoo Salonen.<\/p>\n<p class=\"article-body mb-nof-24 px-nof-16\">\u201dOn aikamoinen ponnistus sulkea n\u00e4it\u00e4 alueita.\u201d<\/p>\n<p class=\"article-body mb-nof-24 px-nof-16\">Aseman sulkemisella kauppakeskus on halunnut hillit\u00e4 tilassa y\u00f6pyvien asunnottomien m\u00e4\u00e4r\u00e4\u00e4.<\/p>\n<p class=\"article-body mb-nof-24 px-nof-16\">\u201dOllaan haluttu kannustaa asunnottomia hakeutumaan virallisiin paikkoihin, koska t\u00e4\u00e4ll\u00e4 ei voi nukkua\u201d, sanoo Salonen.<\/p>\n<p class=\"article-body mb-nof-24 px-nof-16\">Samasta syyst\u00e4 kauppakeskuksen istumapaikkoja on my\u00f6s hieman v\u00e4hennetty ja siirretty eri paikkoihin.<\/p>\n<p class=\"article-body mb-nof-24 px-nof-16\">\u201dJotta meill\u00e4 ei olisi sellaista tilaa, jossa voisi helposti y\u00f6t\u00e4ns\u00e4 viett\u00e4\u00e4.\u201d<\/p>\n<p class=\"article-body mb-nof-24 px-nof-16\"><a class=\"article-genericlink\" href=\"https:\/\/www.hs.fi\/helsinki\/art-2000011023124.html\" rel=\"nofollow noopener\" target=\"_blank\">Asunnottomien<\/a> m\u00e4\u00e4r\u00e4 k\u00e4\u00e4ntyi kasvuun viime vuonna ensimm\u00e4ist\u00e4 kertaa yli 10 vuoteen Helsingiss\u00e4.<\/p>\n<p class=\"article-body mb-nof-24 px-nof-16\">Lis\u00e4ksi h\u00e4iri\u00f6k\u00e4ytt\u00e4ytyminen, p\u00e4ihteiden k\u00e4yt\u00f6st\u00e4 aiheutuvat ongelmat ja ilkivalta ovat kauppakeskuksessa lis\u00e4\u00e4ntyneet, mik\u00e4 n\u00e4kyy etenkin liikkeiden ty\u00f6ntekij\u00f6ille. My\u00f6s n\u00e4pistysten luonne on muuttunut aikaisempaa r\u00f6yhke\u00e4mm\u00e4ksi.<\/p>\n<p class=\"article-body mb-nof-24 px-nof-16\">\u201dMeid\u00e4n n\u00e4k\u00f6kulmastamme p\u00e4ihteidenk\u00e4ytt\u00e4jien m\u00e4\u00e4r\u00e4 ei ole lis\u00e4\u00e4ntynyt, mutta k\u00e4yt\u00f6s on muuttunut toisenlaiseksi.\u201d<\/p>\n<p class=\"article-body mb-nof-24 px-nof-16\">Tilannetta rauhoittaakseen kauppakeskuksessa on lis\u00e4tty n\u00e4kyv\u00e4\u00e4 vartiointia.<\/p>\n<p class=\"article-body mb-nof-24 px-nof-16\">Salonen painottaa kuitenkin, ettei n\u00e4e asunnottomien ja \u00adv\u00e4lill\u00e4 yhteytt\u00e4.<\/p>\n<p class=\"article-body mb-nof-24 px-nof-16\">\u201dTutkimusten perusteella kuluttajien turvallisuuden tunne on koko kauppakeskusalalla hivenen heikentynyt ja meill\u00e4 siin\u00e4 samassa suhteessa, mutta mit\u00e4\u00e4n radikaalia muutosta ei ole tapahtunut.\u201d<\/p>\n<p class=\"article-body mb-nof-24 px-nof-16\">Poliisi tiedotti keskiviikkona tutkivansa <a class=\"article-genericlink\" href=\"https:\/\/www.hs.fi\/helsinki\/art-2000011698959.html\" rel=\"nofollow noopener\" target=\"_blank\">poikkeuksellisen suurta<\/a> nuorten ry\u00f6st\u00f6- ja pahoinpitely\u00adkokonaisuutta, jossa p\u00e4\u00e4osin maahanmuuttaja\u00adtaustaiset nuoret ovat ry\u00f6st\u00e4neet ja pahoinpidelleet ihmisi\u00e4 nuorten suosimissa paikoissa.<\/p>\n<p class=\"article-body mb-nof-24 px-nof-16\">Yksitt\u00e4isi\u00e4 tekoja oli tapahtunut my\u00f6s Triplan ja Kampin kauppakeskusten ulkopuolella.<\/p>\n<p class=\"article-body mb-nof-24 px-nof-16\">Salosen mukaan n\u00e4ill\u00e4 tapauksilla ei ole yhteytt\u00e4 Pasilan aseman aukioloaikojen muutoksiin.<\/p>\n","protected":false},"excerpt":{"rendered":"Asunnottomuus|My\u00f6s h\u00e4iri\u00f6k\u00e4ytt\u00e4ytyminen ja p\u00e4ihteist\u00e4 aiheutuvat ongelmat ovat lis\u00e4\u00e4ntyneet kauppakeskus Triplassa. Lue tiivistelm\u00e4 Pasilan asema on suljettu \u00f6isin kello&hellip;\n","protected":false},"author":2,"featured_media":120416,"comment_status":"","ping_status":"","sticky":false,"template":"","format":"standard","meta":{"footnotes":""},"categories":[5],"tags":[22,23,26,27,33,31,30,17,46,24,25,28,29,15,18,21,32,19,20,16],"class_list":{"0":"post-120415","1":"post","2":"type-post","3":"status-publish","4":"format-standard","5":"has-post-thumbnail","7":"category-otsikot","8":"tag-breaking-news","9":"tag-breakingnews","10":"tag-featured-news","11":"tag-featurednews","12":"tag-fi","13":"tag-finland","14":"tag-finnish","15":"tag-headlines","16":"tag-helsingin-sanomat","17":"tag-latest-news","18":"tag-latestnews","19":"tag-main-news","20":"tag-mainnews","21":"tag-news","22":"tag-otsikot","23":"tag-paauutiset","24":"tag-suomi","25":"tag-top-stories","26":"tag-topstories","27":"tag-uutiset"},"share_on_mastodon":{"url":"https:\/\/pubeurope.com\/@fi\/115745257267875911","error":""},"_links":{"self":[{"href":"https:\/\/www.europesays.com\/fi\/wp-json\/wp\/v2\/posts\/120415","targetHints":{"allow":["GET"]}}],"collection":[{"href":"https:\/\/www.europesays.com\/fi\/wp-json\/wp\/v2\/posts"}],"about":[{"href":"https:\/\/www.europesays.com\/fi\/wp-json\/wp\/v2\/types\/post"}],"author":[{"embeddable":true,"href":"https:\/\/www.europesays.com\/fi\/wp-json\/wp\/v2\/users\/2"}],"replies":[{"embeddable":true,"href":"https:\/\/www.europesays.com\/fi\/wp-json\/wp\/v2\/comments?post=120415"}],"version-history":[{"count":0,"href":"https:\/\/www.europesays.com\/fi\/wp-json\/wp\/v2\/posts\/120415\/revisions"}],"wp:featuredmedia":[{"embeddable":true,"href":"https:\/\/www.europesays.com\/fi\/wp-json\/wp\/v2\/media\/120416"}],"wp:attachment":[{"href":"https:\/\/www.europesays.com\/fi\/wp-json\/wp\/v2\/media?parent=120415"}],"wp:term":[{"taxonomy":"category","embeddable":true,"href":"https:\/\/www.europesays.com\/fi\/wp-json\/wp\/v2\/categories?post=120415"},{"taxonomy":"post_tag","embeddable":true,"href":"https:\/\/www.europesays.com\/fi\/wp-json\/wp\/v2\/tags?post=120415"}],"curies":[{"name":"wp","href":"https:\/\/api.w.org\/{rel}","templated":true}]}}