{"id":120424,"date":"2025-12-19T08:38:08","date_gmt":"2025-12-19T08:38:08","guid":{"rendered":"https:\/\/www.europesays.com\/fi\/120424\/"},"modified":"2025-12-19T08:38:08","modified_gmt":"2025-12-19T08:38:08","slug":"arviot-poytaan-sm-liigasta-loytyi-yksi-tayden-kympin-joukkue-aivan-poikkeuksellista-iltalehti","status":"publish","type":"post","link":"https:\/\/www.europesays.com\/fi\/120424\/","title":{"rendered":"Arviot p\u00f6yt\u00e4\u00e4n \u2013 SM-liigasta l\u00f6ytyi yksi t\u00e4yden kympin joukkue: &quot;Aivan poikkeuksellista&quot; &#8211; Iltalehti"},"content":{"rendered":"<ol>\n<li><a href=\"https:\/\/news.google.com\/rss\/articles\/CBMie0FVX3lxTE85cUZzM2FNTVR2OEMwS1JnQjZ6QzNXTUVJS0xIU1NwVFRGQ052eDVKY09PYjBVZ213cnFwUXZ2Y1VCTVJvNUZMY3RhT2U4dkNCdDRIc1BLSERweDF0aDhub0tPQXJYN0dfbjR2bzd3aU1GVkM4WFplNl85UQ?oc=5\" target=\"_blank\" rel=\"nofollow noopener\">Arviot p\u00f6yt\u00e4\u00e4n \u2013 SM-liigasta l\u00f6ytyi yksi t\u00e4yden kympin joukkue: &#8221;Aivan poikkeuksellista&#8221;<\/a>&nbsp;&nbsp;Iltalehti<\/li>\n<li><a href=\"https:\/\/news.google.com\/rss\/articles\/CBMiXkFVX3lxTE01ZVV0bkc4NEctdkcxaDhqdGdrOTBmc2tOOU9Zb3FUWTR6MEJWVDh6bXNxY2VqR19CN1hkWXdLQWJFY21ldEZNV3l3S2JMX2NNX1dxR3BsME5vVTU4NkE?oc=5\" target=\"_blank\" rel=\"nofollow noopener\">Mit\u00e4 ihmett\u00e4 SM-liigassa nyt tapahtuu? T\u00e4llaista ei ole n\u00e4hty ehk\u00e4 koskaan ennen<\/a>&nbsp;&nbsp;Ilta-Sanomat<\/li>\n<li><a href=\"https:\/\/news.google.com\/rss\/articles\/CBMixAFBVV95cUxQSzVoTERiLXQwVFJzZnN6ZUZZUFBJLWJQNm9qODh0c3ZIUHRxMFVSV0JIWDAzT21VQnNzdGxyQUI1R3NaRUxOcXNGaGFFcEdVS00zZDdvU2UyRDU4UnNuZENuX0w1V2lTbGVGOWMyb3M2TXlIdlRUb3ZhMS1ET0ZFRXBfT3hjTk9BRmE3Ql9kX0FXQU9xQUVocU03T3RMVTVYajh3Z1BZOVBiVEZ6LXdzRnQ5R2J5RzMwejdCTDV5VmgteVI5?oc=5\" target=\"_blank\" rel=\"nofollow noopener\">Koivu, Summanen ja Ruuttu saavat seuraa? SM-liigassa tekeill\u00e4 legendaarinen suoritus<\/a>&nbsp;&nbsp;mtvuutiset.fi<\/li>\n<li><a href=\"https:\/\/news.google.com\/rss\/articles\/CBMihAFBVV95cUxPSmZialJQaWsyaGNRd2VwczZyWDhaSk51ZWM3MTFFS2JhWmhtSjl0VEJLY3FHR09nM1d1bFBqUlQ2WmVOZVE3QVFpNHlMbmE0ckJXMXNReThsNjlqQ18xdndRVko0RUN0VFBmYnN6TzdUT3h3UjhZakhvSFYwWXNEQ0ctang?oc=5\" target=\"_blank\" rel=\"nofollow noopener\">Lightningin varaama Rautiainen tekee tulosta historiallisessa tahdissa<\/a>&nbsp;&nbsp;NHL.com<\/li>\n<li><a href=\"https:\/\/news.google.com\/rss\/articles\/CBMiQkFVX3lxTE9WZ3k1c1YxcDFFX09CcWQ5blVUcVE1ODJFbXE3Vk4xT0NSWHpFcW4tQVkwVnUxNXdFVlY3VWdOOFNDQQ?oc=5\" target=\"_blank\" rel=\"nofollow noopener\">Tapparan nuori t\u00e4hti k\u00e4sitt\u00e4m\u00e4tt\u00f6m\u00e4ss\u00e4 84 pisteen tahdissa \u2013 porilaisilla karmiva viikonloppu SM-liigassa<\/a>&nbsp;&nbsp;Yle<\/li>\n<\/ol>\n","protected":false},"excerpt":{"rendered":"Arviot p\u00f6yt\u00e4\u00e4n \u2013 SM-liigasta l\u00f6ytyi yksi t\u00e4yden kympin joukkue: &#8221;Aivan poikkeuksellista&#8221;&nbsp;&nbsp;Iltalehti Mit\u00e4 ihmett\u00e4 SM-liigassa nyt tapahtuu? T\u00e4llaista ei&hellip;\n","protected":false},"author":2,"featured_media":120425,"comment_status":"","ping_status":"","sticky":false,"template":"","format":"standard","meta":{"footnotes":""},"categories":[158],"tags":[1144,5442,33,31,30,1143,12032,1390,1146,16240,159,4686,32,160],"class_list":{"0":"post-120424","1":"post","2":"type-post","3":"status-publish","4":"format-standard","5":"has-post-thumbnail","7":"category-urheilu","8":"tag-ammattilaisjaakiekko","9":"tag-behind-the-scenes","10":"tag-fi","11":"tag-finland","12":"tag-finnish","13":"tag-jaakiekko","14":"tag-julkkis","15":"tag-kuukausi","16":"tag-miesten-jaakiekko","17":"tag-selvitys","18":"tag-sports","19":"tag-suomen-jaakiekko","20":"tag-suomi","21":"tag-urheilu"},"share_on_mastodon":{"url":"https:\/\/pubeurope.com\/@fi\/115745331920375676","error":""},"_links":{"self":[{"href":"https:\/\/www.europesays.com\/fi\/wp-json\/wp\/v2\/posts\/120424","targetHints":{"allow":["GET"]}}],"collection":[{"href":"https:\/\/www.europesays.com\/fi\/wp-json\/wp\/v2\/posts"}],"about":[{"href":"https:\/\/www.europesays.com\/fi\/wp-json\/wp\/v2\/types\/post"}],"author":[{"embeddable":true,"href":"https:\/\/www.europesays.com\/fi\/wp-json\/wp\/v2\/users\/2"}],"replies":[{"embeddable":true,"href":"https:\/\/www.europesays.com\/fi\/wp-json\/wp\/v2\/comments?post=120424"}],"version-history":[{"count":0,"href":"https:\/\/www.europesays.com\/fi\/wp-json\/wp\/v2\/posts\/120424\/revisions"}],"wp:featuredmedia":[{"embeddable":true,"href":"https:\/\/www.europesays.com\/fi\/wp-json\/wp\/v2\/media\/120425"}],"wp:attachment":[{"href":"https:\/\/www.europesays.com\/fi\/wp-json\/wp\/v2\/media?parent=120424"}],"wp:term":[{"taxonomy":"category","embeddable":true,"href":"https:\/\/www.europesays.com\/fi\/wp-json\/wp\/v2\/categories?post=120424"},{"taxonomy":"post_tag","embeddable":true,"href":"https:\/\/www.europesays.com\/fi\/wp-json\/wp\/v2\/tags?post=120424"}],"curies":[{"name":"wp","href":"https:\/\/api.w.org\/{rel}","templated":true}]}}