{"id":120431,"date":"2025-12-19T08:43:11","date_gmt":"2025-12-19T08:43:11","guid":{"rendered":"https:\/\/www.europesays.com\/fi\/120431\/"},"modified":"2025-12-19T08:43:11","modified_gmt":"2025-12-19T08:43:11","slug":"donald-trump-kertoi-historiallisesta-tempauksesta-sita-pilkataan","status":"publish","type":"post","link":"https:\/\/www.europesays.com\/fi\/120431\/","title":{"rendered":"Donald Trump kertoi historiallisesta tempauksesta \u2013 Sit\u00e4 pilkataan"},"content":{"rendered":"<p>Valkoinen talo is\u00e4nn\u00f6i ensi vuonna historiallisia kilpailuja.<\/p>\n<p><img decoding=\"async\" class=\"image image-show image-preview\" src=\"https:\/\/www.europesays.com\/fi\/wp-content\/uploads\/2025\/12\/1766133790_384_f339e0d715dbd69f070b3f2f84b74c77863468e88ec6182ad0bda0cb0228a645.jpg\" alt=\"\"\/><img decoding=\"async\" class=\"image image-show\" src=\"https:\/\/www.europesays.com\/fi\/wp-content\/uploads\/2025\/12\/1766133791_76_f339e0d715dbd69f070b3f2f84b74c77863468e88ec6182ad0bda0cb0228a645.jpg\" alt=\"\"\/><\/p>\n<p>Donald Trump kertoi isoista uutisista. EPA\/AOP<\/p>\n<p class=\"paragraph\">Yhdysvaltojen presidentti <strong>Donald Trump<\/strong> aikoo j\u00e4rjest\u00e4\u00e4 mahtipontiset kilpailut ensi vuonna Yhdysvaltojen 250-vuotissyntym\u00e4p\u00e4iv\u00e4n kunniaksi.<\/p>\n<p class=\"paragraph\">Kilpailu kantaa nime\u00e4 \u201dPatriot Games\u201d. Kilpailuun osallistuu nuoria urheilijoita ymp\u00e4ri maata.<\/p>\n<p class=\"paragraph\">\u2013 Syksyll\u00e4 j\u00e4rjest\u00e4mme historian ensimm\u00e4iset Patriot Games -kilpailut. Ennenn\u00e4kem\u00e4tt\u00f6m\u00e4ss\u00e4 urheilutapahtumassa kilpailevat parhaat lukiourheilijat. Yksi nuori mies ja yksi nuori nainen jokaisesti osavaltiosta, Trump sanoi <a href=\"https:\/\/edition.cnn.com\/2025\/12\/18\/politics\/patriot-games-announcement-trump\" rel=\"noopener nofollow\" target=\"_blank\">CNN:n<\/a> mukaan.<\/p>\n<p class=\"paragraph\">Demokraatit ovat pilkanneet Valkoisen talon is\u00e4nn\u00f6im\u00e4\u00e4 kilpailua verkossa. He vertasivat kilpailua \u201dN\u00e4lk\u00e4peliin\u201d, joka on dystooppinen elokuvasarja ja nuortenromaani, jossa alaik\u00e4iset arvotaan taistelemaan televisioidulla areenalla kuolemaan asti.<\/p>\n<p class=\"paragraph\">Trump paljasti suunnitelmansa Freedom 250 -hankkeen yhteydess\u00e4. Hanketta kuvataan tiedotteessa \u201dkansalliseksi puolueettomaksi organisaatioksi, joka johtaa hallinnon Yhdysvaltojen 250-vuotisjuhlien j\u00e4rjest\u00e4mist\u00e4\u201d.<\/p>\n<p class=\"paragraph\">Trump kertoi my\u00f6s suunnittelevansa kaarimonumentin rakennuttamista Washingtoniin.<\/p>\n<p class=\"paragraph\">\u2013 Olemme ainoa merkitt\u00e4v\u00e4 paikka, jossa ei ole voitonkaartia. Kaunis voitonkaari, sellainen kuin Pariisissa. Meille tulee sellainen Washingtoniin hyvin pian, h\u00e4n paalutti.<\/p>\n<p class=\"paragraph\">Trump on aiemmin kertonut suunnittelevansa UFC-tapahtumaa Valkoisen talon tontille.<\/p>\n<p class=\"paragraph\">\u2013 Lipun p\u00e4iv\u00e4n\u00e4 j\u00e4rjest\u00e4mme ainutlaatuisen UFC-tapahtuman t\u00e4\u00e4ll\u00e4 Valkoisessa talossa. Maailman parhaat mestaritaistelijat ottelevat kaikki samana iltana. Suuri Dana White is\u00e4nn\u00f6i tapahtumaa, h\u00e4n kertoi.<\/p>\n","protected":false},"excerpt":{"rendered":"Valkoinen talo is\u00e4nn\u00f6i ensi vuonna historiallisia kilpailuja. Donald Trump kertoi isoista uutisista. EPA\/AOP Yhdysvaltojen presidentti Donald Trump aikoo&hellip;\n","protected":false},"author":2,"featured_media":120432,"comment_status":"","ping_status":"","sticky":false,"template":"","format":"standard","meta":{"footnotes":""},"categories":[14],"tags":[35,22,23,26,27,33,31,30,17,24,25,28,29,15,18,21,142,637,144,32,19,20,56,16,638,59,60,61,143],"class_list":{"0":"post-120431","1":"post","2":"type-post","3":"status-publish","4":"format-standard","5":"has-post-thumbnail","7":"category-ulkomaat","8":"tag-24h","9":"tag-breaking-news","10":"tag-breakingnews","11":"tag-featured-news","12":"tag-featurednews","13":"tag-fi","14":"tag-finland","15":"tag-finnish","16":"tag-headlines","17":"tag-latest-news","18":"tag-latestnews","19":"tag-main-news","20":"tag-mainnews","21":"tag-news","22":"tag-otsikot","23":"tag-paauutiset","24":"tag-poliitikot","25":"tag-politiikka","26":"tag-presidentti","27":"tag-suomi","28":"tag-top-stories","29":"tag-topstories","30":"tag-ulkomaat","31":"tag-uutiset","32":"tag-valtiovalta","33":"tag-world","34":"tag-world-news","35":"tag-worldnews","36":"tag-yhdysvaltain-politiikka"},"share_on_mastodon":{"url":"https:\/\/pubeurope.com\/@fi\/115745351855522455","error":""},"_links":{"self":[{"href":"https:\/\/www.europesays.com\/fi\/wp-json\/wp\/v2\/posts\/120431","targetHints":{"allow":["GET"]}}],"collection":[{"href":"https:\/\/www.europesays.com\/fi\/wp-json\/wp\/v2\/posts"}],"about":[{"href":"https:\/\/www.europesays.com\/fi\/wp-json\/wp\/v2\/types\/post"}],"author":[{"embeddable":true,"href":"https:\/\/www.europesays.com\/fi\/wp-json\/wp\/v2\/users\/2"}],"replies":[{"embeddable":true,"href":"https:\/\/www.europesays.com\/fi\/wp-json\/wp\/v2\/comments?post=120431"}],"version-history":[{"count":0,"href":"https:\/\/www.europesays.com\/fi\/wp-json\/wp\/v2\/posts\/120431\/revisions"}],"wp:featuredmedia":[{"embeddable":true,"href":"https:\/\/www.europesays.com\/fi\/wp-json\/wp\/v2\/media\/120432"}],"wp:attachment":[{"href":"https:\/\/www.europesays.com\/fi\/wp-json\/wp\/v2\/media?parent=120431"}],"wp:term":[{"taxonomy":"category","embeddable":true,"href":"https:\/\/www.europesays.com\/fi\/wp-json\/wp\/v2\/categories?post=120431"},{"taxonomy":"post_tag","embeddable":true,"href":"https:\/\/www.europesays.com\/fi\/wp-json\/wp\/v2\/tags?post=120431"}],"curies":[{"name":"wp","href":"https:\/\/api.w.org\/{rel}","templated":true}]}}