{"id":120451,"date":"2025-12-19T09:10:09","date_gmt":"2025-12-19T09:10:09","guid":{"rendered":"https:\/\/www.europesays.com\/fi\/120451\/"},"modified":"2025-12-19T09:10:09","modified_gmt":"2025-12-19T09:10:09","slug":"yrittajat-eduskunnalta-merkittava-paatos-irtisanomiskynnys-alentuu-stt-info","status":"publish","type":"post","link":"https:\/\/www.europesays.com\/fi\/120451\/","title":{"rendered":"Yritt\u00e4j\u00e4t: Eduskunnalta merkitt\u00e4v\u00e4 p\u00e4\u00e4t\u00f6s \u2013 irtisanomiskynnys alentuu &#8211; STT Info"},"content":{"rendered":"<ol>\n<li><a href=\"https:\/\/news.google.com\/rss\/articles\/CBMiywFBVV95cUxOYjRNbTB4TVFIaF9ROG0ycG1NSHpkUXhzSHpybmRfNUkxVkk1VDNKOUNIdkI5SVZzMHhwQ2hGaU1GaXI3d2dlNjNIUFl6UlUzRUJoX2YwNmRHdlpOdmZXbnhiQi1CcjdhS2V4cG9aeVgzM3NPTGZPbm5mX0hkV1ktNmpLX1ZsWm9ocG1fRk44UkVhU3BqUzdjYmhfU1hqdjRNRU5zRWhnSEZUa0M2emRicTU3M0d6LU1FNDNmWTRtWXNvNDdMMWpRQmhmVQ?oc=5\" target=\"_blank\" rel=\"nofollow noopener\">Yritt\u00e4j\u00e4t: Eduskunnalta merkitt\u00e4v\u00e4 p\u00e4\u00e4t\u00f6s \u2013 irtisanomiskynnys alentuu<\/a>&nbsp;&nbsp;STT Info<\/li>\n<li><a href=\"https:\/\/news.google.com\/rss\/articles\/CBMiQkFVX3lxTFBib1N1c1pkQVpxYzR6VXZIRmtSVHAyLS12a0xaNi12RUltcFpEaHVrUXlOWGFVUnhHWTQ4T0hzRGRFdw?oc=5\" target=\"_blank\" rel=\"nofollow noopener\">Eduskunta hyv\u00e4ksyi potkulain &#8211; demariedustaja \u00e4\u00e4nesti hallituksen kannan puolesta<\/a>&nbsp;&nbsp;Yle<\/li>\n<li><a href=\"https:\/\/news.google.com\/rss\/articles\/CBMikgFBVV95cUxQM3V0Y2c3S25HWC0wNjZJeHNTb0dTRmVuXzZQb0UwUlZmYWVqdll4LUIwVnFxTkpNU29USFNsMmNDZlRJb2w4U09EQ1hfblpTbWUtenhEeUpJYjM3X0JIaVhTTlN5QVRGTWJ6NFM3c2VvOERHWHY2dTQ5WUtTUVFrbldpcVhhejRrbmVFUG52cnVOZw?oc=5\" target=\"_blank\" rel=\"nofollow noopener\">SDP:n kapinallinen \u00e4\u00e4nesti hallituksen mukana<\/a>&nbsp;&nbsp;Verkkouutiset<\/li>\n<li><a href=\"https:\/\/news.google.com\/rss\/articles\/CBMie0FVX3lxTE9CSzNXT001ZjQzNFBIaFdtMm80TEJLaG83aUpQNXQ4N2EwS1puQ2t3SnVENHpuMUNjWUdfZFM4SWpseTlJSHNwaUk1NWMySXJoc0RTY0dXZ0lMbGc2UzdEbHZJMXA3dGdHODd0SWtob2NXeXg0OUF6WURZdw?oc=5\" target=\"_blank\" rel=\"nofollow noopener\">Eduskunnalta sinetti: Potkujen saamista koskeva laki muuttuu 1.1.2026<\/a>&nbsp;&nbsp;Uusi Suomi<\/li>\n<li><a href=\"https:\/\/news.google.com\/rss\/articles\/CBMiVkFVX3lxTE9zWExfVlh3WDB1cTZvN2U2VzFyUDRKN21PM0l4dWdZb2hkczJoRVR4Rl9EWFAxZHVDeGVfa3BCcnpDS2VfeDZuMDFzTHItQi1IdEVXX3Rn?oc=5\" target=\"_blank\" rel=\"nofollow noopener\">Eduskunta hyv\u00e4ksyi potkulain \u2013 demariedustaja \u00e4\u00e4nesti hallituksen kannan puolesta<\/a>&nbsp;&nbsp;Etel\u00e4-Suomen Sanomat<\/li>\n<\/ol>\n","protected":false},"excerpt":{"rendered":"Yritt\u00e4j\u00e4t: Eduskunnalta merkitt\u00e4v\u00e4 p\u00e4\u00e4t\u00f6s \u2013 irtisanomiskynnys alentuu&nbsp;&nbsp;STT Info Eduskunta hyv\u00e4ksyi potkulain &#8211; demariedustaja \u00e4\u00e4nesti hallituksen kannan puolesta&nbsp;&nbsp;Yle SDP:n&hellip;\n","protected":false},"author":2,"featured_media":120452,"comment_status":"","ping_status":"","sticky":false,"template":"","format":"standard","meta":{"footnotes":""},"categories":[12],"tags":[22,23,26,27,33,31,30,17,24,25,28,29,15,18,21,32,19,20,16],"class_list":{"0":"post-120451","1":"post","2":"type-post","3":"status-publish","4":"format-standard","5":"has-post-thumbnail","7":"category-suomi","8":"tag-breaking-news","9":"tag-breakingnews","10":"tag-featured-news","11":"tag-featurednews","12":"tag-fi","13":"tag-finland","14":"tag-finnish","15":"tag-headlines","16":"tag-latest-news","17":"tag-latestnews","18":"tag-main-news","19":"tag-mainnews","20":"tag-news","21":"tag-otsikot","22":"tag-paauutiset","23":"tag-suomi","24":"tag-top-stories","25":"tag-topstories","26":"tag-uutiset"},"share_on_mastodon":{"url":"https:\/\/pubeurope.com\/@fi\/115745457719970484","error":""},"_links":{"self":[{"href":"https:\/\/www.europesays.com\/fi\/wp-json\/wp\/v2\/posts\/120451","targetHints":{"allow":["GET"]}}],"collection":[{"href":"https:\/\/www.europesays.com\/fi\/wp-json\/wp\/v2\/posts"}],"about":[{"href":"https:\/\/www.europesays.com\/fi\/wp-json\/wp\/v2\/types\/post"}],"author":[{"embeddable":true,"href":"https:\/\/www.europesays.com\/fi\/wp-json\/wp\/v2\/users\/2"}],"replies":[{"embeddable":true,"href":"https:\/\/www.europesays.com\/fi\/wp-json\/wp\/v2\/comments?post=120451"}],"version-history":[{"count":0,"href":"https:\/\/www.europesays.com\/fi\/wp-json\/wp\/v2\/posts\/120451\/revisions"}],"wp:featuredmedia":[{"embeddable":true,"href":"https:\/\/www.europesays.com\/fi\/wp-json\/wp\/v2\/media\/120452"}],"wp:attachment":[{"href":"https:\/\/www.europesays.com\/fi\/wp-json\/wp\/v2\/media?parent=120451"}],"wp:term":[{"taxonomy":"category","embeddable":true,"href":"https:\/\/www.europesays.com\/fi\/wp-json\/wp\/v2\/categories?post=120451"},{"taxonomy":"post_tag","embeddable":true,"href":"https:\/\/www.europesays.com\/fi\/wp-json\/wp\/v2\/tags?post=120451"}],"curies":[{"name":"wp","href":"https:\/\/api.w.org\/{rel}","templated":true}]}}