{"id":120472,"date":"2025-12-19T09:49:11","date_gmt":"2025-12-19T09:49:11","guid":{"rendered":"https:\/\/www.europesays.com\/fi\/120472\/"},"modified":"2025-12-19T09:49:11","modified_gmt":"2025-12-19T09:49:11","slug":"pepe-willbergin-tormayksesta-uutta-tietoa","status":"publish","type":"post","link":"https:\/\/www.europesays.com\/fi\/120472\/","title":{"rendered":"Pepe Willbergin t\u00f6rm\u00e4yksest\u00e4 uutta tietoa"},"content":{"rendered":"<p>Pepe Willbergiin yhdistetyn kolarin tutkinta on edennyt. <\/p>\n<p><img decoding=\"async\" class=\"image image-show image-preview\" src=\"https:\/\/www.europesays.com\/fi\/wp-content\/uploads\/2025\/12\/d0fc3f8e41652de5ee026e7c255a86f5f4d4a570c7ab5a506764de3fde77c605.jpg\" alt=\"\"\/><img decoding=\"async\" class=\"image image-show\" src=\"https:\/\/www.europesays.com\/fi\/wp-content\/uploads\/2025\/12\/1765629668_523_d0fc3f8e41652de5ee026e7c255a86f5f4d4a570c7ab5a506764de3fde77c605.jpg\" alt=\"\"\/><\/p>\n<p>Pepe Willberg kommentoi tapausta aiemmin Facebookissa.  Atte Kajova<\/p>\n<p class=\"paragraph\">Laulaja <a href=\"https:\/\/www.iltalehti.fi\/henkilot\/Pepe Willberg\" class=\"article-link-person-page\" rel=\"nofollow noopener\" target=\"_blank\">Pepe Willbergiin<\/a> liitetyn henkil\u00f6auton ja py\u00f6r\u00e4ilij\u00e4n v\u00e4lisen kolarin tutkinta etenee.<\/p>\n<p class=\"paragraph\">Tapauksen tutkinnanjohtaja, rikoskomisario <strong>Lasse Manninen<\/strong> kertoo Iltalehdelle, ett\u00e4 poliisi on kuullut tapauksen asianomistajaa eli py\u00f6r\u00e4ilij\u00e4\u00e4 sek\u00e4 yht\u00e4 todistajaa. Ep\u00e4ilty\u00e4 eli henkil\u00f6autoa kuljettanutta Willbergi\u00e4 ei ole viel\u00e4 kuulusteltu.<\/p>\n<p class=\"paragraph\">\u2013 H\u00e4net on kontaktoitu, mutta ei h\u00e4nt\u00e4 ei ole viel\u00e4 kuulusteltu, Manninen sanoo.<\/p>\n<p class=\"paragraph\">Py\u00f6r\u00e4ilij\u00e4\u00e4 on Mannisen mukaan kuulusteltu tiistaina. H\u00e4n sai tiett\u00e4v\u00e4sti viel\u00e4 tiistaina sairaalahoitoa vammoihinsa.<\/p>\n<p class=\"paragraph\">\u2013 H\u00e4n oli edelleen sairaalassa hoidettavana. Silloin annettujen tietojen mukaan h\u00e4n joutuisi olemaan sairaalassa viel\u00e4 joitain p\u00e4ivi\u00e4.<\/p>\n<p class=\"paragraph\">Uusista tiedoista kertoi ensimm\u00e4isen\u00e4 <a href=\"https:\/\/www.is.fi\/viihde\/art-2000011704004.html\" rel=\"noopener nofollow\" target=\"_blank\">Ilta-Sanomat<\/a>.<\/p>\n<p class=\"paragraph\">Onnettomuus tapahtui perjantaina 12. joulukuuta Helsingin Alppilassa. Tapausta tutkitaan t\u00f6rke\u00e4n\u00e4 liikenneturvallisuuden vaarantamisena ja vammantuottamuksena.<\/p>\n<p class=\"paragraph\">Tutkintanimikkeeksi lis\u00e4ttiin vammantuottamus, sill\u00e4 katsottiin, ett\u00e4 asianomistajalle aiheutui tapauksessa \u201dv\u00e4h\u00e4ist\u00e4 suuremmat vammat\u201d.<\/p>\n<p class=\"paragraph\">T\u00e4h\u00e4n tietoon Willbergi\u00e4 p\u00e4\u00e4st\u00e4\u00e4n kuulemaan tapauksesta ensi vuoden puolella.<\/p>\n<p class=\"paragraph\">Pepe Willberg ja h\u00e4nen vaimonsa <strong>Pauliina Visuri-Willberg<\/strong> kertoivat tapauksesta <a href=\"https:\/\/www.iltalehti.fi\/viihdeuutiset\/ec1da25d-6813-409d-a438-a6ec81333a11\" rel=\"nofollow noopener\" target=\"_blank\">Iltalehdelle<\/a> viime lauantaina.<\/p>\n<p class=\"paragraph\">\u2013 Sen verran tiedet\u00e4\u00e4n ja voidaan todistaa, ett\u00e4 auton takaoveen on tullut naarmu ja ett\u00e4 Pepe ei ole todellakaan ajanut kenenk\u00e4\u00e4n yli ja j\u00e4tt\u00e4nyt ihmist\u00e4 sinne, sanoi Pauliina Visuri-Willberg Iltalehdelle.<\/p>\n<p class=\"paragraph\">\u2013 Jos se olisi ollut kova t\u00f6rm\u00e4ys, kuten jossain hirvikolarissa, niin autossa olisi lommo, mutta siin\u00e4 ei ole sit\u00e4k\u00e4\u00e4n. Nyt on puhuttu, ett\u00e4 Pepe olisi aiheuttanut kolarin. Se on kova syyt\u00f6s. Olemme sit\u00e4 mielt\u00e4, ett\u00e4 joku on ajanut autoomme pahki ja siten vahingoittanut sit\u00e4, h\u00e4n jatkoi.<\/p>\n<p class=\"paragraph\">Pepe Willberg kertoi tapahtuneesta aiemmin my\u00f6s Facebookissa.<\/p>\n<p class=\"paragraph\">\u2013 Tiedoksi, ett\u00e4 en ole t\u00f6rm\u00e4nnyt, enk\u00e4 ajanut kenenk\u00e4\u00e4n yli. Tunsin raapaisu\u00e4\u00e4nen, mutta en havainnut mit\u00e4\u00e4n, h\u00e4n kirjoitti.<\/p>\n<p class=\"paragraph\">\u2013 Autossa oli pieni naarmu takaoven kohdalla, kun poliisi otti yhteytt\u00e4. Aurinko h\u00e4ik\u00e4isi, joten nopeuteni oli hiljainen. Valot olivat vihre\u00e4t. En n\u00e4hnyt peileist\u00e4 mit\u00e4\u00e4n erikoista. En tajunnut, ett\u00e4 jotain olisi tapahtunut.<\/p>\n","protected":false},"excerpt":{"rendered":"Pepe Willbergiin yhdistetyn kolarin tutkinta on edennyt. Pepe Willberg kommentoi tapausta aiemmin Facebookissa. Atte Kajova Laulaja Pepe Willbergiin&hellip;\n","protected":false},"author":2,"featured_media":120473,"comment_status":"","ping_status":"","sticky":false,"template":"","format":"standard","meta":{"footnotes":""},"categories":[136],"tags":[35,407,137,33,31,30,408,121,990,54,52,32,128,109],"class_list":{"0":"post-120472","1":"post","2":"type-post","3":"status-publish","4":"format-standard","5":"has-post-thumbnail","7":"category-julkkikset","8":"tag-24h","9":"tag-celebrities","10":"tag-entertainment","11":"tag-fi","12":"tag-finland","13":"tag-finnish","14":"tag-julkkikset","15":"tag-liikenne-ja-kuljetus","16":"tag-liikenneonnettomuudet","17":"tag-pelastuspalvelut","18":"tag-poliisi","19":"tag-suomi","20":"tag-tieliikenne","21":"tag-viihde"},"share_on_mastodon":{"url":"https:\/\/pubeurope.com\/@fi\/115745611162468273","error":""},"_links":{"self":[{"href":"https:\/\/www.europesays.com\/fi\/wp-json\/wp\/v2\/posts\/120472","targetHints":{"allow":["GET"]}}],"collection":[{"href":"https:\/\/www.europesays.com\/fi\/wp-json\/wp\/v2\/posts"}],"about":[{"href":"https:\/\/www.europesays.com\/fi\/wp-json\/wp\/v2\/types\/post"}],"author":[{"embeddable":true,"href":"https:\/\/www.europesays.com\/fi\/wp-json\/wp\/v2\/users\/2"}],"replies":[{"embeddable":true,"href":"https:\/\/www.europesays.com\/fi\/wp-json\/wp\/v2\/comments?post=120472"}],"version-history":[{"count":0,"href":"https:\/\/www.europesays.com\/fi\/wp-json\/wp\/v2\/posts\/120472\/revisions"}],"wp:featuredmedia":[{"embeddable":true,"href":"https:\/\/www.europesays.com\/fi\/wp-json\/wp\/v2\/media\/120473"}],"wp:attachment":[{"href":"https:\/\/www.europesays.com\/fi\/wp-json\/wp\/v2\/media?parent=120472"}],"wp:term":[{"taxonomy":"category","embeddable":true,"href":"https:\/\/www.europesays.com\/fi\/wp-json\/wp\/v2\/categories?post=120472"},{"taxonomy":"post_tag","embeddable":true,"href":"https:\/\/www.europesays.com\/fi\/wp-json\/wp\/v2\/tags?post=120472"}],"curies":[{"name":"wp","href":"https:\/\/api.w.org\/{rel}","templated":true}]}}