{"id":120478,"date":"2025-12-19T09:57:12","date_gmt":"2025-12-19T09:57:12","guid":{"rendered":"https:\/\/www.europesays.com\/fi\/120478\/"},"modified":"2025-12-19T09:57:12","modified_gmt":"2025-12-19T09:57:12","slug":"ylen-toimittaja-julkaisi-karuja-kuvia-kehostaan-tv-ohjelman-jalkeen-laakarilta-tiukka-kielto","status":"publish","type":"post","link":"https:\/\/www.europesays.com\/fi\/120478\/","title":{"rendered":"Ylen toimittaja julkaisi karuja kuvia kehostaan tv-ohjelman j\u00e4lkeen \u2013 L\u00e4\u00e4k\u00e4rilt\u00e4 tiukka kielto"},"content":{"rendered":"<p>Ylen urheilutoimittaja Noora Toivo on jakanut Instagramiinsa tunnelmia Erikoisjoukot-rupeaman j\u00e4lkeen.<\/p>\n<p><img decoding=\"async\" class=\"image image-show image-preview\" src=\"https:\/\/www.europesays.com\/fi\/wp-content\/uploads\/2025\/10\/72aca80653314a9f908e83d341360b94835b56382635e1efd14b96e31e250028.jpg\" alt=\"\"\/><img decoding=\"async\" class=\"image image-show\" src=\"https:\/\/www.europesays.com\/fi\/wp-content\/uploads\/2025\/10\/1759510989_297_72aca80653314a9f908e83d341360b94835b56382635e1efd14b96e31e250028.jpg\" alt=\"\"\/><\/p>\n<p>Noora Toivo oli yksi Erikoisjoukot-kokelaista. Jenni G\u00e4stgivar<\/p>\n<p class=\"paragraph\">Erikoisjoukot-ohjelma p\u00e4\u00e4ttyi eilen. Finaaliin asti p\u00e4\u00e4siv\u00e4t urheilutoimittaja <a href=\"https:\/\/www.iltalehti.fi\/henkilot\/Noora Toivo\" class=\"article-link-person-page\" rel=\"nofollow noopener\" target=\"_blank\">Noora Toivo<\/a>, ministeri <a href=\"https:\/\/www.iltalehti.fi\/henkilot\/Mika Poutala\" class=\"article-link-person-page\" rel=\"nofollow noopener\" target=\"_blank\">Mika Poutala<\/a> (kd), ex-nyrkkeilij\u00e4 <a href=\"https:\/\/www.iltalehti.fi\/henkilot\/Robert Helenius\" class=\"article-link-person-page\" rel=\"nofollow noopener\" target=\"_blank\">Robert Helenius<\/a> ja salibandypelaaja <a href=\"https:\/\/www.iltalehti.fi\/henkilot\/Nico Salo\" class=\"article-link-person-page\" rel=\"nofollow noopener\" target=\"_blank\">Nico Salo<\/a>.<\/p>\n<p class=\"paragraph\">Toivo on jakanut finaalijakson j\u00e4lkeen Instagram-tililleen tunnelmia sen j\u00e4lkeen, kun palasi leirilt\u00e4 kotiin. Uusimmassa Instagram-julkaisussaan Toivo esittelee mustelmia, joita h\u00e4nen kehonsa oli t\u00e4ynn\u00e4 Erikoisjoukot-rupeaman j\u00e4lkeen.<\/p>\n<p class=\"paragraph\">\u2013 Mustelmat on siis jo l\u00e4hes parantunut eli olin ihan todella paljon pahemmilla mustelmilla. Mun jalat oli aivan sairaan n\u00e4k\u00f6iset siell\u00e4 uimap\u00e4iv\u00e4n\u00e4, kun n\u00e4in ne peilist\u00e4, Toivo kuvailee julkaisussaan.<\/p>\n<p class=\"paragraph\">Jos julkaisu ei n\u00e4y, voit katsoa sen <a href=\"https:\/\/www.instagram.com\/p\/DSb3exsiFrA\/?img_index=1\" rel=\"noopener nofollow\" target=\"_blank\">t\u00e4st\u00e4 linkist\u00e4<\/a>.<\/p>\n<p class=\"paragraph\">Toivo kertoo my\u00f6s muista kehossaan tapahtuneista muutoksista leirin j\u00e4lkeen.<\/p>\n<p class=\"paragraph\">\u2013 Painoa l\u00e4hti leirill\u00e4 nelj\u00e4 kiloa ja viel\u00e4 seuraavan 3 viikon aikana l\u00e4hti kaksi kiloa, vaikka s\u00f6in jatkuvasti roskaruokaa. N\u00e4l\u00e4n tunne kesti melkein kuukauden, Toivo toteaa.<\/p>\n<p class=\"paragraph\">Toivo kertoo my\u00f6s, ett\u00e4 Erikoisjoukot-l\u00e4\u00e4k\u00e4ri soitti h\u00e4nelle ohjelman j\u00e4lkeen.<\/p>\n<p class=\"paragraph\">\u2013 L\u00e4\u00e4k\u00e4ri Antti soitti mulle viel\u00e4 ja sanoi, ett\u00e4 kolmen viikon liikkumiskielto tuli leirin j\u00e4lkeen, koska oli sen verran raju setti meik\u00e4n kropalle, Toivo kertoo.<\/p>\n<p class=\"paragraph\">Toivon koettelemukset eiv\u00e4t j\u00e4\u00e4 t\u00e4h\u00e4n.<\/p>\n<p class=\"paragraph\">Aiemmin Toivo kuvaili toisessa Instagram-julkaisussaan Erikoisjoukot-kokemusta \u201del\u00e4m\u00e4ns\u00e4 rankimmaksi setiksi\u201d. Samalla h\u00e4n kertoi asioista, joita ohjelman j\u00e4lkeen j\u00e4i k\u00e4teen. Toivo kertoo muun muassa, ett\u00e4 leirin j\u00e4lkeen h\u00e4nell\u00e4 ep\u00e4iltiin keuhkoveritulppaa.<\/p>\n<p class=\"paragraph\">Jos julkaisu ei n\u00e4y, voit katsoa sen <a href=\"https:\/\/www.instagram.com\/p\/DSZu3HmCPVU\/\" rel=\"noopener nofollow\" target=\"_blank\">t\u00e4st\u00e4 linkist\u00e4<\/a>.<\/p>\n<p class=\"paragraph\">Finaalijaksossa kokelaat joutuivat ensin hypp\u00e4\u00e4m\u00e4\u00e4n lentokoneesta, suunnistamaan kahden tunnin aikarajassa kouluttaja <a href=\"https:\/\/www.iltalehti.fi\/henkilot\/Janne Lehtonen\" class=\"article-link-person-page\" rel=\"nofollow noopener\" target=\"_blank\">Janne Lehtosen<\/a> luokse ja jatkamaan seuraaville teht\u00e4v\u00e4alueille. Toivo ep\u00e4onnistui l\u00f6yt\u00e4m\u00e4\u00e4n paikalle annetussa aikarajassa, jolloin h\u00e4n joutui ensimm\u00e4isen\u00e4 kotimatkalle.<\/p>\n<p class=\"paragraph\">Ainut leirin l\u00e4p\u00e4issyt henkil\u00f6 oli Mika Poutala.<\/p>\n<p><script async src=\"\/\/www.instagram.com\/embed.js\"><\/script><\/p>\n","protected":false},"excerpt":{"rendered":"Ylen urheilutoimittaja Noora Toivo on jakanut Instagramiinsa tunnelmia Erikoisjoukot-rupeaman j\u00e4lkeen. Noora Toivo oli yksi Erikoisjoukot-kokelaista. Jenni G\u00e4stgivar Erikoisjoukot-ohjelma&hellip;\n","protected":false},"author":2,"featured_media":52392,"comment_status":"","ping_status":"","sticky":false,"template":"","format":"standard","meta":{"footnotes":""},"categories":[130],"tags":[35,137,33,31,30,1391,2111,41,764,32,765,167,109],"class_list":{"0":"post-120478","1":"post","2":"type-post","3":"status-publish","4":"format-standard","5":"has-post-thumbnail","7":"category-viihde","8":"tag-24h","9":"tag-entertainment","10":"tag-fi","11":"tag-finland","12":"tag-finnish","13":"tag-ihmisten-ja-elainten-ruumiit","14":"tag-kuntourheilu","15":"tag-liikunta-ja-urheilu","16":"tag-sairaudet","17":"tag-suomi","18":"tag-taudit-ja-hairiot","19":"tag-terveys","20":"tag-viihde"},"share_on_mastodon":{"url":"https:\/\/pubeurope.com\/@fi\/115745643028213639","error":""},"_links":{"self":[{"href":"https:\/\/www.europesays.com\/fi\/wp-json\/wp\/v2\/posts\/120478","targetHints":{"allow":["GET"]}}],"collection":[{"href":"https:\/\/www.europesays.com\/fi\/wp-json\/wp\/v2\/posts"}],"about":[{"href":"https:\/\/www.europesays.com\/fi\/wp-json\/wp\/v2\/types\/post"}],"author":[{"embeddable":true,"href":"https:\/\/www.europesays.com\/fi\/wp-json\/wp\/v2\/users\/2"}],"replies":[{"embeddable":true,"href":"https:\/\/www.europesays.com\/fi\/wp-json\/wp\/v2\/comments?post=120478"}],"version-history":[{"count":0,"href":"https:\/\/www.europesays.com\/fi\/wp-json\/wp\/v2\/posts\/120478\/revisions"}],"wp:featuredmedia":[{"embeddable":true,"href":"https:\/\/www.europesays.com\/fi\/wp-json\/wp\/v2\/media\/52392"}],"wp:attachment":[{"href":"https:\/\/www.europesays.com\/fi\/wp-json\/wp\/v2\/media?parent=120478"}],"wp:term":[{"taxonomy":"category","embeddable":true,"href":"https:\/\/www.europesays.com\/fi\/wp-json\/wp\/v2\/categories?post=120478"},{"taxonomy":"post_tag","embeddable":true,"href":"https:\/\/www.europesays.com\/fi\/wp-json\/wp\/v2\/tags?post=120478"}],"curies":[{"name":"wp","href":"https:\/\/api.w.org\/{rel}","templated":true}]}}