{"id":120479,"date":"2025-12-19T10:00:12","date_gmt":"2025-12-19T10:00:12","guid":{"rendered":"https:\/\/www.europesays.com\/fi\/120479\/"},"modified":"2025-12-19T10:00:12","modified_gmt":"2025-12-19T10:00:12","slug":"administer-ja-numera-palvelut-ovat-allekirjoittaneet-kauppakirjan-sarastian-hyvinvointialueasiakkaiden-talous-ja-palkkahallintoliiketoiminnan-ostamisesta","status":"publish","type":"post","link":"https:\/\/www.europesays.com\/fi\/120479\/","title":{"rendered":"Administer ja Numera Palvelut ovat allekirjoittaneet kauppakirjan Sarastian hyvinvointialueasiakkaiden talous- ja palkkahallintoliiketoiminnan ostamisesta"},"content":{"rendered":"<p><strong><\/p>\n<p>Administer Oyj Lehdist\u00f6tiedote 19.12.2025 klo 11.45<\/p>\n<p><\/strong><\/p>\n<p>Administer kertoi 16.10.2025 aiesopimuksen allekirjoittamisesta koskien liiketoimintakauppaa Sarastian (Numera Palvelut Oy) hyvinvointialueasiakkaiden talous- ja palkkahallintoliiketoiminnan ostamisesta. Administer ja Numera Palvelut Oy ovat t\u00e4n\u00e4\u00e4n 19.12.2025 allekirjoittaneet kauppasopimuksen Numeran yhti\u00f6kokouksen hyv\u00e4ksytty\u00e4 kaupan 18.12.2025. \u00a0<\/p>\n<p>Kaupan lopullinen toteutuminen edellytt\u00e4\u00e4 viel\u00e4 kilpailuviranomaisen hyv\u00e4ksynn\u00e4n, ja kaupan arvioidaan vahvistuvan l\u00e4hikuukausina.<\/p>\n<p>Lis\u00e4tiedot:<br \/>Kimmo Herranen, toimitusjohtaja, Administer Oyj, puh. 050 560 6322, <a href=\"https:\/\/www.sttinfo.fi\/tiedote\/71705131\/mailto:kimmo.herranen@administer.fi\" rel=\"nofollow noopener\" target=\"_blank\">kimmo.herranen@administer.fi<\/a><\/p>\n","protected":false},"excerpt":{"rendered":"Administer Oyj Lehdist\u00f6tiedote 19.12.2025 klo 11.45 Administer kertoi 16.10.2025 aiesopimuksen allekirjoittamisesta koskien liiketoimintakauppaa Sarastian (Numera Palvelut Oy) hyvinvointialueasiakkaiden&hellip;\n","protected":false},"author":2,"featured_media":120480,"comment_status":"","ping_status":"","sticky":false,"template":"","format":"standard","meta":{"footnotes":""},"categories":[76],"tags":[79,77,33,31,30,32,78],"class_list":{"0":"post-120479","1":"post","2":"type-post","3":"status-publish","4":"format-standard","5":"has-post-thumbnail","7":"category-talous","8":"tag-business","9":"tag-economy","10":"tag-fi","11":"tag-finland","12":"tag-finnish","13":"tag-suomi","14":"tag-talous"},"share_on_mastodon":{"url":"https:\/\/pubeurope.com\/@fi\/115745654542928787","error":""},"_links":{"self":[{"href":"https:\/\/www.europesays.com\/fi\/wp-json\/wp\/v2\/posts\/120479","targetHints":{"allow":["GET"]}}],"collection":[{"href":"https:\/\/www.europesays.com\/fi\/wp-json\/wp\/v2\/posts"}],"about":[{"href":"https:\/\/www.europesays.com\/fi\/wp-json\/wp\/v2\/types\/post"}],"author":[{"embeddable":true,"href":"https:\/\/www.europesays.com\/fi\/wp-json\/wp\/v2\/users\/2"}],"replies":[{"embeddable":true,"href":"https:\/\/www.europesays.com\/fi\/wp-json\/wp\/v2\/comments?post=120479"}],"version-history":[{"count":0,"href":"https:\/\/www.europesays.com\/fi\/wp-json\/wp\/v2\/posts\/120479\/revisions"}],"wp:featuredmedia":[{"embeddable":true,"href":"https:\/\/www.europesays.com\/fi\/wp-json\/wp\/v2\/media\/120480"}],"wp:attachment":[{"href":"https:\/\/www.europesays.com\/fi\/wp-json\/wp\/v2\/media?parent=120479"}],"wp:term":[{"taxonomy":"category","embeddable":true,"href":"https:\/\/www.europesays.com\/fi\/wp-json\/wp\/v2\/categories?post=120479"},{"taxonomy":"post_tag","embeddable":true,"href":"https:\/\/www.europesays.com\/fi\/wp-json\/wp\/v2\/tags?post=120479"}],"curies":[{"name":"wp","href":"https:\/\/api.w.org\/{rel}","templated":true}]}}